{"id":1986,"date":"2021-04-27T10:45:00","date_gmt":"2021-04-27T08:45:00","guid":{"rendered":"https:\/\/new2.ghibli.hu\/?p=1986"},"modified":"2021-04-27T10:45:00","modified_gmt":"2021-04-27T08:45:00","slug":"dedikalt-logisztikai-kozpont-jon-letre-cegcsoportunk-kozremukodesevel","status":"publish","type":"post","link":"https:\/\/ghibli.hu\/en\/blog\/dedikalt-logisztikai-kozpont-jon-letre-cegcsoportunk-kozremukodesevel\/","title":{"rendered":"Dedik\u00e1lt logisztikai k\u00f6zpont j\u00f6n l\u00e9tre c\u00e9gcsoportunk k\u00f6zrem\u0171k\u00f6d\u00e9s\u00e9vel."},"content":{"rendered":"<p>A Budapest Airport, a k\u00ednai Csengcsou (Zhengzhou) repter\u00e9nek \u00fczemeltet\u0151je, a Henan Airport Group \u00e9s a CECZ k\u00ednai-magyar \u00fczleti \u00e9s logisztikai fejleszt\u0151 v\u00e1llalat dedik\u00e1lt logisztikai k\u00f6zpontok megnyit\u00e1s\u00e1r\u00f3l k\u00f6t\u00f6ttek meg\u00e1llapod\u00e1st 2021. \u00e1prilis 27-\u00e9n a Liszt Ferenc Nemzetk\u00f6zi rep\u00fcl\u0151t\u00e9ren.<br \/>\nAz esem\u00e9nyen r\u00e9szt vett Dr. Mos\u00f3czi L\u00e1szl\u00f3, az Innov\u00e1ci\u00f3s \u00e9s Technol\u00f3giai Miniszt\u00e9rium k\u00f6zleked\u00e9spolitik\u00e1\u00e9rt felel\u0151s \u00e1llamtitk\u00e1ra, Kang Sengcsen (Shengzhen), a Henan Airport Group eln\u00f6ke, Chris Dinsdale, a Budapest Airport vez\u00e9rigazgat\u00f3ja, valamint Wu Jiang a CECZ vez\u00e9rigazgat\u00f3ja \u00e9s Szab\u00f3 Zolt\u00e1n a Ghibli C\u00e9gcsoport \u00fcgyvezet\u0151 igazgat\u00f3ja is.<\/p>\n<p>Az egy\u00fcttm\u0171k\u00f6d\u00e9s az \u201cEgy \u00f6vezet, egy \u00fat\u201d kezdem\u00e9nyez\u00e9s r\u00e9sze, amely sor\u00e1n kialak\u00edtj\u00e1k az \u00daj (l\u00e9gi) Selyemutat.<\/p>\n<p><img decoding=\"async\" width=\"800\" height=\"533\" src=\"https:\/\/ghibli.hu\/wp-content\/uploads\/2022\/01\/7.jpg\" alt=\"\" loading=\"lazy\" srcset=\"https:\/\/ghibli.hu\/wp-content\/uploads\/2022\/01\/7.jpg 800w, https:\/\/ghibli.hu\/wp-content\/uploads\/2022\/01\/7-300x200.jpg 300w, https:\/\/ghibli.hu\/wp-content\/uploads\/2022\/01\/7-768x512.jpg 768w\" sizes=\"auto, (max-width: 800px) 100vw, 800px\" title=\"\"><\/p>\n<p>A meg\u00e1llapod\u00e1s r\u00e9szek\u00e9nt a CECZ szervez\u00e9s\u00e9ben tavaly okt\u00f3berben Csengcsou (Zhengzhou, CGO) \u00e9s Budapest k\u00f6z\u00f6tt k\u00f6zvetlen \u00e1rusz\u00e1ll\u00edt\u00f3 j\u00e1rat indult, amely heti h\u00e1rom alkalommal k\u00f6zlekedett. A l\u00e9gi kapcsolat 2021 m\u00e1rcius v\u00e9g\u00e9n tov\u00e1bbi heti k\u00e9t j\u00e1ratra b\u0151v\u00fclt, ami m\u00e1jusban heti 9 j\u00e1ratra n\u0151.<\/p>\n<p>A k\u00e9t rep\u00fcl\u0151t\u00e9ren dedik\u00e1lt rakt\u00e1rak seg\u00edts\u00e9g\u00e9vel val\u00f3sul meg a k\u00ednai export-import \u00e1ruk eloszt\u00e1sa. Csengcsouban 2021 febru\u00e1rj\u00e1ban adt\u00e1k \u00e1t a Budapest Exkluz\u00edv Tengerent\u00fali Termin\u00e1lt, Budapesten pedig az \u00faj Zhengzhout.<\/p>\n<p>A projekt azonban itt m\u00e9g nem \u00e9rt v\u00e9get, folyamatos t\u00e1rgyal\u00e1sok zajlanak a hazai rept\u00e9ren megval\u00f3s\u00edtand\u00f3 k\u00ednai gy\u0171jt\u0151-eloszt\u00f3 b\u00e1zis kialak\u00edt\u00e1s\u00e1r\u00f3l, amely \u00e9vente t\u00f6bb sz\u00e1zezer tonna \u00e1ru kezel\u00e9s\u00e9t tenn\u00e9 lehet\u0151v\u00e9, hozz\u00e1j\u00e1rulva az ahhoz k\u00f6t\u0151d\u0151 l\u00e9gi\u00e1ru-forgalom fejl\u0151d\u00e9shez.<\/p>\n<p>A meg\u00e1llapod\u00e1s m\u00e1sik kiemelked\u0151 fontoss\u00e1g\u00fa eredm\u00e9nye, hogy az Alibaba logisztikai v\u00e1llalata, a Cainiao Kelet-K\u00f6z\u00e9p-Eur\u00f3pa l\u00e9gi\u00e1ru-eloszt\u00f3k\u00f6zpontjak\u00e9nt jel\u00f6lte meg a Budapest Airportot. Ebben a h\u00f3napban meg is indultak az els\u0151 sz\u00e1ll\u00edt\u00e1sok, m\u00e1r indul\u00e1sk\u00e9nt napi t\u00f6bb t\u00edz tonna \u00e1ru (t\u00f6bb t\u00edzezer k\u00fcldem\u00e9ny) jelent meg a Liszt Ferenc-rep\u00fcl\u0151t\u00e9ren, a j\u00f6v\u0151ben pedig enn\u00e9l is nagyobb mennyis\u00e9g v\u00e1rhat\u00f3.<\/p>\n<p>Tov\u00e1bbi inform\u00e1ci\u00f3: <a href=\"https:\/\/www.bud.hu\/budapest_airport\/media\/hirek\/aktualis_sajtokozlemenyek\/alairtak_a_megallapodast_letrejon_a_kinai_magyar_legi_selyemut_kinai_logisztikai_bazis_epulhet_a_budapesti_repuloteren.html\" target=\"_blank\" rel=\"noopener\">itt<\/a><\/p>\n","protected":false},"excerpt":{"rendered":"<p>A Budapest Airport, a k\u00ednai Csengcsou (Zhengzhou) repter\u00e9nek \u00fczemeltet\u0151je, a Henan Airport Group \u00e9s a CECZ k\u00ednai-magyar \u00fczleti \u00e9s logisztikai fejleszt\u0151 v\u00e1llalat dedik\u00e1lt logisztikai k\u00f6zpontok megnyit\u00e1s\u00e1r\u00f3l k\u00f6t\u00f6ttek meg\u00e1llapod\u00e1st 2021. \u00e1prilis 27-\u00e9n a Liszt Ferenc Nemzetk\u00f6zi rep\u00fcl\u0151t\u00e9ren. Az esem\u00e9nyen r\u00e9szt vett Dr. Mos\u00f3czi L\u00e1szl\u00f3, az Innov\u00e1ci\u00f3s \u00e9s Technol\u00f3giai Miniszt\u00e9rium k\u00f6zleked\u00e9spolitik\u00e1\u00e9rt felel\u0151s \u00e1llamtitk\u00e1ra, Kang Sengcsen (Shengzhen), a&#8230;<\/p>\n","protected":false},"author":2,"featured_media":1988,"comment_status":"open","ping_status":"open","sticky":false,"template":"elementor_header_footer","format":"standard","meta":{"_acf_changed":false,"footnotes":""},"categories":[40],"tags":[],"class_list":["post-1986","post","type-post","status-publish","format-standard","has-post-thumbnail","hentry","category-blog"],"acf":[],"_links":{"self":[{"href":"https:\/\/ghibli.hu\/en\/wp-json\/wp\/v2\/posts\/1986","targetHints":{"allow":["GET"]}}],"collection":[{"href":"https:\/\/ghibli.hu\/en\/wp-json\/wp\/v2\/posts"}],"about":[{"href":"https:\/\/ghibli.hu\/en\/wp-json\/wp\/v2\/types\/post"}],"author":[{"embeddable":true,"href":"https:\/\/ghibli.hu\/en\/wp-json\/wp\/v2\/users\/2"}],"replies":[{"embeddable":true,"href":"https:\/\/ghibli.hu\/en\/wp-json\/wp\/v2\/comments?post=1986"}],"version-history":[{"count":0,"href":"https:\/\/ghibli.hu\/en\/wp-json\/wp\/v2\/posts\/1986\/revisions"}],"wp:featuredmedia":[{"embeddable":true,"href":"https:\/\/ghibli.hu\/en\/wp-json\/wp\/v2\/media\/1988"}],"wp:attachment":[{"href":"https:\/\/ghibli.hu\/en\/wp-json\/wp\/v2\/media?parent=1986"}],"wp:term":[{"taxonomy":"category","embeddable":true,"href":"https:\/\/ghibli.hu\/en\/wp-json\/wp\/v2\/categories?post=1986"},{"taxonomy":"post_tag","embeddable":true,"href":"https:\/\/ghibli.hu\/en\/wp-json\/wp\/v2\/tags?post=1986"}],"curies":[{"name":"wp","href":"https:\/\/api.w.org\/{rel}","templated":true}]}}