{"id":2002,"date":"2021-11-16T11:50:00","date_gmt":"2021-11-16T10:50:00","guid":{"rendered":"https:\/\/new2.ghibli.hu\/?p=2002"},"modified":"2021-11-16T11:50:00","modified_gmt":"2021-11-16T10:50:00","slug":"a-supply-chain-monitor-magazin-novemberi-cimlapjan-a-ghibli-alapito-tulajdonosa-szabo-zoltan-akivel-egy-hosszabb-interjut-is-keszitett-a-lap","status":"publish","type":"post","link":"https:\/\/ghibli.hu\/en\/blog\/a-supply-chain-monitor-magazin-novemberi-cimlapjan-a-ghibli-alapito-tulajdonosa-szabo-zoltan-akivel-egy-hosszabb-interjut-is-keszitett-a-lap\/","title":{"rendered":"A Supply Chain Monitor magazin novemberi c\u00edmlapj\u00e1n, a Ghibli alap\u00edt\u00f3-tulajdonosa, Szab\u00f3 Zolt\u00e1n, akivel egy hosszabb interj\u00fat is k\u00e9sz\u00edtett a lap"},"content":{"rendered":"<p>A Ghibli alap\u00edt\u00e1s\u00e1r\u00f3l, a kezdeti id\u0151szakr\u00f3l \u00e9s a fejl\u0151d\u00e9s fontosabb m\u00e9rf\u00f6ldk\u00f6veir\u0151l is r\u00e9szletesen besz\u00e9l \u00fcgyvezet\u0151nk. Kider\u00fcl tov\u00e1bb\u00e1, hogy mi kellett ahhoz, hogy a Ghibli v\u00e9gezze a Liszt Ferenc Nemzetk\u00f6zi Rep\u00fcl\u0151t\u00e9r v\u00e1mkezel\u00e9si darabsz\u00e1m\u00e1nak t\u00f6bb mint 90 %-\u00e1t \u00e9s hogy milyen tov\u00e1bbi fejleszt\u00e9seket \u00e9s b\u0151v\u00edt\u00e9seket tervez a c\u00e9g a j\u00f6v\u0151re vonatkoz\u00f3an, mind a lebonyol\u00edtott forgalom, mind pedig a rakt\u00e1rkapacit\u00e1s tekintet\u00e9ben.<\/p>\n<p><img decoding=\"async\" width=\"750\" height=\"520\" src=\"https:\/\/ghibli.hu\/wp-content\/uploads\/2022\/01\/5.jpeg\" alt=\"\" loading=\"lazy\" srcset=\"https:\/\/ghibli.hu\/wp-content\/uploads\/2022\/01\/5.jpeg 750w, https:\/\/ghibli.hu\/wp-content\/uploads\/2022\/01\/5-300x208.jpeg 300w\" sizes=\"auto, (max-width: 750px) 100vw, 750px\" title=\"\"><\/p>\n<p>A teljes cikket a lenti linkre kattintva olvashatod el: <a href=\"https:\/\/www.scmonitor.hu\/cikk\/20211115\/melto-a-nevehez\" target=\"_blank\" rel=\"noopener\">itt<\/a><\/p>\n","protected":false},"excerpt":{"rendered":"<p>A Ghibli alap\u00edt\u00e1s\u00e1r\u00f3l, a kezdeti id\u0151szakr\u00f3l \u00e9s a fejl\u0151d\u00e9s fontosabb m\u00e9rf\u00f6ldk\u00f6veir\u0151l is r\u00e9szletesen besz\u00e9l \u00fcgyvezet\u0151nk. Kider\u00fcl tov\u00e1bb\u00e1, hogy mi kellett ahhoz, hogy a Ghibli v\u00e9gezze a Liszt Ferenc Nemzetk\u00f6zi Rep\u00fcl\u0151t\u00e9r v\u00e1mkezel\u00e9si darabsz\u00e1m\u00e1nak t\u00f6bb mint 90 %-\u00e1t \u00e9s hogy milyen tov\u00e1bbi fejleszt\u00e9seket \u00e9s b\u0151v\u00edt\u00e9seket tervez a c\u00e9g a j\u00f6v\u0151re vonatkoz\u00f3an, mind a lebonyol\u00edtott forgalom, mind pedig&#8230;<\/p>\n","protected":false},"author":2,"featured_media":2004,"comment_status":"open","ping_status":"open","sticky":false,"template":"elementor_header_footer","format":"standard","meta":{"_acf_changed":false,"footnotes":""},"categories":[40],"tags":[],"class_list":["post-2002","post","type-post","status-publish","format-standard","has-post-thumbnail","hentry","category-blog"],"acf":[],"_links":{"self":[{"href":"https:\/\/ghibli.hu\/en\/wp-json\/wp\/v2\/posts\/2002","targetHints":{"allow":["GET"]}}],"collection":[{"href":"https:\/\/ghibli.hu\/en\/wp-json\/wp\/v2\/posts"}],"about":[{"href":"https:\/\/ghibli.hu\/en\/wp-json\/wp\/v2\/types\/post"}],"author":[{"embeddable":true,"href":"https:\/\/ghibli.hu\/en\/wp-json\/wp\/v2\/users\/2"}],"replies":[{"embeddable":true,"href":"https:\/\/ghibli.hu\/en\/wp-json\/wp\/v2\/comments?post=2002"}],"version-history":[{"count":0,"href":"https:\/\/ghibli.hu\/en\/wp-json\/wp\/v2\/posts\/2002\/revisions"}],"wp:featuredmedia":[{"embeddable":true,"href":"https:\/\/ghibli.hu\/en\/wp-json\/wp\/v2\/media\/2004"}],"wp:attachment":[{"href":"https:\/\/ghibli.hu\/en\/wp-json\/wp\/v2\/media?parent=2002"}],"wp:term":[{"taxonomy":"category","embeddable":true,"href":"https:\/\/ghibli.hu\/en\/wp-json\/wp\/v2\/categories?post=2002"},{"taxonomy":"post_tag","embeddable":true,"href":"https:\/\/ghibli.hu\/en\/wp-json\/wp\/v2\/tags?post=2002"}],"curies":[{"name":"wp","href":"https:\/\/api.w.org\/{rel}","templated":true}]}}