{"id":2012,"date":"2021-10-25T11:57:00","date_gmt":"2021-10-25T09:57:00","guid":{"rendered":"https:\/\/new2.ghibli.hu\/?p=2012"},"modified":"2021-10-25T11:57:00","modified_gmt":"2021-10-25T09:57:00","slug":"tovabb-bovul-a-cecz-cegcsoport-es-a-ghibli-56-000-negyzetmeteres-teruleten-indul-okosraktar-beruhazas-vacon","status":"publish","type":"post","link":"https:\/\/ghibli.hu\/en\/blog\/tovabb-bovul-a-cecz-cegcsoport-es-a-ghibli-56-000-negyzetmeteres-teruleten-indul-okosraktar-beruhazas-vacon\/","title":{"rendered":"Tov\u00e1bb b\u0151v\u00fcl a CECZ c\u00e9gcsoport \u00e9s a Ghibli! 56.000 n\u00e9gyzetm\u00e9teres ter\u00fcleten indul okosrakt\u00e1r-beruh\u00e1z\u00e1s V\u00e1con."},"content":{"rendered":"<p>A k\u00ednai CECZ c\u00e9gcsoport 27 milli\u00e1rd forintos rakt\u00e1rberuh\u00e1z\u00e1st ind\u00edt V\u00e1con. Az E-kereskedelmi Ipari \u00e9s Logisztikai Park mintegy 56 ezer n\u00e9gyzetm\u00e9ternyi ter\u00fcleten val\u00f3sul meg, a fejleszt\u00e9st cs\u00fct\u00f6rt\u00f6k\u00f6n mutatt\u00e1k be a helysz\u00ednen. A beruh\u00e1z\u00f3 az \u00d3budai Egyetemmel \u00e9s a BME-vel is egy\u00fcttm\u0171k\u00f6dik, melynek keretei k\u00f6zt a hallgat\u00f3k ak\u00e1r K\u00edn\u00e1ig is eljuthatnak \u00f6szt\u00f6nd\u00edjjal.<\/p>\n<p>R\u00e9tv\u00e1ri Bence, a t\u00e9rs\u00e9g orsz\u00e1ggy\u0171l\u00e9si k\u00e9pvisel\u0151je a nemzetgazdas\u00e1gi szempontb\u00f3l kiemelt jelent\u0151s\u00e9g\u0171 beruh\u00e1z\u00e1s kapcs\u00e1n arra h\u00edvta fel a figyelmet, hogy a 27 milli\u00e1rd forintos fejleszt\u00e9s az \u00e9vtized legnagyobb beruh\u00e1z\u00e1sa a v\u00e1rosban. Hozz\u00e1tette, a beruh\u00e1z\u00e1s nemcsak munkahelyeket teremt, hanem helyi ipar\u0171z\u00e9si ad\u00f3bev\u00e9telt is hoz a k\u00f6vetkez\u0151 \u00e9vtizedekben.<\/p>\n<p><img decoding=\"async\" width=\"1125\" height=\"633\" src=\"https:\/\/ghibli.hu\/wp-content\/uploads\/2022\/01\/4.jpg\" alt=\"\" loading=\"lazy\" srcset=\"https:\/\/ghibli.hu\/wp-content\/uploads\/2022\/01\/4.jpg 1125w, https:\/\/ghibli.hu\/wp-content\/uploads\/2022\/01\/4-300x169.jpg 300w, https:\/\/ghibli.hu\/wp-content\/uploads\/2022\/01\/4-1024x576.jpg 1024w, https:\/\/ghibli.hu\/wp-content\/uploads\/2022\/01\/4-768x432.jpg 768w\" sizes=\"auto, (max-width: 1125px) 100vw, 1125px\" title=\"\"><\/p>\n<p>V\u00e1rhat\u00f3an 110 \u00faj \u00e1ll\u00e1shely j\u00f6n l\u00e9tre, amelynek 40-50 sz\u00e1zal\u00e9k\u00e1ra tart\u00f3san munkan\u00e9lk\u00fcli, 10-15 sz\u00e1zal\u00e9k\u00e1ra megv\u00e1ltozott munkak\u00e9pess\u00e9g\u0171 embereket, 15-20 sz\u00e1zal\u00e9k\u00e1ra magasan k\u00e9pzett munkaer\u0151t v\u00e1rnak.<\/p>\n<p>Az okosrakt\u00e1r 14 ezer n\u00e9gyzetm\u00e9ter alapter\u00fclet\u00e9n, 700 robot \u00e9s 150 m\u00e9ternyi sz\u00e1ll\u00edt\u00f3szalag seg\u00edti majd az \u00f3r\u00e1nk\u00e9nt ak\u00e1r 45-55 ezer t\u00e9tel kezel\u00e9s\u00e9t.<\/p>\n<p>A rakt\u00e1r fel\u00e9p\u00edt\u00e9se \u00e9s m\u0171k\u00f6dtet\u00e9se t\u00f6bb szempontb\u00f3l is el\u0151remutat\u00f3 projekt &#8211; hangs\u00falyozta Schanda Tam\u00e1s, az Innov\u00e1ci\u00f3s \u00e9s Technol\u00f3giai Miniszt\u00e9rium (ITM) parlamenti \u00e9s strat\u00e9giai \u00e1llamtitk\u00e1ra.<\/p>\n<p>Az \u00e1llamtitk\u00e1r kiemelte, hogy a beruh\u00e1z\u00f3k m\u00e1r a csarnok tervez\u00e9se sor\u00e1n be k\u00edv\u00e1nj\u00e1k vonni a folyamatba a Budapesti M\u0171szaki \u00e9s Gazdas\u00e1gtudom\u00e1nyi Egyetemet \u00e9s az \u00d3budai Egyetemet, az elk\u00e9sz\u00fclt okosrakt\u00e1r vegyes felhaszn\u00e1l\u00e1s\u00fa K+F laborj\u00e1t pedig mindk\u00e9t egyetem haszn\u00e1lhatja majd. A beruh\u00e1z\u00f3 emellett saj\u00e1t \u00f6szt\u00f6nd\u00edj alap\u00edt\u00e1s\u00e1t is tervezi, a magyar hallgat\u00f3k a K\u00ednai N\u00e9pk\u00f6zt\u00e1rsas\u00e1gban m\u00e9ly\u00edthetik el rakt\u00e1rlogisztikai tud\u00e1sukat. A beruh\u00e1z\u00e1s energetikai szempontb\u00f3l is korszer\u0171 lesz &#8211; folytatta -, energiaig\u00e9nyeiket napelemekkel \u00e9s f\u00f6ldh\u0151vel oldj\u00e1k meg.<\/p>\n<p>Az okosrakt\u00e1r mellett k\u00e9t m\u00e1sik komplexum is \u00e9p\u00fcl a ter\u00fcleten: egy 15 ezer n\u00e9gyzetm\u00e9ter alapter\u00fclet\u0171 rakt\u00e1r akkumul\u00e1tor \u00e9s akkumul\u00e1tor-alapanyagok sz\u00e1m\u00e1ra, illetve egy 5,5 ezer n\u00e9gyzetm\u00e9ter alapter\u00fclet\u0171, vizsg\u00e1l\u00f3keszty\u0171-alapanyag \u00e9s egy\u00e9b eg\u00e9szs\u00e9g\u00fcgyi term\u00e9kek t\u00e1rol\u00e1s\u00e1ra szolg\u00e1l\u00f3 &#8211; \u00e1lland\u00f3 h\u0151m\u00e9rs\u00e9klet\u0171 &#8211; rakt\u00e1r.<\/p>\n<p>A beruh\u00e1z\u00e1s v\u00e1rhat\u00f3an m\u00e1sf\u00e9l \u00e9v m\u00falva fejez\u0151dik be &#8211; k\u00f6z\u00f6lte Szab\u00f3 Zolt\u00e1n, a CECZ csoporthoz tartoz\u00f3 Ghibli Rakt\u00e1rlogisztikai Kft. vezet\u0151je.<\/p>\n<p>A CECZ az els\u0151 k\u00ednai nemzeti szint\u0171 kereskedelmi logisztikai t\u00edpus\u00fa tengerent\u00fali egy\u00fcttm\u0171k\u00f6d\u00e9si z\u00f3na \u00e9s az els\u0151 k\u00ednai nemzetk\u00f6zi marketingszolg\u00e1ltat\u00e1si platform &#8211; olvashat\u00f3 a h\u00e1tt\u00e9ranyagban.<\/p>\n<p>C\u00edmlapk\u00e9p: MTI fot\u00f3\/Bruz\u00e1k No\u00e9mi<br \/>\nForr\u00e1s: Portfolio.hu<\/p>\n","protected":false},"excerpt":{"rendered":"<p>A k\u00ednai CECZ c\u00e9gcsoport 27 milli\u00e1rd forintos rakt\u00e1rberuh\u00e1z\u00e1st ind\u00edt V\u00e1con. Az E-kereskedelmi Ipari \u00e9s Logisztikai Park mintegy 56 ezer n\u00e9gyzetm\u00e9ternyi ter\u00fcleten val\u00f3sul meg, a fejleszt\u00e9st cs\u00fct\u00f6rt\u00f6k\u00f6n mutatt\u00e1k be a helysz\u00ednen. A beruh\u00e1z\u00f3 az \u00d3budai Egyetemmel \u00e9s a BME-vel is egy\u00fcttm\u0171k\u00f6dik, melynek keretei k\u00f6zt a hallgat\u00f3k ak\u00e1r K\u00edn\u00e1ig is eljuthatnak \u00f6szt\u00f6nd\u00edjjal. R\u00e9tv\u00e1ri Bence, a t\u00e9rs\u00e9g orsz\u00e1ggy\u0171l\u00e9si&#8230;<\/p>\n","protected":false},"author":2,"featured_media":2014,"comment_status":"open","ping_status":"open","sticky":false,"template":"elementor_header_footer","format":"standard","meta":{"_acf_changed":false,"footnotes":""},"categories":[40],"tags":[],"class_list":["post-2012","post","type-post","status-publish","format-standard","has-post-thumbnail","hentry","category-blog"],"acf":[],"_links":{"self":[{"href":"https:\/\/ghibli.hu\/en\/wp-json\/wp\/v2\/posts\/2012","targetHints":{"allow":["GET"]}}],"collection":[{"href":"https:\/\/ghibli.hu\/en\/wp-json\/wp\/v2\/posts"}],"about":[{"href":"https:\/\/ghibli.hu\/en\/wp-json\/wp\/v2\/types\/post"}],"author":[{"embeddable":true,"href":"https:\/\/ghibli.hu\/en\/wp-json\/wp\/v2\/users\/2"}],"replies":[{"embeddable":true,"href":"https:\/\/ghibli.hu\/en\/wp-json\/wp\/v2\/comments?post=2012"}],"version-history":[{"count":0,"href":"https:\/\/ghibli.hu\/en\/wp-json\/wp\/v2\/posts\/2012\/revisions"}],"wp:featuredmedia":[{"embeddable":true,"href":"https:\/\/ghibli.hu\/en\/wp-json\/wp\/v2\/media\/2014"}],"wp:attachment":[{"href":"https:\/\/ghibli.hu\/en\/wp-json\/wp\/v2\/media?parent=2012"}],"wp:term":[{"taxonomy":"category","embeddable":true,"href":"https:\/\/ghibli.hu\/en\/wp-json\/wp\/v2\/categories?post=2012"},{"taxonomy":"post_tag","embeddable":true,"href":"https:\/\/ghibli.hu\/en\/wp-json\/wp\/v2\/tags?post=2012"}],"curies":[{"name":"wp","href":"https:\/\/api.w.org\/{rel}","templated":true}]}}