{"id":2493,"date":"2020-04-28T10:50:00","date_gmt":"2020-04-28T08:50:00","guid":{"rendered":"https:\/\/new2.ghibli.hu\/?p=2493"},"modified":"2026-01-28T21:24:12","modified_gmt":"2026-01-28T20:24:12","slug":"levegoben-es-vasuton-is-fontos-covid-vedofelszereleseket-szallitottunk-magyarorszagra","status":"publish","type":"post","link":"https:\/\/ghibli.hu\/en\/blog\/levegoben-es-vasuton-is-fontos-covid-vedofelszereleseket-szallitottunk-magyarorszagra\/","title":{"rendered":"Leveg\u0151ben \u00e9s vas\u00faton is fontos COVID-v\u00e9d\u0151felszerel\u00e9seket sz\u00e1ll\u00edtottunk Magyarorsz\u00e1gra"},"content":{"rendered":"<p>A CECZ \u00e9s a Ghibli k\u00f6z\u00f6s szervez\u00e9s\u00e9ben ma reggel sikeresen meg\u00e9rkezett K\u00edn\u00e1b\u00f3l a k\u00f6zel 70 tonn\u00e1nyi orvosi eszk\u00f6zt \u00e9s eg\u00e9szs\u00e9g\u00fcgyi v\u00e9d\u0151felszerel\u00e9st tartalmaz\u00f3 l\u00e9gi \u00e1ru. Az \u00e1ltalunk kezelt l\u00e9gi palett\u00e1kon t\u00f6bbek k\u00f6z\u00f6tt 3.000.000 db maszk, 100.000 db korona v\u00edrus teszt, 86 db l\u00e9legeztet\u0151g\u00e9p mellett orvosi keszty\u0171k \u00e9s infra h\u0151m\u00e9r\u0151 volt \u00f6sszecsomagolva.<\/p>\n<p>C\u00e9gcsoportunk K\u00edn\u00e1ban tart\u00f3zkod\u00f3 koll\u00e9g\u00e1i az elm\u00falt napokban nagy er\u0151kkel azon dolgoztak, hogy a Magyarorsz\u00e1g Korm\u00e1nya \u00e1ltal megrendelt \u00e1ruk pontosan, az elv\u00e1rt hat\u00e1rid\u0151re beszerz\u00e9sre, \u00f6sszecsomagol\u00e1sra \u00e9s kisz\u00e1ll\u00edt\u00e1sra ker\u00fcljenek a sencseni rep\u00fcl\u0151t\u00e9rre, ezt k\u00f6vet\u0151en pedig Magyarorsz\u00e1gra \u00e9rkezzenek.<\/p>\n<p><img decoding=\"async\" width=\"960\" height=\"640\" src=\"https:\/\/ghibli.hu\/wp-content\/uploads\/2022\/01\/4-1.jpg\" alt=\"\" loading=\"lazy\" srcset=\"https:\/\/ghibli.hu\/wp-content\/uploads\/2022\/01\/4-1.jpg 960w, https:\/\/ghibli.hu\/wp-content\/uploads\/2022\/01\/4-1-300x200.jpg 300w, https:\/\/ghibli.hu\/wp-content\/uploads\/2022\/01\/4-1-768x512.jpg 768w\" sizes=\"auto, (max-width: 960px) 100vw, 960px\" title=\"\"><\/p>\n<p>A Ghibli C\u00e9gcsoport feladata ebben a kiemelten fontos projektben az import l\u00e9gi sz\u00e1ll\u00edtm\u00e1ny \u00e9rkeztet\u00e9se, v\u00e1mkezel\u00e9se, rakt\u00e1roz\u00e1si \u00e1rukezel\u00e9se \u00e9s belf\u00f6ldi \u00e1rutov\u00e1bb\u00edt\u00e1sa volt. A l\u00e9gi palett\u00e1k c\u00e9g\u00fcnk \u00faj, 1 300 nm-es rakt\u00e1runkban lettek lekezelve, ami a BUD Cargo City-ben tal\u00e1lhat\u00f3.<\/p>\n<p>Hatalmas megtiszteltet\u00e9s sz\u00e1munkra, hogy v\u00e1llalatunk r\u00e9szt vehetett egy ilyen kiemelten fontos projekt megval\u00f3s\u00edt\u00e1s\u00e1ban.<\/p>\n<p>Tov\u00e1bbi inform\u00e1ci\u00f3k: <a href=\"https:\/\/www.origo.hu\/itthon\/20200324-orbanviktor-ujabb-jelentos-szallitmany-erkezeset-jelentette-be.html\" target=\"_blank\" rel=\"noopener\">itt tal\u00e1lhat\u00f3ak<\/a><\/p>\n<p><img decoding=\"async\" width=\"960\" height=\"640\" src=\"https:\/\/ghibli.hu\/wp-content\/uploads\/2022\/01\/4-2.jpg\" alt=\"\" loading=\"lazy\" srcset=\"https:\/\/ghibli.hu\/wp-content\/uploads\/2022\/01\/4-2.jpg 960w, https:\/\/ghibli.hu\/wp-content\/uploads\/2022\/01\/4-2-300x200.jpg 300w, https:\/\/ghibli.hu\/wp-content\/uploads\/2022\/01\/4-2-768x512.jpg 768w\" sizes=\"auto, (max-width: 960px) 100vw, 960px\" title=\"\"><\/p>\n<p>Tov\u00e1bbi rep\u00fcl\u0151g\u00e9pek \u00e9rkeztek K\u00edn\u00e1b\u00f3l a koronav\u00edrus elleni v\u00e9dekez\u00e9shez szolg\u00e1l\u00f3 felszerel\u00e9sekkel<\/p>\n<p>C\u00e9gcsoportunk a CECZ tartja fent a tehersz\u00e1ll\u00edt\u00f3 l\u00e9gi hidat K\u00edna legnagyobb forgalm\u00fa repterei \u00e9s Budapest k\u00f6z\u00f6tt, mindemellett az elm\u00falt k\u00e9t h\u00e9tben t\u00f6bb mint 116 tonna \u00e9s k\u00f6zel 12.000 karton eg\u00e9szs\u00e9g\u00fcgyi eszk\u00f6z beszerz\u00e9s\u00e9t, import l\u00e9gi \u00e1ru sz\u00e1ll\u00edt\u00e1s\u00e1t, rept\u00e9ri \u00e1rukezel\u00e9s\u00e9t, v\u00e1mkezel\u00e9s\u00e9t \u00e9s belf\u00f6ldi \u00e1rutov\u00e1bb\u00edt\u00e1s\u00e1t v\u00e9gezt\u00fck el.<\/p>\n<p>A h\u00e9tv\u00e9g\u00e9n 5 db rep\u00fcl\u0151g\u00e9p \u00e9rkezett \u00fajabb sz\u00e1ll\u00edtm\u00e1nnyal, amir\u0151l a l\u00e9gi palett\u00e1k c\u00e9gcsoportunk BUD Cargo City-ben tal\u00e1lhat\u00f3 rakt\u00e1r\u00e1ban lettek lekezelve.<\/p>\n<p>\u00c1llami eg\u00e9szs\u00e9g\u00fcgyi eloszt\u00f3k\u00f6zponttal egy\u00fcttm\u0171k\u00f6dve az \u00e1ruk tov\u00e1bbsz\u00e1ll\u00edt\u00e1sra ker\u00fcltek a rendeltet\u00e9si helyekre.<\/p>\n<p>\u00dajabb adag v\u00e9d\u0151felszel\u00e9s \u00e9rkezett a Ghibli szervez\u00e9s\u00e9vel, ez\u00fattal vas\u00faton<\/p>\n<p>\u00dajabb eg\u00e9szs\u00e9g\u00fcgyi sz\u00e1ll\u00edtm\u00e1ny \u00e9rkezett h\u00e9tf\u0151n K\u00edn\u00e1b\u00f3l a BILK Kombin\u00e1lt Termin\u00e1lra.<\/p>\n<p>A 41 vagonb\u00f3l \u00e1ll\u00f3 szerelv\u00e9nyt az Innov\u00e1ci\u00f3s \u00e9s Technol\u00f3giai Miniszt\u00e9rium (ITM) k\u00f6zleked\u00e9spolitik\u00e1\u00e9rt felel\u0151s \u00e1llamtitk\u00e1ra fogadta, valamint Wu Jiang \u00e9s Szab\u00f3 Zolt\u00e1n a Ghibli C\u00e9gcsoport \u00fcgyvezet\u0151 igazgat\u00f3i is r\u00e9szt vettek az esem\u00e9nyen. A j\u00e1rat egy kiv\u00e9teles nemzetk\u00f6zi egy\u00fcttm\u0171k\u00f6d\u00e9s eredm\u00e9nyek\u00e9nt, a Ghibli C\u00e9gcsoport \u00e9s a Rail Cargo Hungaria f\u0151szervez\u00e9s\u00e9ben \u00e9rkezett Magyarorsz\u00e1gra.<\/p>\n<p>A tehervonat K\u00edna hagyom\u00e1nyos Selyem\u00fatvonal\u00e1n \u00e9rkezett meg \u00e9s k\u00f6zel 20 magyar \u00e9s nemzetk\u00f6zi v\u00e1llalat kereskedelmi term\u00e9k\u00e9t sz\u00e1ll\u00edtotta. A szerelv\u00e9nyen t\u00f6bbek k\u00f6z\u00f6tt eg\u00e9szs\u00e9g\u00fcgyi v\u00e9d\u0151felszerel\u00e9seket, maszkokat, keszty\u0171ket, tiszt\u00edt\u00f3kend\u0151ket \u00e9s m\u00e1s eszk\u00f6z\u00f6ket sz\u00e1ll\u00edtottak.<\/p>\n<p><img decoding=\"async\" width=\"960\" height=\"640\" src=\"https:\/\/ghibli.hu\/wp-content\/uploads\/2022\/01\/4-3.jpg\" alt=\"\" loading=\"lazy\" srcset=\"https:\/\/ghibli.hu\/wp-content\/uploads\/2022\/01\/4-3.jpg 960w, https:\/\/ghibli.hu\/wp-content\/uploads\/2022\/01\/4-3-300x200.jpg 300w, https:\/\/ghibli.hu\/wp-content\/uploads\/2022\/01\/4-3-768x512.jpg 768w\" sizes=\"auto, (max-width: 960px) 100vw, 960px\" title=\"\"><\/p>\n<p>\u00d3ri\u00e1si jelent\u0151s\u00e9ggel b\u00edr a tranzitid\u0151 r\u00f6vids\u00e9ge, a szerelv\u00e9ny Jinanb\u00f3l 18 nap alatt \u00e9rt Budapestre. Ez legal\u00e1bb 10-15 nappal r\u00f6videbb sz\u00e1ll\u00edt\u00e1si id\u0151 egy \u00e1tlagos kont\u00e9nersz\u00e1ll\u00edt\u00f3 haj\u00f3hoz k\u00e9pest.<\/p>\n<p>A Ghibli C\u00e9gcsoport m\u00e1r \u00e9vek \u00f3ta elk\u00f6telezett, \u00e9s komoly er\u0151fesz\u00edt\u00e9seket tesz annak \u00e9rdek\u00e9ben, hogy haz\u00e1nk v\u00e1lhasson a k\u00ednai \u00e1ruk eloszt\u00f3 k\u00f6zpontj\u00e1v\u00e1 Eur\u00f3p\u00e1ban. A Ghibli egyed\u00fcl\u00e1ll\u00f3 m\u00f3don nyerte el a K\u00ednai \u00c1llam tan\u00fas\u00edtv\u00e1ny\u00e1t, a Tengerent\u00fali Gazdas\u00e1gi \u00e9s Kereskedelmi Egy\u00fcttm\u0171k\u00f6d\u00e9si Z\u00f3na min\u0151s\u00edt\u00e9st, mellyel a k\u00ednai korm\u00e1ny kit\u00fcntette a c\u00e9get, mint a k\u00ednai v\u00e1llalatok eur\u00f3pai logisztikai szolg\u00e1ltat\u00f3j\u00e1t.<\/p>\n<p>Az egy\u00fcttm\u0171k\u00f6d\u00e9s itt nem \u00e9rt v\u00e9get, a k\u00f6vetkez\u0151, v\u00e9d\u0151felszerel\u00e9seket sz\u00e1ll\u00edt\u00f3 vonat is elindult Budapestre.<\/p>\n","protected":false},"excerpt":{"rendered":"<p>A CECZ \u00e9s a Ghibli k\u00f6z\u00f6s szervez\u00e9s\u00e9ben ma reggel sikeresen meg\u00e9rkezett K\u00edn\u00e1b\u00f3l a k\u00f6zel 70 tonn\u00e1nyi orvosi eszk\u00f6zt \u00e9s eg\u00e9szs\u00e9g\u00fcgyi v\u00e9d\u0151felszerel\u00e9st tartalmaz\u00f3 l\u00e9gi \u00e1ru. Az \u00e1ltalunk kezelt l\u00e9gi palett\u00e1kon t\u00f6bbek k\u00f6z\u00f6tt 3.000.000 db maszk, 100.000 db korona v\u00edrus teszt, 86 db l\u00e9legeztet\u0151g\u00e9p mellett orvosi keszty\u0171k \u00e9s infra h\u0151m\u00e9r\u0151 volt \u00f6sszecsomagolva. C\u00e9gcsoportunk K\u00edn\u00e1ban tart\u00f3zkod\u00f3 koll\u00e9g\u00e1i az&#8230;<\/p>\n","protected":false},"author":2,"featured_media":2497,"comment_status":"open","ping_status":"open","sticky":false,"template":"","format":"standard","meta":{"_acf_changed":false,"footnotes":""},"categories":[40],"tags":[],"class_list":["post-2493","post","type-post","status-publish","format-standard","has-post-thumbnail","hentry","category-blog"],"acf":[],"_links":{"self":[{"href":"https:\/\/ghibli.hu\/en\/wp-json\/wp\/v2\/posts\/2493","targetHints":{"allow":["GET"]}}],"collection":[{"href":"https:\/\/ghibli.hu\/en\/wp-json\/wp\/v2\/posts"}],"about":[{"href":"https:\/\/ghibli.hu\/en\/wp-json\/wp\/v2\/types\/post"}],"author":[{"embeddable":true,"href":"https:\/\/ghibli.hu\/en\/wp-json\/wp\/v2\/users\/2"}],"replies":[{"embeddable":true,"href":"https:\/\/ghibli.hu\/en\/wp-json\/wp\/v2\/comments?post=2493"}],"version-history":[{"count":0,"href":"https:\/\/ghibli.hu\/en\/wp-json\/wp\/v2\/posts\/2493\/revisions"}],"wp:featuredmedia":[{"embeddable":true,"href":"https:\/\/ghibli.hu\/en\/wp-json\/wp\/v2\/media\/2497"}],"wp:attachment":[{"href":"https:\/\/ghibli.hu\/en\/wp-json\/wp\/v2\/media?parent=2493"}],"wp:term":[{"taxonomy":"category","embeddable":true,"href":"https:\/\/ghibli.hu\/en\/wp-json\/wp\/v2\/categories?post=2493"},{"taxonomy":"post_tag","embeddable":true,"href":"https:\/\/ghibli.hu\/en\/wp-json\/wp\/v2\/tags?post=2493"}],"curies":[{"name":"wp","href":"https:\/\/api.w.org\/{rel}","templated":true}]}}