{"id":5057,"date":"2022-01-14T14:09:00","date_gmt":"2022-01-14T13:09:00","guid":{"rendered":"https:\/\/ghibli.hu\/?p=5057"},"modified":"2022-01-14T14:09:00","modified_gmt":"2022-01-14T13:09:00","slug":"uj-ford-f-max-kamionokkal-bovult-flottank","status":"publish","type":"post","link":"https:\/\/ghibli.hu\/en\/blog\/uj-ford-f-max-kamionokkal-bovult-flottank\/","title":{"rendered":"\u00daj Ford F-MAX kamionokkal b\u0151v\u00fclt flott\u00e1nk"},"content":{"rendered":"<p>Meg\u00e9rkeztek gy\u00f6ny\u00f6r\u0171, \u00faj Ford F-MAX kamionjaink, melyeket m\u00e9g tov\u00e1bbi j\u00e1rm\u0171vek fognak k\u00f6vetni flott\u00e1nk fiatalon tart\u00e1s\u00e1nak \u00e9rdek\u00e9ben.<\/p>\n<p>Az \u00faj j\u00e1rm\u0171vek mind felszerelts\u00e9g\u00fckben, mind pedig kialak\u00edt\u00e1sukban sof\u0151r koll\u00e9g\u00e1ink maxim\u00e1lis k\u00e9nyelm\u00e9t szolg\u00e1lj\u00e1k majd.<\/p>\n<p>A most beszerzett vontat\u00f3kr\u00f3l Szloboda L\u00e1szl\u00f3t, a Ghibli flott\u00e1j\u00e1t \u00fczemeltet\u0151 Vere Gestum Kft. c\u00e9gvezet\u0151j\u00e9t k\u00e9rdezte a fordtrucks.hu.<\/p>\n<h4>Meggy\u0151z\u0151 tesztid\u0151szak<\/h4>\n<p>\u201eEl\u0151sz\u00f6r akkor ker\u00fclt\u00fcnk k\u00f6zelebbi kapcsolatba a&nbsp;Ford Trucks F-MAX&nbsp;t\u00edpussal, amikor tavaly j\u00faliusban kipr\u00f3b\u00e1l\u00e1si c\u00e9llal n\u00e1lunk vend\u00e9geskedett egy ilyen tesztj\u00e1rm\u0171\u201d \u2013 kezdte Szloboda L\u00e1szl\u00f3, a Vere Gestum Kft. c\u00e9gvezet\u0151je. \u201eOlyannyira el\u00e9gedettek voltunk ezzel a vontat\u00f3val, hogy k\u00e9s\u0151bb a flott\u00e1nk tagj\u00e1v\u00e1 v\u00e1lt \u00e9s janu\u00e1r k\u00f6zep\u00e9n munk\u00e1ba \u00e1ll\u00edtottunk m\u00e9g hat F-MAX modellt. D\u00f6nt\u00e9s\u00fcnk sor\u00e1n&nbsp;figyelembe vett\u00fck az \u00e1r-\u00e9rt\u00e9k ar\u00e1nyt, a sz\u00e1ll\u00edt\u00e1si felt\u00e9teleket \u00e9s hat\u00e1rid\u0151t, az \u00fczemanyag-fogyaszt\u00e1st, a megb\u00edzhat\u00f3s\u00e1got, a szervizh\u00e1tteret, a v\u00e1rhat\u00f3 \u00e9rt\u00e9k\u00e1ll\u00f3s\u00e1got \u00e9s m\u00e1s \u00fczemeltet\u0151k v\u00e9lem\u00e9nyeit. Tov\u00e1bb\u00e1 az is fontos szerepet j\u00e1tszott, hogy r\u00e9g\u00f3ta j\u00f3 kapcsolatot \u00e1polunk a Delta-Truck Kft.-vel t\u00f6bbek k\u00f6z\u00f6tt j\u00e1rm\u0171b\u00e9rl\u00e9s, haszn\u00e1ltaut\u00f3-\u00e9rt\u00e9kes\u00edt\u00e9s \u00e9s szervizel\u00e9s ter\u00e9n\u201d \u2013 tette hozz\u00e1 a c\u00e9gvezet\u0151.<\/p>\n<h4>Remek\u00fcl helyt\u00e1llnak<\/h4>\n<p>\u201eAz F-MAX vontat\u00f3ink Eur\u00f3pa-szerte teljes\u00edtik fuvarfeladataikat, \u00e9s ennek sor\u00e1n mind \u00fczemeltet\u0151i, mind g\u00e9pj\u00e1rm\u0171vezet\u0151i szempontb\u00f3l el\u00e9gedetts\u00e9gre adnak okot. G\u00e9pkocsivezet\u0151&nbsp;munkat\u00e1rsaink kedvelik a t\u00edpus kezelhet\u0151s\u00e9g\u00e9t, k\u00e9nyelm\u00e9t, valamint motor- \u00e9s menetteljes\u00edtm\u00e9ny\u00e9t, eml\u00edt\u00e9sre \u00e9rdemes m\u0171szaki hib\u00e1kr\u00f3l pedig nem tudunk besz\u00e1molni\u201d \u2013 magyar\u00e1zta Szloboda L\u00e1szl\u00f3.<\/p>\n<h4>Biztos h\u00e1tt\u00e9rrel<\/h4>\n<p>\u201e\u00daj F-MAX j\u00e1rm\u0171veinkre 3+1 \u00e9ves karbantart\u00e1si szerz\u0151d\u00e9st k\u00f6t\u00f6tt\u00fcnk, amely kisz\u00e1m\u00edthat\u00f3s\u00e1got \u00e9s biztons\u00e1got ny\u00fajt a nemzetk\u00f6zi feladatokat ell\u00e1t\u00f3 eszk\u00f6z\u00f6k \u00fczemeltet\u00e9s\u00e9hez. Szolg\u00e1ltat\u00e1sunk min\u0151s\u00e9gi sz\u00ednvonal\u00e1nak fenntart\u00e1s\u00e1hoz vagy tov\u00e1bbi jav\u00edt\u00e1s\u00e1hoz elengedhetetlen, hogy egy esetleges m\u0171szaki probl\u00e9m\u00e1t a leggyorsabban \u00e9s leghat\u00e9konyabban megoldjunk. A Delta-Truck Kft. szerviz\u00e9r\u0151l csak el\u00e9gedetten tudunk nyilatkozni az ott dolgoz\u00f3 munkat\u00e1rsak szak\u00e9rtelm\u00e9t \u00e9s rugalmass\u00e1g\u00e1t, valamint a m\u0171hely felszerelts\u00e9g\u00e9t illet\u0151en is. Mindezek hat\u00e1s\u00e1ra m\u00e1r megrendelt\u00fcnk tov\u00e1bbi 13 F-MAX vontat\u00f3t, amelyek v\u00e1rhat\u00f3an ny\u00e1r elej\u00e9re meg\u00e9rkeznek. B\u00edzunk benne, hogy ez a h\u00fasz Ford Trucks teherg\u00e9pkocsi sok\u00e1ig seg\u00edts\u00e9g\u00fcnkre lesz abban, hogy min\u0151s\u00e9gi, piack\u00e9pes szolg\u00e1ltat\u00e1st ny\u00fajthassunk \u00e9s tov\u00e1bb n\u00f6velhess\u00fck eredm\u00e9nyess\u00e9g\u00fcnket, illetve hat\u00e9konys\u00e1gunkat\u201d \u2013 \u00f6sszegezte a Vere Gestum Kft. c\u00e9gvezet\u0151je.<\/p>\n<p><img decoding=\"async\" width=\"960\" height=\"640\" src=\"https:\/\/ghibli.hu\/wp-content\/uploads\/2022\/03\/uj-ford-fmax-kamionokkal-bovult-flottank.png\" alt=\"\" srcset=\"https:\/\/ghibli.hu\/wp-content\/uploads\/2022\/03\/uj-ford-fmax-kamionokkal-bovult-flottank.png 960w, https:\/\/ghibli.hu\/wp-content\/uploads\/2022\/03\/uj-ford-fmax-kamionokkal-bovult-flottank-300x200.png 300w, https:\/\/ghibli.hu\/wp-content\/uploads\/2022\/03\/uj-ford-fmax-kamionokkal-bovult-flottank-768x512.png 768w\" sizes=\"(max-width: 960px) 100vw, 960px\" title=\"\"><\/p>\n","protected":false},"excerpt":{"rendered":"<p>Meg\u00e9rkeztek gy\u00f6ny\u00f6r\u0171, \u00faj Ford F-MAX kamionjaink, melyeket m\u00e9g tov\u00e1bbi j\u00e1rm\u0171vek fognak k\u00f6vetni flott\u00e1nk fiatalon tart\u00e1s\u00e1nak \u00e9rdek\u00e9ben. Az \u00faj j\u00e1rm\u0171vek mind felszerelts\u00e9g\u00fckben, mind pedig kialak\u00edt\u00e1sukban sof\u0151r koll\u00e9g\u00e1ink maxim\u00e1lis k\u00e9nyelm\u00e9t szolg\u00e1lj\u00e1k majd. A most beszerzett vontat\u00f3kr\u00f3l Szloboda L\u00e1szl\u00f3t, a Ghibli flott\u00e1j\u00e1t \u00fczemeltet\u0151 Vere Gestum Kft. c\u00e9gvezet\u0151j\u00e9t k\u00e9rdezte a fordtrucks.hu. Meggy\u0151z\u0151 tesztid\u0151szak \u201eEl\u0151sz\u00f6r akkor ker\u00fclt\u00fcnk k\u00f6zelebbi kapcsolatba a&nbsp;Ford&#8230;<\/p>\n","protected":false},"author":2,"featured_media":5058,"comment_status":"open","ping_status":"open","sticky":false,"template":"elementor_header_footer","format":"standard","meta":{"_acf_changed":false,"footnotes":""},"categories":[40],"tags":[],"class_list":["post-5057","post","type-post","status-publish","format-standard","has-post-thumbnail","hentry","category-blog"],"acf":[],"_links":{"self":[{"href":"https:\/\/ghibli.hu\/en\/wp-json\/wp\/v2\/posts\/5057","targetHints":{"allow":["GET"]}}],"collection":[{"href":"https:\/\/ghibli.hu\/en\/wp-json\/wp\/v2\/posts"}],"about":[{"href":"https:\/\/ghibli.hu\/en\/wp-json\/wp\/v2\/types\/post"}],"author":[{"embeddable":true,"href":"https:\/\/ghibli.hu\/en\/wp-json\/wp\/v2\/users\/2"}],"replies":[{"embeddable":true,"href":"https:\/\/ghibli.hu\/en\/wp-json\/wp\/v2\/comments?post=5057"}],"version-history":[{"count":0,"href":"https:\/\/ghibli.hu\/en\/wp-json\/wp\/v2\/posts\/5057\/revisions"}],"wp:featuredmedia":[{"embeddable":true,"href":"https:\/\/ghibli.hu\/en\/wp-json\/wp\/v2\/media\/5058"}],"wp:attachment":[{"href":"https:\/\/ghibli.hu\/en\/wp-json\/wp\/v2\/media?parent=5057"}],"wp:term":[{"taxonomy":"category","embeddable":true,"href":"https:\/\/ghibli.hu\/en\/wp-json\/wp\/v2\/categories?post=5057"},{"taxonomy":"post_tag","embeddable":true,"href":"https:\/\/ghibli.hu\/en\/wp-json\/wp\/v2\/tags?post=5057"}],"curies":[{"name":"wp","href":"https:\/\/api.w.org\/{rel}","templated":true}]}}