{"id":5305,"date":"2022-05-06T15:46:47","date_gmt":"2022-05-06T13:46:47","guid":{"rendered":"https:\/\/ghibli.hu\/?p=5305"},"modified":"2022-05-06T15:46:47","modified_gmt":"2022-05-06T13:46:47","slug":"logisztika-napja-a-ghiblinel","status":"publish","type":"post","link":"https:\/\/ghibli.hu\/en\/blog\/logisztika-napja-a-ghiblinel\/","title":{"rendered":"Nagy sikerrel z\u00e1rult a Logisztika napja alkalm\u00e1b\u00f3l megrendezett programunk"},"content":{"rendered":"<p>\u00c1prilis 21-\u00e9n k\u00f6zel 100 \u00e9rdekl\u0151d\u0151 r\u00e9szv\u00e9tel\u00e9vel zajlott le a Logisztika napja alkalm\u00e1b\u00f3l megrendezett programsorozatunk a Ghibli c\u00e9gcsoport csepeli k\u00f6zpontj\u00e1ban. Az \u00e9rdekl\u0151d\u0151k egy d\u00e9lel\u0151tti \u00e9s egy d\u00e9lut\u00e1ni turnusban vehettek r\u00e9szt az izgalmas programokon. A nap sor\u00e1n a k\u00e9t vend\u00e9g\u00fcl l\u00e1tott di\u00e1kcsoport \u00e9s a v\u00e1llalati \u00e9rdekl\u0151d\u0151k megismerkedhettek a Ghibli c\u00e9gcsoport m\u0171k\u00f6d\u00e9s\u00e9vel, a c\u00e9ges folyamatokkal, az \u00e1ltalunk ny\u00fajtott szolg\u00e1ltat\u00e1sokkal. Ezt k\u00f6vet\u0151en egy \u00fajdons\u00e1gnak sz\u00e1m\u00edt\u00f3 logisztikai t\u00e1rsasj\u00e1t\u00e9k-bemutat\u00f3 \u00e9s j\u00e1t\u00e9k k\u00f6vetkezett, melynek a gy\u0151ztes p\u00e1rosai nyerem\u00e9nyben r\u00e9szes\u00fcltek. A turnusok z\u00e1r\u00e1sak\u00e9nt az \u00e9rdekl\u0151d\u0151k megismerkedhettek a Ghibli 15.000 m2-es k\u00f6zponti rakt\u00e1r\u00e1val, az itt t\u00e1rolt \u00e1ruk sz\u00e9les sk\u00e1l\u00e1j\u00e1val \u00e9s az \u00f6sszes rakt\u00e1roz\u00e1ssal kapcsolatos k\u00e9rd\u00e9s\u00fckre v\u00e1laszt kaphattak.<\/p>\n<p>K\u00f6sz\u00f6nj\u00fck a r\u00e9szv\u00e9telt mindenkinek! J\u00f6v\u0151re is v\u00e1rjuk a logisztikai szakma ir\u00e1nt \u00e9rdekl\u0151d\u0151ket!<\/p>\n<p>Tekintse meg az esem\u00e9nyr\u0151l k\u00e9sz\u00fclt vide\u00f3nkat&nbsp;<a href=\"https:\/\/www.youtube.com\/watch?v=54dbwIthElw\" target=\"_blank\" rel=\"noopener\">IDE KATTINTVA<\/a>!<\/p>\n<p><img decoding=\"async\" width=\"960\" height=\"640\" src=\"https:\/\/ghibli.hu\/wp-content\/uploads\/2022\/05\/logisztika-napja-a-ghiblinel.png\" alt=\"\" srcset=\"https:\/\/ghibli.hu\/wp-content\/uploads\/2022\/05\/logisztika-napja-a-ghiblinel.png 960w, https:\/\/ghibli.hu\/wp-content\/uploads\/2022\/05\/logisztika-napja-a-ghiblinel-300x200.png 300w, https:\/\/ghibli.hu\/wp-content\/uploads\/2022\/05\/logisztika-napja-a-ghiblinel-768x512.png 768w\" sizes=\"(max-width: 960px) 100vw, 960px\" title=\"\"><br \/>\n<img decoding=\"async\" width=\"960\" height=\"640\" src=\"https:\/\/ghibli.hu\/wp-content\/uploads\/2022\/05\/logisztika-napja-a-ghiblinel-2.png\" alt=\"\" srcset=\"https:\/\/ghibli.hu\/wp-content\/uploads\/2022\/05\/logisztika-napja-a-ghiblinel-2.png 960w, https:\/\/ghibli.hu\/wp-content\/uploads\/2022\/05\/logisztika-napja-a-ghiblinel-2-300x200.png 300w, https:\/\/ghibli.hu\/wp-content\/uploads\/2022\/05\/logisztika-napja-a-ghiblinel-2-768x512.png 768w\" sizes=\"(max-width: 960px) 100vw, 960px\" title=\"\"><br \/>\n<img decoding=\"async\" width=\"960\" height=\"640\" src=\"https:\/\/ghibli.hu\/wp-content\/uploads\/2022\/05\/logisztika-napja-a-ghiblinel-3.png\" alt=\"\" srcset=\"https:\/\/ghibli.hu\/wp-content\/uploads\/2022\/05\/logisztika-napja-a-ghiblinel-3.png 960w, https:\/\/ghibli.hu\/wp-content\/uploads\/2022\/05\/logisztika-napja-a-ghiblinel-3-300x200.png 300w, https:\/\/ghibli.hu\/wp-content\/uploads\/2022\/05\/logisztika-napja-a-ghiblinel-3-768x512.png 768w\" sizes=\"(max-width: 960px) 100vw, 960px\" title=\"\"><\/p>\n","protected":false},"excerpt":{"rendered":"<p>\u00c1prilis 21-\u00e9n k\u00f6zel 100 \u00e9rdekl\u0151d\u0151 r\u00e9szv\u00e9tel\u00e9vel zajlott le a Logisztika napja alkalm\u00e1b\u00f3l megrendezett programsorozatunk a Ghibli c\u00e9gcsoport csepeli k\u00f6zpontj\u00e1ban. Az \u00e9rdekl\u0151d\u0151k egy d\u00e9lel\u0151tti \u00e9s egy d\u00e9lut\u00e1ni turnusban vehettek r\u00e9szt az izgalmas programokon. A nap sor\u00e1n a k\u00e9t vend\u00e9g\u00fcl l\u00e1tott di\u00e1kcsoport \u00e9s a v\u00e1llalati \u00e9rdekl\u0151d\u0151k megismerkedhettek a Ghibli c\u00e9gcsoport m\u0171k\u00f6d\u00e9s\u00e9vel, a c\u00e9ges folyamatokkal, az \u00e1ltalunk ny\u00fajtott&#8230;<\/p>\n","protected":false},"author":2,"featured_media":5309,"comment_status":"open","ping_status":"open","sticky":false,"template":"elementor_header_footer","format":"standard","meta":{"_acf_changed":false,"footnotes":""},"categories":[40],"tags":[],"class_list":["post-5305","post","type-post","status-publish","format-standard","has-post-thumbnail","hentry","category-blog"],"acf":[],"_links":{"self":[{"href":"https:\/\/ghibli.hu\/en\/wp-json\/wp\/v2\/posts\/5305","targetHints":{"allow":["GET"]}}],"collection":[{"href":"https:\/\/ghibli.hu\/en\/wp-json\/wp\/v2\/posts"}],"about":[{"href":"https:\/\/ghibli.hu\/en\/wp-json\/wp\/v2\/types\/post"}],"author":[{"embeddable":true,"href":"https:\/\/ghibli.hu\/en\/wp-json\/wp\/v2\/users\/2"}],"replies":[{"embeddable":true,"href":"https:\/\/ghibli.hu\/en\/wp-json\/wp\/v2\/comments?post=5305"}],"version-history":[{"count":0,"href":"https:\/\/ghibli.hu\/en\/wp-json\/wp\/v2\/posts\/5305\/revisions"}],"wp:featuredmedia":[{"embeddable":true,"href":"https:\/\/ghibli.hu\/en\/wp-json\/wp\/v2\/media\/5309"}],"wp:attachment":[{"href":"https:\/\/ghibli.hu\/en\/wp-json\/wp\/v2\/media?parent=5305"}],"wp:term":[{"taxonomy":"category","embeddable":true,"href":"https:\/\/ghibli.hu\/en\/wp-json\/wp\/v2\/categories?post=5305"},{"taxonomy":"post_tag","embeddable":true,"href":"https:\/\/ghibli.hu\/en\/wp-json\/wp\/v2\/tags?post=5305"}],"curies":[{"name":"wp","href":"https:\/\/api.w.org\/{rel}","templated":true}]}}