{"id":5495,"date":"2022-06-29T09:24:00","date_gmt":"2022-06-29T07:24:00","guid":{"rendered":"https:\/\/ghibli.hu\/?p=5495"},"modified":"2022-06-29T09:24:00","modified_gmt":"2022-06-29T07:24:00","slug":"uj-logisztikai-kozpont-debrecen","status":"publish","type":"post","link":"https:\/\/ghibli.hu\/en\/blog\/uj-logisztikai-kozpont-debrecen\/","title":{"rendered":"\u00daj logisztikai k\u00f6zpontot nyitottunk a Debreceni Nemzetk\u00f6zi Rep\u00fcl\u0151t\u00e9ren"},"content":{"rendered":"<p>B\u00fcszk\u00e9n jelentj\u00fck be, hogy \u00faj logisztikai k\u00f6zpontot nyitottunk a Debreceni Nemzetk\u00f6zi Rep\u00fcl\u0151t\u00e9ren!<br \/>\nEgy jelent\u0151s m\u00e9rf\u00f6ldk\u0151h\u00f6z \u00e9rt\u00fcnk azzal, hogy mostant\u00f3l Debrecenben is jelen vagyunk. Az \u00fajonnan megny\u00edlt, modern logisztikai rakt\u00e1rb\u00e1zisunk \u00e9s irodak\u00f6zpontunk az els\u0151 komoly l\u00e9p\u00e9s a t\u00e9rs\u00e9gbe tervezett j\u00f6v\u0151beni terveink megval\u00f3s\u00edt\u00e1s\u00e1hoz.<br \/>\nEnnek k\u00f6sz\u00f6nhet\u0151en mostant\u00f3l orsz\u00e1gosan h\u00e9t helysz\u00ednen vagyunk jelen, annak \u00e9rdek\u00e9ben hogy \u00fcgyfeleink ig\u00e9nyeit maxim\u00e1lisan kiszolg\u00e1ljuk.<br \/>\n<img decoding=\"async\" width=\"960\" height=\"640\" src=\"https:\/\/ghibli.hu\/wp-content\/uploads\/2022\/07\/debrecen.png\" alt=\"\" srcset=\"https:\/\/ghibli.hu\/wp-content\/uploads\/2022\/07\/debrecen.png 960w, https:\/\/ghibli.hu\/wp-content\/uploads\/2022\/07\/debrecen-300x200.png 300w, https:\/\/ghibli.hu\/wp-content\/uploads\/2022\/07\/debrecen-768x512.png 768w\" sizes=\"(max-width: 960px) 100vw, 960px\" title=\"\"><\/p>\n","protected":false},"excerpt":{"rendered":"<p>B\u00fcszk\u00e9n jelentj\u00fck be, hogy \u00faj logisztikai k\u00f6zpontot nyitottunk a Debreceni Nemzetk\u00f6zi Rep\u00fcl\u0151t\u00e9ren! Egy jelent\u0151s m\u00e9rf\u00f6ldk\u0151h\u00f6z \u00e9rt\u00fcnk azzal, hogy mostant\u00f3l Debrecenben is jelen vagyunk. Az \u00fajonnan megny\u00edlt, modern logisztikai rakt\u00e1rb\u00e1zisunk \u00e9s irodak\u00f6zpontunk az els\u0151 komoly l\u00e9p\u00e9s a t\u00e9rs\u00e9gbe tervezett j\u00f6v\u0151beni terveink megval\u00f3s\u00edt\u00e1s\u00e1hoz. Ennek k\u00f6sz\u00f6nhet\u0151en mostant\u00f3l orsz\u00e1gosan h\u00e9t helysz\u00ednen vagyunk jelen, annak \u00e9rdek\u00e9ben hogy \u00fcgyfeleink ig\u00e9nyeit maxim\u00e1lisan&#8230;<\/p>\n","protected":false},"author":2,"featured_media":5500,"comment_status":"open","ping_status":"open","sticky":false,"template":"elementor_header_footer","format":"standard","meta":{"_acf_changed":false,"footnotes":""},"categories":[40],"tags":[],"class_list":["post-5495","post","type-post","status-publish","format-standard","has-post-thumbnail","hentry","category-blog"],"acf":[],"_links":{"self":[{"href":"https:\/\/ghibli.hu\/en\/wp-json\/wp\/v2\/posts\/5495","targetHints":{"allow":["GET"]}}],"collection":[{"href":"https:\/\/ghibli.hu\/en\/wp-json\/wp\/v2\/posts"}],"about":[{"href":"https:\/\/ghibli.hu\/en\/wp-json\/wp\/v2\/types\/post"}],"author":[{"embeddable":true,"href":"https:\/\/ghibli.hu\/en\/wp-json\/wp\/v2\/users\/2"}],"replies":[{"embeddable":true,"href":"https:\/\/ghibli.hu\/en\/wp-json\/wp\/v2\/comments?post=5495"}],"version-history":[{"count":0,"href":"https:\/\/ghibli.hu\/en\/wp-json\/wp\/v2\/posts\/5495\/revisions"}],"wp:featuredmedia":[{"embeddable":true,"href":"https:\/\/ghibli.hu\/en\/wp-json\/wp\/v2\/media\/5500"}],"wp:attachment":[{"href":"https:\/\/ghibli.hu\/en\/wp-json\/wp\/v2\/media?parent=5495"}],"wp:term":[{"taxonomy":"category","embeddable":true,"href":"https:\/\/ghibli.hu\/en\/wp-json\/wp\/v2\/categories?post=5495"},{"taxonomy":"post_tag","embeddable":true,"href":"https:\/\/ghibli.hu\/en\/wp-json\/wp\/v2\/tags?post=5495"}],"curies":[{"name":"wp","href":"https:\/\/api.w.org\/{rel}","templated":true}]}}