{"id":5675,"date":"2022-12-02T11:09:44","date_gmt":"2022-12-02T10:09:44","guid":{"rendered":"https:\/\/ghibli.hu\/?p=5675"},"modified":"2022-12-02T11:09:44","modified_gmt":"2022-12-02T10:09:44","slug":"magyar-brands-dij","status":"publish","type":"post","link":"https:\/\/ghibli.hu\/en\/blog\/magyar-brands-dij\/","title":{"rendered":"A Ghibli id\u00e9n is a legkiv\u00e1l\u00f3bb magyar m\u00e1rk\u00e1k k\u00f6z\u00f6tt"},"content":{"rendered":"<p>\u00dajabb megtisztel\u0151 elismer\u00e9ssel gazdagodtunk.<\/p>\n<p>A Ghibli C\u00e9gcsoport id\u00e9n ism\u00e9t elnyerte a legkiv\u00e1l\u00f3bb magyar m\u00e1rk\u00e1k d\u00edj\u00e1t, a MagyarBrands 2022 c\u00edmet a Kiv\u00e1l\u00f3 \u00dczleti M\u00e1rka kateg\u00f3ri\u00e1ban.Nagy megtiszteltet\u00e9s sz\u00e1munkra, hogy a fogyaszt\u00f3k \u00e9s f\u00fcggetlen szak\u00e9rt\u0151kb\u0151l \u00e1ll\u00f3 bizotts\u00e1g egyhang\u00fa v\u00e9lem\u00e9nye alapj\u00e1n c\u00e9g\u00fcnk imm\u00e1r negyedik alkalommal is ki\u00e9rdemelte ezt a magasrang\u00fa elismer\u00e9st.<\/p>\n<p>Hatalmas b\u00fcszkes\u00e9g \u00e9s pozit\u00edv visszacsatol\u00e1s sz\u00e1munkra, hogy id\u00e9n nem csak a Business Superbrands d\u00edjat nyert\u00fck el, hanem a MagyarBrands c\u00edmet is.<br \/>\n<img width=\"960\" height=\"640\" src=\"https:\/\/ghibli.hu\/wp-content\/uploads\/2023\/01\/magyar-brands-1.png\" alt=\"\" decoding=\"async\" srcset=\"https:\/\/ghibli.hu\/wp-content\/uploads\/2023\/01\/magyar-brands-1.png 960w, https:\/\/ghibli.hu\/wp-content\/uploads\/2023\/01\/magyar-brands-1-300x200.png 300w, https:\/\/ghibli.hu\/wp-content\/uploads\/2023\/01\/magyar-brands-1-768x512.png 768w\" sizes=\"(max-width: 960px) 100vw, 960px\" title=\"\"><\/p>\n","protected":false},"excerpt":{"rendered":"<p>\u00dajabb megtisztel\u0151 elismer\u00e9ssel gazdagodtunk. A Ghibli C\u00e9gcsoport id\u00e9n ism\u00e9t elnyerte a legkiv\u00e1l\u00f3bb magyar m\u00e1rk\u00e1k d\u00edj\u00e1t, a MagyarBrands 2022 c\u00edmet a Kiv\u00e1l\u00f3 \u00dczleti M\u00e1rka kateg\u00f3ri\u00e1ban.Nagy megtiszteltet\u00e9s sz\u00e1munkra, hogy a fogyaszt\u00f3k \u00e9s f\u00fcggetlen szak\u00e9rt\u0151kb\u0151l \u00e1ll\u00f3 bizotts\u00e1g egyhang\u00fa v\u00e9lem\u00e9nye alapj\u00e1n c\u00e9g\u00fcnk imm\u00e1r negyedik alkalommal is ki\u00e9rdemelte ezt a magasrang\u00fa elismer\u00e9st. Hatalmas b\u00fcszkes\u00e9g \u00e9s pozit\u00edv visszacsatol\u00e1s sz\u00e1munkra, hogy id\u00e9n&#8230;<\/p>\n","protected":false},"author":2,"featured_media":5680,"comment_status":"open","ping_status":"open","sticky":false,"template":"elementor_header_footer","format":"standard","meta":{"_acf_changed":false,"footnotes":""},"categories":[40],"tags":[],"class_list":["post-5675","post","type-post","status-publish","format-standard","has-post-thumbnail","hentry","category-blog"],"acf":[],"_links":{"self":[{"href":"https:\/\/ghibli.hu\/en\/wp-json\/wp\/v2\/posts\/5675","targetHints":{"allow":["GET"]}}],"collection":[{"href":"https:\/\/ghibli.hu\/en\/wp-json\/wp\/v2\/posts"}],"about":[{"href":"https:\/\/ghibli.hu\/en\/wp-json\/wp\/v2\/types\/post"}],"author":[{"embeddable":true,"href":"https:\/\/ghibli.hu\/en\/wp-json\/wp\/v2\/users\/2"}],"replies":[{"embeddable":true,"href":"https:\/\/ghibli.hu\/en\/wp-json\/wp\/v2\/comments?post=5675"}],"version-history":[{"count":0,"href":"https:\/\/ghibli.hu\/en\/wp-json\/wp\/v2\/posts\/5675\/revisions"}],"wp:featuredmedia":[{"embeddable":true,"href":"https:\/\/ghibli.hu\/en\/wp-json\/wp\/v2\/media\/5680"}],"wp:attachment":[{"href":"https:\/\/ghibli.hu\/en\/wp-json\/wp\/v2\/media?parent=5675"}],"wp:term":[{"taxonomy":"category","embeddable":true,"href":"https:\/\/ghibli.hu\/en\/wp-json\/wp\/v2\/categories?post=5675"},{"taxonomy":"post_tag","embeddable":true,"href":"https:\/\/ghibli.hu\/en\/wp-json\/wp\/v2\/tags?post=5675"}],"curies":[{"name":"wp","href":"https:\/\/api.w.org\/{rel}","templated":true}]}}