{"id":6172,"date":"2023-07-24T14:14:00","date_gmt":"2023-07-24T12:14:00","guid":{"rendered":"https:\/\/ghibli.hu\/?p=6172"},"modified":"2023-07-24T14:14:00","modified_gmt":"2023-07-24T12:14:00","slug":"specialis-aruszallitas-az-aruszallitasok-csaszara","status":"publish","type":"post","link":"https:\/\/ghibli.hu\/en\/blog\/specialis-aruszallitas-az-aruszallitasok-csaszara\/","title":{"rendered":"Speci\u00e1lis \u00e1rusz\u00e1ll\u00edt\u00e1s \u2013 az \u00e1rusz\u00e1ll\u00edt\u00e1sok cs\u00e1sz\u00e1ra"},"content":{"rendered":"\n<p>Rengeteg \u00e1ru mozog nap mint nap a vil\u00e1gban \u2013 ezek k\u00f6z\u00fcl sok a speci\u00e1lis \u00e1rusz\u00e1ll\u00edt\u00e1s kateg\u00f3ri\u00e1j\u00e1ba esik. Az ilyen \u00e1ruk minden szempontb\u00f3l precizit\u00e1st \u00e9s odafigyel\u00e9st ig\u00e9nyelnek. Mit jelent ez pontosan? Most megtudhatod!<\/p>\n\n\n\n<p>El\u0151z\u0151 cikk\u00fcnkben belel\u00e1thatt\u00e1l <a href=\"https:\/\/ghibli.hu\/blog\/raktarlogisztika-avagy-mozgasban-az-uzlet\/\" target=\"_blank\" rel=\"noreferrer noopener\">a rakt\u00e1rlogisztika alapjaiba, egy rakt\u00e1r m\u0171k\u00f6d\u00e9s\u00e9be<\/a>.\u00a0<\/p>\n\n\n\n<p>Most n\u00e9zz\u00fck meg, hogy mennyi mindenre kell odafigyelnie a sz\u00e1ll\u00edtm\u00e1nyoz\u00e1ssal foglalkoz\u00f3 c\u00e9gnek, ha speci\u00e1lis \u00e1rusz\u00e1ll\u00edt\u00e1st k\u00e9rsz t\u0151l\u00fck.<\/p>\n\n\n\n<h2 class=\"wp-block-heading\"><a href=\"https:\/\/ghibli.hu\/szolgaltatasaink\/kozuti-szallitmanyozas\/\" target=\"_blank\" rel=\"noreferrer noopener\"><strong>A speci\u00e1lis \u00e1rusz\u00e1ll\u00edt\u00e1s \u00e9s ami m\u00f6g\u00f6tte van<\/strong><\/a><\/h2>\n\n\n\n<p>A speci\u00e1lis \u00e1rusz\u00e1ll\u00edt\u00e1s azt jelenti, hogy olyan dolgot, \u00e1rut sz\u00e1ll\u00edtanak, ami nem f\u00e9r bele a hagyom\u00e1nyos \u00e1rusz\u00e1ll\u00edt\u00e1sba. Ez lehet:<\/p>\n\n\n\n<ul class=\"wp-block-list\">\n<li>t\u00falm\u00e9retes,<\/li>\n\n\n\n<li>t\u00fals\u00falyos,<\/li>\n\n\n\n<li>vesz\u00e9lyes,<\/li>\n\n\n\n<li>\u00e9rt\u00e9kes,<\/li>\n\n\n\n<li>vagy t\u00f6r\u00e9keny \u00e1ru.<\/li>\n<\/ul>\n\n\n\n<p>Ezek a term\u00e9kek az\u00e9rt k\u00fcl\u00f6nlegesek, mert a sz\u00e1ll\u00edt\u00e1suk kiv\u00e9teles b\u00e1n\u00e1sm\u00f3dot, aut\u00f3t \u00e9s tervez\u00e9st ig\u00e9nyel \u2013 ak\u00e1rcsak egy magas rang\u00fa, hivatalos szem\u00e9ly.<\/p>\n\n\n\n<p>A speci\u00e1lis \u00e1rusz\u00e1ll\u00edt\u00e1sn\u00e1l nemcsak arra kell gondolni, hogy egy term\u00e9ket el kell juttatni \u201eA\u201d-b\u00f3l \u201eB\u201d-be. Vannak esetek, amikor az el\u0151k\u00e9sz\u00fclet m\u00e1r eleve t\u00f6bb id\u0151t vesz ig\u00e9nybe, mint maga a term\u00e9k sz\u00e1ll\u00edt\u00e1sa.<\/p>\n\n\n\n<h2 class=\"wp-block-heading\"><strong>Mit, mikor, hogyan a speci\u00e1lis \u00e1ru sz\u00e1ll\u00edt\u00e1sa sor\u00e1n?<\/strong><\/h2>\n\n\n\n<p>Ahhoz, hogy ezeket a speci\u00e1lis \u00e1rukat sz\u00e1ll\u00edtani lehessen egyik pontr\u00f3l a m\u00e1sikra, nem el\u00e9g csup\u00e1n ez megfelel\u0151 c\u00e9get \u00e9s aut\u00f3t megtal\u00e1lni. Az el\u0151k\u00e9sz\u00fcletek kifejezetten fontosak, mivel szigor\u00fa szab\u00e1lyok rendelkeznek arr\u00f3l, hogy mit, mikor \u00e9s hogyan lehet sz\u00e1ll\u00edtani. N\u00e9zz\u00fck meg, hogy a k\u00fcl\u00f6nb\u00f6z\u0151 \u00e1rukn\u00e1l mit kell figyelembe venni a sz\u00e1ll\u00edt\u00e1sn\u00e1l.<\/p>\n\n\n\n<figure class=\"wp-block-image size-full\"><img decoding=\"async\" width=\"600\" height=\"400\" src=\"https:\/\/ghibli.hu\/wp-content\/uploads\/2023\/08\/specialis_aruszallitas_tulmeretes-e1693224817627.jpg\" alt=\"Speci\u00e1lis \u00e1rusz\u00e1ll\u00edt\u00e1s t\u00falm\u00e9retes\" class=\"wp-image-6177\" title=\"\" srcset=\"https:\/\/ghibli.hu\/wp-content\/uploads\/2023\/08\/specialis_aruszallitas_tulmeretes-e1693224817627.jpg 600w, https:\/\/ghibli.hu\/wp-content\/uploads\/2023\/08\/specialis_aruszallitas_tulmeretes-e1693224817627-300x200.jpg 300w\" sizes=\"(max-width: 600px) 100vw, 600px\" \/><figcaption><\/figcaption><\/figure>\n\n\n\n<h3 class=\"wp-block-heading\"><strong>T\u00fal nagy, t\u00fal neh\u00e9z<\/strong><\/h3>\n\n\n\n<p>A t\u00falm\u00e9retes \u00e1ru<\/p>\n\n\n\n<ul class=\"wp-block-list\">\n<li>hosszabb,<\/li>\n\n\n\n<li>magasabb<\/li>\n\n\n\n<li>vagy sz\u00e9lesebb,<\/li>\n<\/ul>\n\n\n\n<p>mint amit egy hagyom\u00e1nyos teheraut\u00f3, kamion elb\u00edrna.<\/p>\n\n\n\n<p>A t\u00fals\u00faly eset\u00e9ben is hasonl\u00f3 a helyzet, azonban ott nem a m\u00e9ret, hanem a term\u00e9k s\u00falya jelenti a probl\u00e9m\u00e1t.<\/p>\n\n\n\n<p>A t\u00falm\u00e9retes, t\u00fals\u00falyos \u00e1ruk eset\u00e9ben komplex kih\u00edv\u00e1sokkal kell szemben\u00e9zni a sz\u00e1ll\u00edt\u00e1st v\u00e1llal\u00f3 c\u00e9gnek, mivel ezek eset\u00e9ben teljesen m\u00e1sok a k\u00f6vetelm\u00e9nyek, mint a hagyom\u00e1nyos \u00e1rusz\u00e1ll\u00edt\u00e1sn\u00e1l<\/p>\n\n\n\n<h3 class=\"wp-block-heading\"><strong>Enged\u00e9lyez\u00e9sek<\/strong><\/h3>\n\n\n\n<p>Az olyan speci\u00e1lis \u00e1rusz\u00e1ll\u00edt\u00e1s eset\u00e9ben, mint a t\u00falm\u00e9retes, vagy t\u00fals\u00falyos, rendszerint k\u00fcl\u00f6n enged\u00e9lyt kell k\u00e9rni. Ezt a hat\u00f3s\u00e1gokt\u00f3l kell beszerezni. Enged\u00e9lyezni kell<\/p>\n\n\n\n<ul class=\"wp-block-list\">\n<li>mag\u00e1t az \u00e1ru sz\u00e1ll\u00edt\u00e1s\u00e1t,<\/li>\n\n\n\n<li>az \u00fatvonalat,<\/li>\n\n\n\n<li>\u00e9s az id\u0151pontot.<\/li>\n<\/ul>\n\n\n\n<p>Az enged\u00e9lyez\u00e9sekn\u00e9l sz\u00e1molni kell az \u00e1tfut\u00e1si id\u0151vel is. Ez azt jelenti, hogy nem lehet egyik napr\u00f3l a m\u00e1sikra enged\u00e9lyt k\u00e9rni, ez t\u00f6bb id\u0151t is ig\u00e9nyel.<\/p>\n\n\n\n<h3 class=\"wp-block-heading\"><strong>\u00datvonaltervez\u00e9s<\/strong><\/h3>\n\n\n\n<p>A speci\u00e1lis \u00e1rusz\u00e1ll\u00edt\u00e1s eset\u00e9ben fontos, hogy el\u0151z\u0151leg m\u00e1r a konkr\u00e9t \u00fatvonal is meglegyen. Ez, ahogy m\u00e1r eml\u00edtett\u00fck az enged\u00e9lyeztet\u00e9shez is fontos lehet. A t\u00falm\u00e9retes vagy t\u00fals\u00falyos \u00e1run\u00e1l k\u00fcl\u00f6n\u00f6sen nem mindegy, hogy merre halad az \u00e1ru.<\/p>\n\n\n\n<figure class=\"wp-block-image size-full\"><img decoding=\"async\" width=\"600\" height=\"337\" src=\"https:\/\/ghibli.hu\/wp-content\/uploads\/2023\/08\/specialis_aruszallitas_hid-e1693224746337.jpg\" alt=\"Speci\u00e1lis \u00e1rusz\u00e1ll\u00edt\u00e1s h\u00edd\" class=\"wp-image-6176\" title=\"\" srcset=\"https:\/\/ghibli.hu\/wp-content\/uploads\/2023\/08\/specialis_aruszallitas_hid-e1693224746337.jpg 600w, https:\/\/ghibli.hu\/wp-content\/uploads\/2023\/08\/specialis_aruszallitas_hid-e1693224746337-300x169.jpg 300w\" sizes=\"(max-width: 600px) 100vw, 600px\" \/><figcaption><\/figcaption><\/figure>\n\n\n\n<ul class=\"wp-block-list\">\n<li>T\u00falm\u00e9retes: figyelembe kell venni az alacsony hidakat, vagy a sz\u0171k utc\u00e1kat, ezek ugyanis k\u00f6nnyen fennakad\u00e1st okozhatnak a sz\u00e1ll\u00edt\u00e1sban.<\/li>\n\n\n\n<li>T\u00fals\u00falyos: vannak olyan \u00fatvonalat, amelyek nem alkalmasak a t\u00fals\u00falyos \u00e1ruk sz\u00e1ll\u00edt\u00e1s\u00e1ra. Ilyen lehet p\u00e9ld\u00e1ul egy h\u00edd vagy egy s\u00e1ros f\u00f6ld\u00fat.<\/li>\n<\/ul>\n\n\n\n<p>A tervez\u0151i csapatnak az \u00fatvonal minden m\u00e9ter\u00e9t \u00e1t kell vizsg\u00e1lni, hogy elker\u00fclj\u00e9k a fennakad\u00e1sokat, vagy s\u00e9r\u00fcl\u00e9seket.<\/p>\n\n\n\n<h3 class=\"wp-block-heading\"><strong>Forgalom<\/strong><\/h3>\n\n\n\n<p>Nem v\u00e9letlen, hogy a t\u00falm\u00e9retes \u00e1rukat legt\u00f6bbsz\u00f6r \u00e9jszaka sz\u00e1ll\u00edtj\u00e1k. Az \u00fatvonal tervez\u00e9se k\u00f6zben ugyanis fontos azzal is sz\u00e1molni, hogy a sz\u00e1ll\u00edt\u00e1s id\u0151pontj\u00e1ban milyen az adott \u00fatszakasz forgalma. Cs\u00facsid\u0151ben, dug\u00f3ban nem \u00e9rdemes t\u00falm\u00e9retes, vagy t\u00fals\u00falyos term\u00e9keket mozgatni, mivel azok m\u00e9g nagyobb fennakad\u00e1sokat okozhatnak.<\/p>\n\n\n\n<h2 class=\"wp-block-heading\"><strong>Mi lehet t\u00falm\u00e9retes, t\u00fals\u00falyos \u00e1ru?<\/strong><\/h2>\n\n\n\n<p>Hogy jobban meg\u00e9rtsd, hogy mi\u00e9rt van sz\u00fcks\u00e9g a fent eml\u00edtett tervez\u00e9sekre, n\u00e9zz\u00fcnk meg n\u00e9h\u00e1ny p\u00e9ld\u00e1t, ami a t\u00falm\u00e9retes, t\u00fals\u00falyos term\u00e9k kateg\u00f3ri\u00e1j\u00e1ba esik.<\/p>\n\n\n\n<ul class=\"wp-block-list\">\n<li>Sz\u00e9ler\u0151m\u0171 lap\u00e1tok: a hatalmas lap\u00e1tokat csak egyben lehet sz\u00e1ll\u00edtani. A 40-80 m\u00e9teres hosszukkal b\u0151ven beleesnek a t\u00falm\u00e9retes kateg\u00f3ri\u00e1ba<\/li>\n\n\n\n<li>Szobrok: a szobrok amellett, hogy t\u00fals\u00falyosak, m\u00e9g t\u00f6r\u00e9kenyek is \u2013 err\u0151l k\u00e9s\u0151bb fogunk b\u0151vebben besz\u00e9lni.<\/li>\n\n\n\n<li>\u00c9p\u00edt\u0151ipari elemet: a betonelemet \u00e9s ac\u00e9l tart\u00f3elemek p\u00e9ld\u00e1ul s\u00falyuk \u00e9s m\u00e9ret\u00fck miatt is ig\u00e9nyelhetnek speci\u00e1lis \u00e1rusz\u00e1ll\u00edt\u00e1st.<\/li>\n<\/ul>\n\n\n\n<h3 class=\"wp-block-heading\"><strong>Gy\u00fal\u00e9kony, k\u00e1ros<\/strong><\/h3>\n\n\n\n<p>A speci\u00e1lis \u00e1rusz\u00e1ll\u00edt\u00e1shoz tartozik a vesz\u00e9lyes \u00e1ruk sz\u00e1ll\u00edt\u00e1sa is. Ez a fajta sz\u00e1ll\u00edtm\u00e1nyoz\u00e1s m\u00e9g nagyobb k\u00f6r\u00fcltekint\u00e9st ig\u00e9nyel, mint a kor\u00e1bban eml\u00edtett t\u00falm\u00e9retes \u00e9s t\u00fals\u00falyos sz\u00e1ll\u00edt\u00e1s.<\/p>\n\n\n\n<h3 class=\"wp-block-heading\"><strong>Biztons\u00e1g<\/strong><\/h3>\n\n\n\n<p>A vesz\u00e9lyes anyagok, term\u00e9kek sz\u00e1ll\u00edt\u00e1sa magas fok\u00fa biztons\u00e1gi int\u00e9zked\u00e9seket ig\u00e9nyel. Ez az\u00e9rt fontos, hogy a sz\u00e1ll\u00edt\u00e1s k\u00f6zben ne t\u00f6rt\u00e9njen sziv\u00e1rg\u00e1s, baleset, vagy egy\u00e9b katasztr\u00f3fa.<\/p>\n\n\n\n<h3 class=\"wp-block-heading\"><strong>K\u00fcl\u00f6nleges j\u00e1rm\u0171<\/strong><\/h3>\n\n\n\n<p>A speci\u00e1lis \u00e1rusz\u00e1ll\u00edt\u00e1son bel\u00fcl a vesz\u00e9lyes \u00e1rusz\u00e1ll\u00edt\u00e1s k\u00fcl\u00f6nleges j\u00e1rm\u0171veket ig\u00e9nyel. Fontos, hogy a vesz\u00e9lyes \u00e1ru ne tudjon sziv\u00e1rogni. Ha a k\u00f6rnyezetre n\u00e9zve k\u00e1ros anyagr\u00f3l van sz\u00f3, akkor semmik\u00e9pp sem ker\u00fclhet ki a term\u00e9szetbe, mivel ez katasztr\u00f3f\u00e1t okozhat.<\/p>\n\n\n\n<p>Gy\u00fal\u00e9kony anyag eset\u00e9ben figyelni kell arra is, hogy v\u00e9letlen\u00fcl se tudjon kigyulladni az anyag. Ez amellett, hogy p\u00e9nz\u00fcgyi k\u00e1rokat okozhat, az sz\u00e1ll\u00edt\u00e1sban r\u00e9sztvev\u0151 emberek testi \u00e9ps\u00e9g\u00e9t is vesz\u00e9lyeztetheti.<\/p>\n\n\n\n<h3 class=\"wp-block-heading\"><strong>T\u00f6r\u00e9keny, \u00e9rt\u00e9kes<\/strong><\/h3>\n\n\n\n<p>A t\u00f6r\u00e9keny \u00e9s \u00e9rt\u00e9kes \u00e1ruk is a speci\u00e1lis \u00e1rusz\u00e1ll\u00edt\u00e1s kateg\u00f3ri\u00e1j\u00e1ba esnek. Itt is t\u00f6bb mindenre kell figyelni:<\/p>\n\n\n\n<h3 class=\"wp-block-heading\"><strong>Csomagol\u00e1s<\/strong><\/h3>\n\n\n\n<p>Ebben az esetben a csomagol\u00e1s kiemelten fontos, hiszen ez v\u00e9di meg a term\u00e9ket a k\u00fcls\u0151 hat\u00e1sokt\u00f3l. A csomagol\u00e1snak t\u00f6k\u00e9letesnek kell lennie: legyen megfelel\u0151en b\u00e9lelt, hogy a term\u00e9k kib\u00edrja az \u00fat viszontags\u00e1gait. Fontos, hogy az \u00e1ru egyik ir\u00e1nyb\u00f3l se tudjon megs\u00e9r\u00fclni, ez ugyanis nagyban cs\u00f6kkenten\u00e9 az \u00e9rt\u00e9k\u00e9t.<\/p>\n\n\n\n<h2 class=\"wp-block-heading\"><strong>Sz\u00e1ll\u00edt\u00e1s<\/strong><\/h2>\n\n\n\n<figure class=\"wp-block-image size-full\"><img decoding=\"async\" width=\"600\" height=\"400\" src=\"https:\/\/ghibli.hu\/wp-content\/uploads\/2023\/08\/specialis_aruszallitas_sofor-e1693224636284.jpg\" alt=\"Speci\u00e1lis \u00e1rusz\u00e1ll\u00edt\u00e1s sof\u0151r\" class=\"wp-image-6175\" title=\"\" srcset=\"https:\/\/ghibli.hu\/wp-content\/uploads\/2023\/08\/specialis_aruszallitas_sofor-e1693224636284.jpg 600w, https:\/\/ghibli.hu\/wp-content\/uploads\/2023\/08\/specialis_aruszallitas_sofor-e1693224636284-300x200.jpg 300w\" sizes=\"(max-width: 600px) 100vw, 600px\" \/><figcaption><\/figcaption><\/figure>\n\n\n\n<p>A sz\u00e1ll\u00edt\u00e1son is nagyon sok m\u00falik: a sof\u0151rnek figyelembe kell venni az \u00e1ru t\u00f6r\u00e9kenys\u00e9g\u00e9t \u00e9s \u00e9rt\u00e9k\u00e9t. Ez azt jelenti, hogy p\u00e9ld\u00e1ul \u00fathib\u00e1k eset\u00e9n fokozott \u00f3vatoss\u00e1ggal kell k\u00f6zlekednie. T\u00f6r\u00e9keny, \u00e9rt\u00e9kes \u00e1ruval a sof\u0151r nem sz\u00e1guldozhat, mivel egy hirtelen f\u00e9kez\u00e9s a term\u00e9k teljes megsemmis\u00fcl\u00e9s\u00e9t okozhatja.<\/p>\n\n\n\n<p>A speci\u00e1lis \u00e1rusz\u00e1ll\u00edt\u00e1s teh\u00e1t komoly tervez\u00e9st, \u00e9s feladatmegold\u00e1st ig\u00e9nyel. Azonban ez egy profi sz\u00e1ll\u00edtm\u00e1nyoz\u00e1ssal foglalkoz\u00f3 c\u00e9gnek nem okozhat probl\u00e9m\u00e1t.<\/p>\n\n\n\n<p>Mi, a Ghibli Sz\u00e1ll\u00edtm\u00e1nyoz\u00e1si Kft.-n\u00e9l az\u00e9rt dolgozunk, hogy a speci\u00e1lis \u00e1rusz\u00e1ll\u00edt\u00e1st ig\u00e9nyl\u0151 term\u00e9keid is biztons\u00e1gosan c\u00e9lba \u00e9rjenek.<\/p>\n\n\n\n<p>Ha \u00e1rusz\u00e1ll\u00edt\u00e1sra van sz\u00fcks\u00e9ged, akkor <a href=\"https:\/\/ghibli.hu\/kapcsolat\/\" target=\"_blank\" rel=\"noreferrer noopener\">vedd fel vel\u00fcnk a kapcsolatot<\/a>!<\/p>\n","protected":false},"excerpt":{"rendered":"<p>Speci\u00e1lis \u00e1rusz\u00e1ll\u00edt\u00e1s \u2013 az \u00e1rusz\u00e1ll\u00edt\u00e1sok cs\u00e1sz\u00e1ra. minden szempontb\u00f3l precizit\u00e1st \u00e9s ig\u00e9nyel a speci\u00e1lis \u00e1ru sz\u00e1ll\u00edt\u00e1sa. Mit jelent ez?<\/p>\n","protected":false},"author":2,"featured_media":6174,"comment_status":"closed","ping_status":"closed","sticky":false,"template":"","format":"standard","meta":{"_acf_changed":false,"footnotes":""},"categories":[40],"tags":[46,50,51,52],"class_list":["post-6172","post","type-post","status-publish","format-standard","has-post-thumbnail","hentry","category-blog","tag-aruszallitas","tag-specialis-aruszallitas","tag-tulmeretes-szallitmany","tag-veszelyes-aru-szallitasa"],"acf":[],"_links":{"self":[{"href":"https:\/\/ghibli.hu\/en\/wp-json\/wp\/v2\/posts\/6172","targetHints":{"allow":["GET"]}}],"collection":[{"href":"https:\/\/ghibli.hu\/en\/wp-json\/wp\/v2\/posts"}],"about":[{"href":"https:\/\/ghibli.hu\/en\/wp-json\/wp\/v2\/types\/post"}],"author":[{"embeddable":true,"href":"https:\/\/ghibli.hu\/en\/wp-json\/wp\/v2\/users\/2"}],"replies":[{"embeddable":true,"href":"https:\/\/ghibli.hu\/en\/wp-json\/wp\/v2\/comments?post=6172"}],"version-history":[{"count":0,"href":"https:\/\/ghibli.hu\/en\/wp-json\/wp\/v2\/posts\/6172\/revisions"}],"wp:featuredmedia":[{"embeddable":true,"href":"https:\/\/ghibli.hu\/en\/wp-json\/wp\/v2\/media\/6174"}],"wp:attachment":[{"href":"https:\/\/ghibli.hu\/en\/wp-json\/wp\/v2\/media?parent=6172"}],"wp:term":[{"taxonomy":"category","embeddable":true,"href":"https:\/\/ghibli.hu\/en\/wp-json\/wp\/v2\/categories?post=6172"},{"taxonomy":"post_tag","embeddable":true,"href":"https:\/\/ghibli.hu\/en\/wp-json\/wp\/v2\/tags?post=6172"}],"curies":[{"name":"wp","href":"https:\/\/api.w.org\/{rel}","templated":true}]}}