{"id":6211,"date":"2023-08-19T13:31:00","date_gmt":"2023-08-19T11:31:00","guid":{"rendered":"https:\/\/ghibli.hu\/?p=6211"},"modified":"2023-08-19T13:31:00","modified_gmt":"2023-08-19T11:31:00","slug":"kornyezetkimelo-aruszallitas-igenis-letezik","status":"publish","type":"post","link":"https:\/\/ghibli.hu\/en\/blog\/kornyezetkimelo-aruszallitas-igenis-letezik\/","title":{"rendered":"K\u00f6rnyezetk\u00edm\u00e9l\u0151 \u00e1rusz\u00e1ll\u00edt\u00e1s igenis l\u00e9tezik!"},"content":{"rendered":"\n<p>A k\u00f6rnyezetk\u00edm\u00e9l\u0151 \u00e1rusz\u00e1ll\u00edt\u00e1s fogalma sokaknak \u00e9rtelmezhetetlen. Ilyenkor r\u00f6gt\u00f6n kamionokra \u00e9s m\u00e1s nagy j\u00e1rm\u0171vekre gondolunk, amelyekr\u0151l nem a k\u00f6rnyezetv\u00e9delem jut esz\u00fcnkbe.<\/p>\n\n\n\n<p>El\u0151z\u0151 cikk\u00fcnkben mag\u00e1val <a href=\"https:\/\/ghibli.hu\/blog\/kozuti-szallitmanyozas-es-ami-mogotte-van\/\" target=\"_blank\" rel=\"noreferrer noopener\">a k\u00f6z\u00fati sz\u00e1ll\u00edtm\u00e1nyoz\u00e1ssal<\/a> foglalkoztunk. Most a k\u00f6z\u00fati sz\u00e1ll\u00edtm\u00e1nyoz\u00e1s egy \u00fajabb r\u00e9teg\u00e9t elemezz\u00fck ki: a k\u00f6rnyezetk\u00edm\u00e9l\u0151 \u00e1rusz\u00e1ll\u00edt\u00e1st.<\/p>\n\n\n\n<p>Hogyan tud k\u00f6rnyezetk\u00edm\u00e9l\u0151 lenni a k\u00f6z\u00fati \u00e1rusz\u00e1ll\u00edt\u00e1s? Elmondjuk!<\/p>\n\n\n\n<h2 class=\"wp-block-heading\"><a href=\"https:\/\/ghibli.hu\/szolgaltatasaink\/kozuti-szallitmanyozas\/\" target=\"_blank\" rel=\"noreferrer noopener\"><strong>Mi az a k\u00f6rnyezetk\u00edm\u00e9l\u0151 \u00e1rusz\u00e1ll\u00edt\u00e1s?<\/strong><\/a><\/h2>\n\n\n\n<p>A k\u00f6rnyezetk\u00edm\u00e9l\u0151 \u00e1rusz\u00e1ll\u00edt\u00e1s azt jelenti, hogy a sz\u00e1ll\u00edtm\u00e1nyoz\u00e1s k\u00f6zben a c\u00e9g fokozottan figyel arra, hogy \u00fagy juttassa el a term\u00e9ket egyik pontb\u00f3l a m\u00e1sikra, hogy az a lehet\u0151 legkevesebb k\u00e1rosanyag-kibocs\u00e1t\u00e1ssal \u00e9s k\u00f6rnyezetszennyez\u00e9ssel j\u00e1rjon.<\/p>\n\n\n\n<p>A k\u00f6rnyezetk\u00edm\u00e9l\u0151 \u00e1rusz\u00e1ll\u00edt\u00e1s c\u00e9lja<\/p>\n\n\n\n<ul class=\"wp-block-list\">\n<li>az \u00fcvegh\u00e1zhat\u00e1s\u00fa g\u00e1zok kibocs\u00e1t\u00e1s\u00e1nak cs\u00f6kkent\u00e9se,<\/li>\n\n\n\n<li>az er\u0151forr\u00e1sok fenntarthat\u00f3bb haszn\u00e1lata,<\/li>\n\n\n\n<li>\u00e9s a k\u00f6rnyezeti terhel\u00e9s m\u00e9rs\u00e9kl\u00e9se.<\/li>\n<\/ul>\n\n\n\n<p>Ahhoz, hogy ezek teljes\u00fclni tudjanak rengeteg tervez\u00e9st \u00e9s odafigyel\u00e9st ig\u00e9nyel.<\/p>\n\n\n\n<figure class=\"wp-block-image size-full\"><img decoding=\"async\" width=\"600\" height=\"337\" src=\"https:\/\/ghibli.hu\/wp-content\/uploads\/2023\/09\/kornyezetkimelo-aruszallitas-kihasznaltsag.jpg\" alt=\"K\u00f6rnyezetk\u00edm\u00e9l\u0151 \u00e1rusz\u00e1ll\u00edt\u00e1s - kihaszn\u00e1lts\u00e1g\" class=\"wp-image-6214\" title=\"\" srcset=\"https:\/\/ghibli.hu\/wp-content\/uploads\/2023\/09\/kornyezetkimelo-aruszallitas-kihasznaltsag.jpg 600w, https:\/\/ghibli.hu\/wp-content\/uploads\/2023\/09\/kornyezetkimelo-aruszallitas-kihasznaltsag-300x169.jpg 300w\" sizes=\"(max-width: 600px) 100vw, 600px\" \/><figcaption><\/figcaption><\/figure>\n\n\n\n<h2 class=\"wp-block-heading\"><strong>Mi\u00e9rt fontos a k\u00f6rnyezetk\u00edm\u00e9l\u0151 \u00e1rusz\u00e1ll\u00edt\u00e1s?<\/strong><\/h2>\n\n\n\n<p>A k\u00f6rnyezetv\u00e9delem ma m\u00e1r egyre nagyobb hangs\u00falyt kap. A vev\u0151k sz\u00e1m\u00e1ra is egyre fontosabb, hogy olyan term\u00e9ket \u00e9s szolg\u00e1ltat\u00e1st v\u00e1lasszanak, amelyek a lehet\u0151 legkev\u00e9sb\u00e9 terhelik a k\u00f6rnyezetet.<\/p>\n\n\n\n<h3 class=\"wp-block-heading\"><strong>Meg\u00e9ri a c\u00e9gnek?<\/strong><\/h3>\n\n\n\n<p>A j\u00f3 h\u00edr az, hogy igen. T\u00e9ny, hogy a k\u00f6rnyezetk\u00edm\u00e9l\u0151 \u00e1rusz\u00e1ll\u00edt\u00e1s t\u00f6bb tervez\u00e9st \u00e9s odafigyel\u00e9st ig\u00e9nyel, azonban a sz\u00e1ll\u00edtm\u00e1nyoz\u00e1ssal foglalkoz\u00f3 c\u00e9gnek is meg\u00e9ri figyelni a k\u00f6rnyezetre. Hogy mi\u00e9rt? Egyszer\u0171: mert amellett, hogy v\u00e9di a k\u00f6rnyezetet, hossz\u00fa t\u00e1von p\u00e9nzt is sp\u00f3rolhat vele.<\/p>\n\n\n\n<p>A k\u00f6rnyezetk\u00edm\u00e9l\u0151 \u00e1rusz\u00e1ll\u00edt\u00e1s egyik c\u00e9lja, hogy a szolg\u00e1ltat\u00e1s min\u00e9l hat\u00e9konyabb \u00e9s gyorsabb legyen. Min\u00e9l g\u00f6rd\u00fcl\u00e9kenyebben \u00e9r a megadott helysz\u00ednre p\u00e9ld\u00e1ul a kamion, ann\u00e1l kevesebb \u00fczemanyag fogy. Teh\u00e1t a c\u00e9g sp\u00f3rol.<\/p>\n\n\n\n<p>A k\u00f6rnyezetk\u00edm\u00e9l\u0151 \u00e1rusz\u00e1ll\u00edt\u00e1s azonban nemcsak a p\u00e9nzr\u0151l sz\u00f3l. J\u00f3val t\u00f6bb van m\u00f6g\u00f6tte.<\/p>\n\n\n\n<h2 class=\"wp-block-heading\"><strong>Az alapos tervez\u00e9sn\u00e9l kezd\u0151dik<\/strong><\/h2>\n\n\n\n<p>A k\u00f6rnyezetk\u00edm\u00e9l\u0151 \u00e1rusz\u00e1ll\u00edt\u00e1sban kiemelked\u0151 szerepe van a logisztik\u00e1nak. T\u00f6bb minden miatt is befoly\u00e1solja a k\u00f6rnyezetk\u00edm\u00e9l\u0151 \u00e1rusz\u00e1ll\u00edt\u00e1st a megfelel\u0151 tervez\u00e9s.<\/p>\n\n\n\n<h3 class=\"wp-block-heading\"><strong>\u00datvonal<\/strong><\/h3>\n\n\n\n<p>A k\u00f6rnyezetk\u00edm\u00e9l\u0151 \u00e1rusz\u00e1ll\u00edt\u00e1s egyik alapja a j\u00f3l megtervezett \u00fatvonal. Min\u00e9l gyorsabban, v\u00e1rakoz\u00e1s \u2013 p\u00e9ld\u00e1ul dug\u00f3 \u2013 n\u00e9lk\u00fcl jut el az \u00e1ru egyik helyr\u0151l a m\u00e1sikra, ann\u00e1l kevesebb \u00fczemanyagot fogyaszt a j\u00e1rm\u0171. Kevesebb \u00fczemanyag-felhaszn\u00e1l\u00e1ssal pedig kevesebb szmog jut a leveg\u0151be. Ezzel a c\u00e9g is nyer, hiszen sp\u00f3rol a tankol\u00e1s k\u00f6lts\u00e9geivel \u00e9s a k\u00f6rnyezetet is kev\u00e9sb\u00e9 k\u00e1ros\u00edtja az \u00e1rusz\u00e1ll\u00edt\u00e1s.<\/p>\n\n\n\n<h3 class=\"wp-block-heading\"><strong>Kihaszn\u00e1lts\u00e1g<\/strong><\/h3>\n\n\n\n<p>A logisztik\u00e1n\u00e1l fontos az is, hogy \u00fagy szervezz\u00e9k meg az \u00e1ru sz\u00e1ll\u00edt\u00e1s\u00e1t, hogy az adott j\u00e1rm\u0171 megfelel\u0151en ki legyen haszn\u00e1lva, de ne legyen t\u00falterhelve. Ez azt jelenti, hogy egy kisebb csomag eset\u00e9ben nem \u00e9rdemes kamionnal megoldani a sz\u00e1ll\u00edt\u00e1st, hiszen akkor nincs megfelel\u0151en kihaszn\u00e1lva a j\u00e1rm\u0171. Ahogy az sem k\u00f6rnyezetk\u00edm\u00e9l\u0151, ha egy dobozos aut\u00f3t t\u00fals\u00e1gosan leterhelnek, tele pakolj\u00e1k neh\u00e9z csomagokkal. Ez ut\u00f3bbi esetben az aut\u00f3 j\u00f3val t\u00f6bb \u00fczemanyagot fogyaszt, ami hozz\u00e1j\u00e1rul a l\u00e9gszennyez\u00e9shez \u00e9s plusz k\u00f6lts\u00e9gekkel is j\u00e1r.<\/p>\n\n\n\n<h3 class=\"wp-block-heading\"><strong>Sz\u00e1m\u00edt a g\u00e9ppark<\/strong><\/h3>\n\n\n\n<figure class=\"wp-block-image size-full\"><img decoding=\"async\" width=\"600\" height=\"398\" src=\"https:\/\/ghibli.hu\/wp-content\/uploads\/2023\/09\/kornyezetkimelo-aruszallitas-geppark.jpg\" alt=\"K\u00f6rnyezetk\u00edm\u00e9l\u0151 \u00e1rusz\u00e1ll\u00edt\u00e1s - g\u00e9ppark\" class=\"wp-image-6215\" title=\"\" srcset=\"https:\/\/ghibli.hu\/wp-content\/uploads\/2023\/09\/kornyezetkimelo-aruszallitas-geppark.jpg 600w, https:\/\/ghibli.hu\/wp-content\/uploads\/2023\/09\/kornyezetkimelo-aruszallitas-geppark-300x199.jpg 300w\" sizes=\"(max-width: 600px) 100vw, 600px\" \/><figcaption><\/figcaption><\/figure>\n\n\n\n<p>A k\u00f6rnyezetk\u00edm\u00e9l\u0151 \u00e1rusz\u00e1ll\u00edt\u00e1sn\u00e1l a logisztika mellett fontos a j\u00e1rm\u0171vek \u00e9s azok \u00e1llapota is. A r\u00e9gi, nem megfelel\u0151en karbantartott j\u00e1rm\u0171vek sokkal t\u00f6bb k\u00e1ros anyagot bocs\u00e1tanak ki, mint azok, amelyeket rendszeresen, a megadott kilom\u00e9terenk\u00e9nt szervizelnek.<\/p>\n\n\n\n<p>Ez azzal magyar\u00e1zhat\u00f3, hogy a kopott alkatr\u00e9szek nehezebben mozgathat\u00f3k, \u00edgy t\u00f6bb energi\u00e1ra, azaz \u00fczemanyagra van sz\u00fcks\u00e9ge a j\u00e1rm\u0171nek ahhoz, hogy el\u00e9rje az adott sebess\u00e9get. Ha ezeket az alkatr\u00e9szeket cser\u00e9lik, akkor kevesebb energia is el\u00e9g a megfelel\u0151 m\u0171k\u00f6d\u00e9shez.<\/p>\n\n\n\n<p>\u00c9rdemes id\u0151nk\u00e9nt fel\u00fclvizsg\u00e1lni a j\u00e1rm\u0171parkot, ugyanis a modernebb, korszer\u0171bb j\u00e1rm\u0171vek b\u00e1r dr\u00e1g\u00e1bbak, azonban kevesebb szervizel\u00e9st ig\u00e9nyelnek \u00e9s hat\u00e9konyabban m\u0171k\u00f6dnek.<\/p>\n\n\n\n<h3 class=\"wp-block-heading\"><strong>Csomagol\u00e1s<\/strong><\/h3>\n\n\n\n<p>A z\u00f6ld \u00e1rusz\u00e1ll\u00edt\u00e1s r\u00e9sz\u00e9t k\u00e9pezi a k\u00f6rnyezetbar\u00e1t csomagol\u00e1s is. Ez egyre t\u00f6bb vev\u0151, \u00fcgyf\u00e9l sz\u00e1m\u00e1ra fontos, hiszen a k\u00f6rnyezetbar\u00e1t csomagol\u00f3anyagokkal sokat tehet\u00fcnk a f\u00f6ld\u00fcnk\u00e9rt.<\/p>\n\n\n\n<p>A sz\u00e1ll\u00edtm\u00e1nyoz\u00f3 c\u00e9geknek az\u00e9rt fontos erre figyelni, mivel a k\u00f6rnyezetbar\u00e1t csomagol\u00e1s bevezet\u00e9se pozit\u00edvan hat az \u00fcgyfelek el\u00e9gedetts\u00e9g\u00e9re. Az el\u00e9gedett \u00fcgyf\u00e9l pedig m\u00e9g t\u00f6bb \u00fcgyf\u00e9lt, megrendel\u00e9st eredm\u00e9nyezhet.<\/p>\n\n\n\n<figure class=\"wp-block-image size-full\"><img decoding=\"async\" width=\"600\" height=\"400\" src=\"https:\/\/ghibli.hu\/wp-content\/uploads\/2023\/09\/kornyezetkimelo-aruszallitas-csomagolas.jpg\" alt=\"K\u00f6rnyezetk\u00edm\u00e9l\u0151 \u00e1rusz\u00e1ll\u00edt\u00e1s - csomagol\u00e1s\" class=\"wp-image-6216\" title=\"\" srcset=\"https:\/\/ghibli.hu\/wp-content\/uploads\/2023\/09\/kornyezetkimelo-aruszallitas-csomagolas.jpg 600w, https:\/\/ghibli.hu\/wp-content\/uploads\/2023\/09\/kornyezetkimelo-aruszallitas-csomagolas-300x200.jpg 300w\" sizes=\"(max-width: 600px) 100vw, 600px\" \/><figcaption><\/figcaption><\/figure>\n\n\n\n<h2 class=\"wp-block-heading\"><strong>A k\u00f6rnyezetk\u00edm\u00e9l\u0151 \u00e1rusz\u00e1ll\u00edt\u00e1s buktat\u00f3i<\/strong><\/h2>\n\n\n\n<p>A k\u00f6rnyezetk\u00edm\u00e9l\u0151 \u00e1rusz\u00e1ll\u00edt\u00e1s b\u00e1r egyre nagyobb figyelmet kap, sok esetben m\u00e9gsem m\u0171k\u00f6dik j\u00f3l. Sok m\u00falik p\u00e9ld\u00e1ul a logisztik\u00e1n. A z\u00f6ld logisztika els\u0151dleges c\u00e9lja nem a p\u00e9nz, hanem a k\u00f6rnyezetre gyakorolt hat\u00e1s cs\u00f6kkent\u00e9se. Teh\u00e1t nem azt kell els\u0151dlegesen figyelembe venni, hogy mennyit tud sp\u00f3rolni a c\u00e9g az adott \u00faton, hanem hogy mekkora lesz a sz\u00e9n-dioxid-kibocs\u00e1t\u00e1s \u00e9s ezt hogyan lehet cs\u00f6kkenteni.<\/p>\n\n\n\n<p>A k\u00f6rnyezetk\u00edm\u00e9l\u0151 \u00e1rusz\u00e1ll\u00edt\u00e1s hat\u00e9kony bevezet\u00e9s\u00e9hez p\u00e9nz is sz\u00fcks\u00e9g van, ugyanis<\/p>\n\n\n\n<ul class=\"wp-block-list\">\n<li>\u00e1t kell vizsg\u00e1lni a j\u00e1rm\u0171parkot,<\/li>\n\n\n\n<li>esetenk\u00e9nt j\u00e1rm\u0171vet kell cser\u00e9lni,<\/li>\n\n\n\n<li>fejleszteni kell a logisztikai rendszert,<\/li>\n\n\n\n<li>figyelni kell a k\u00f6rnyezetbar\u00e1t csomagol\u00e1sra.<\/li>\n<\/ul>\n\n\n\n<p>Ha ezek a felt\u00e9telek nem teljes\u00fclnek a megfelel\u0151 mennyis\u00e9g\u0171 p\u00e9nz hi\u00e1nya miatt, akkor az adott v\u00e1llalat nem tudja hat\u00e9konyan bevezetni a k\u00f6rnyezetk\u00edm\u00e9l\u0151 \u00e1rusz\u00e1ll\u00edt\u00e1st.<\/p>\n\n\n\n<h3 class=\"wp-block-heading\"><strong>Hat\u00e9kony c\u00e9gek<\/strong><\/h3>\n\n\n\n<p>Vil\u00e1gszerte egyre t\u00f6bb c\u00e9g csatlakozik a k\u00f6rnyezetk\u00edm\u00e9l\u0151 \u00e1rusz\u00e1ll\u00edt\u00e1shoz. A Ghibli Sz\u00e1ll\u00edtm\u00e1nyoz\u00e1si Kft.-nek kiemelten fontos a fenntarthat\u00f3 j\u00f6v\u0151 \u00e9s a k\u00f6rnyezetbar\u00e1t \u00fcgyvitel. Ez\u00e9rt a k\u00f6z\u00fati sz\u00e1ll\u00edt\u00e1saikn\u00e1l els\u0151rend\u0171 szempont a hat\u00e9kony \u00e9s k\u00f6rnyezetk\u00edm\u00e9l\u0151 \u00e1rusz\u00e1ll\u00edt\u00e1s.<\/p>\n\n\n\n<p>A <a href=\"https:\/\/ghibli.hu\/kapcsolat\/\">Ghibli Sz\u00e1ll\u00edtm\u00e1nyoz\u00e1si Kft.<\/a>-n\u00e9l azon dolgozunk, hogy a k\u00f6rnyezetk\u00edm\u00e9l\u0151 \u00e1rusz\u00e1ll\u00edt\u00e1s ne csak \u00edg\u00e9ret legyen.<\/p>\n","protected":false},"excerpt":{"rendered":"<p>K\u00f6rnyezetk\u00edm\u00e9l\u0151 \u00e1rusz\u00e1ll\u00edt\u00e1s igenis l\u00e9tezik! Hogyan tud k\u00f6rnyezetk\u00edm\u00e9l\u0151 lenni a k\u00f6z\u00fati \u00e1rusz\u00e1ll\u00edt\u00e1s? Elmondjuk!<\/p>\n","protected":false},"author":2,"featured_media":6213,"comment_status":"closed","ping_status":"closed","sticky":false,"template":"","format":"standard","meta":{"_acf_changed":false,"footnotes":""},"categories":[40],"tags":[46,57,54,55],"class_list":["post-6211","post","type-post","status-publish","format-standard","has-post-thumbnail","hentry","category-blog","tag-aruszallitas","tag-kornyezetkimelo-aruszallitas","tag-kozuti-szallitas","tag-kozuti-szallitmanyozas"],"acf":[],"_links":{"self":[{"href":"https:\/\/ghibli.hu\/en\/wp-json\/wp\/v2\/posts\/6211","targetHints":{"allow":["GET"]}}],"collection":[{"href":"https:\/\/ghibli.hu\/en\/wp-json\/wp\/v2\/posts"}],"about":[{"href":"https:\/\/ghibli.hu\/en\/wp-json\/wp\/v2\/types\/post"}],"author":[{"embeddable":true,"href":"https:\/\/ghibli.hu\/en\/wp-json\/wp\/v2\/users\/2"}],"replies":[{"embeddable":true,"href":"https:\/\/ghibli.hu\/en\/wp-json\/wp\/v2\/comments?post=6211"}],"version-history":[{"count":0,"href":"https:\/\/ghibli.hu\/en\/wp-json\/wp\/v2\/posts\/6211\/revisions"}],"wp:featuredmedia":[{"embeddable":true,"href":"https:\/\/ghibli.hu\/en\/wp-json\/wp\/v2\/media\/6213"}],"wp:attachment":[{"href":"https:\/\/ghibli.hu\/en\/wp-json\/wp\/v2\/media?parent=6211"}],"wp:term":[{"taxonomy":"category","embeddable":true,"href":"https:\/\/ghibli.hu\/en\/wp-json\/wp\/v2\/categories?post=6211"},{"taxonomy":"post_tag","embeddable":true,"href":"https:\/\/ghibli.hu\/en\/wp-json\/wp\/v2\/tags?post=6211"}],"curies":[{"name":"wp","href":"https:\/\/api.w.org\/{rel}","templated":true}]}}