{"id":6326,"date":"2023-10-25T13:23:00","date_gmt":"2023-10-25T11:23:00","guid":{"rendered":"https:\/\/ghibli.hu\/?p=6326"},"modified":"2023-10-25T13:23:00","modified_gmt":"2023-10-25T11:23:00","slug":"adr-szallitas-szabalyai-es-amit-tudnod-kell-roluk","status":"publish","type":"post","link":"https:\/\/ghibli.hu\/en\/blog\/adr-szallitas-szabalyai-es-amit-tudnod-kell-roluk\/","title":{"rendered":"ADR sz\u00e1ll\u00edt\u00e1s szab\u00e1lyai \u00e9s amit tudnod kell r\u00f3luk"},"content":{"rendered":"\n<p>Az ADR sz\u00e1ll\u00edt\u00e1s szab\u00e1lyai igaz\u00e1n hasznos \u00e9s fontos t\u00e9ma, hiszen a vesz\u00e9lyes \u00e1ruk nemzetk\u00f6zi sz\u00e1ll\u00edt\u00e1s\u00e1t foglalja mag\u00e1ba.<\/p>\n\n\n\n<p>Kor\u00e1bbi bejegyz\u00e9s\u00fcnkben a <a href=\"https:\/\/ghibli.hu\/blog\/cross-docking-szerepe-a-szallitmanyozasban\/\" target=\"_blank\" rel=\"noreferrer noopener\">cross dockingr\u00f3l<\/a> \u00e9s annak fontoss\u00e1g\u00e1r\u00f3l \u00edrtunk, amiben kit\u00e9rt\u00fcnk a just in time strat\u00e9gi\u00e1ra is, valamint az e-kereskedelem hat\u00e9konys\u00e1g\u00e1ra a cross docking seg\u00edts\u00e9g\u00e9vel.<\/p>\n\n\n\n<p>Visszakanyarodva az ADR \u00e1rusz\u00e1ll\u00edt\u00e1sra, ha elolvasod a cikket, tudni fogod mit \u00e9s hogyan szabad sz\u00e1ll\u00edtani. Megismertet\u00fcnk az oszt\u00e1lyokkal, valamint azzal is, hogy mi\u00f3ta seg\u00edti a szab\u00e1lyoz\u00e1s a vesz\u00e9lyes anyagok sz\u00e1ll\u00edt\u00e1s\u00e1t.<\/p>\n\n\n\n<h2 class=\"wp-block-heading\"><a href=\"https:\/\/ghibli.hu\/szolgaltatasaink\/kozuti-szallitmanyozas\/\" target=\"_blank\" rel=\"noreferrer noopener\"><strong>ADR sz\u00e1ll\u00edt\u00e1s szab\u00e1lyai<\/strong><\/a><\/h2>\n\n\n\n<p>Az ADR sz\u00e1ll\u00edt\u00e1s szab\u00e1lyai, azaz <strong>az \u00e1llamok k\u00f6z\u00f6tti vesz\u00e9lyes \u00e1ruk nemzetk\u00f6zi sz\u00e1ll\u00edt\u00e1s\u00e1nak megk\u00f6nny\u00edt\u00e9s\u00e9r\u0151l sz\u00f3l\u00f3 egyezm\u00e9ny<\/strong> egy nagyon fontos t\u00e9ma, ami a sz\u00e1ll\u00edtm\u00e1nyoz\u00e1si c\u00e9geket \u00e9s a vesz\u00e9lyes \u00e1rut kezel\u0151 v\u00e1llalatokat \u00e9rinti, de ezek mellett j\u00f3, ha tudjuk, mi hogyan m\u0171k\u00f6dik.<\/p>\n\n\n\n<p>Mutatjuk a legf\u0151bb ter\u00fcleteket, amikben \u00e9rv\u00e9nyes\u00fclnek az ADR szab\u00e1lyai:<\/p>\n\n\n\n<ul class=\"wp-block-list\">\n<li>oszt\u00e1lyoz\u00e1s \u00e9s c\u00edmk\u00e9z\u00e9s<\/li>\n\n\n\n<li>csomagol\u00e1s<\/li>\n\n\n\n<li>jel\u00f6l\u00e9s \u00e9s dokument\u00e1ci\u00f3<\/li>\n\n\n\n<li>szab\u00e1lyozott sz\u00e1ll\u00edt\u00e1si eszk\u00f6z\u00f6k<\/li>\n\n\n\n<li>sz\u00e1ll\u00edt\u00e1si folyamat \u00e9s biztons\u00e1g<\/li>\n\n\n\n<li>sz\u00e1ll\u00edt\u00e1s ir\u00e1ny\u00edt\u00e1sa<\/li>\n\n\n\n<li>k\u00e9pz\u00e9s \u00e9s tan\u00fas\u00edtv\u00e1ny<\/li>\n<\/ul>\n\n\n\n<h2 class=\"wp-block-heading\"><strong>A vesz\u00e9lyes \u00e1ruk<\/strong><\/h2>\n\n\n\n<figure class=\"wp-block-image size-full\"><img decoding=\"async\" width=\"600\" height=\"400\" src=\"https:\/\/ghibli.hu\/wp-content\/uploads\/2023\/10\/adr-szallitas-szabalyai-veszelyes-aruk.jpg\" alt=\"Adr sz\u00e1ll\u00edt\u00e1s szab\u00e1lyai - vesz\u00e9lyes \u00e1ruk\" class=\"wp-image-6341\" title=\"\" srcset=\"https:\/\/ghibli.hu\/wp-content\/uploads\/2023\/10\/adr-szallitas-szabalyai-veszelyes-aruk.jpg 600w, https:\/\/ghibli.hu\/wp-content\/uploads\/2023\/10\/adr-szallitas-szabalyai-veszelyes-aruk-300x200.jpg 300w\" sizes=\"(max-width: 600px) 100vw, 600px\" \/><figcaption><\/figcaption><\/figure>\n\n\n\n<p>Az ADR szab\u00e1lyoz\u00e1s kategoriz\u00e1lja azokat az anyagokat, amik vesz\u00e9lyt jelentenek az emberekre, az \u00e1llatokra, a k\u00f6rnyezetre vagy m\u00e1s sz\u00e1ll\u00edtott \u00e1rukra, ha azokat nem megfelel\u0151en kezelik.<\/p>\n\n\n\n<h3 class=\"wp-block-heading\"><strong>Robban\u00f3anyagok, Oszt\u00e1ly: 1<\/strong><\/h3>\n\n\n\n<p>Ide tartoz\u00f3 anyagok p\u00e9ld\u00e1ul a dinamit, t\u0171zszersz\u00e1mok \u00e9s pirotechnikai term\u00e9kek.<\/p>\n\n\n\n<h3 class=\"wp-block-heading\"><strong>G\u00e1zok, Oszt\u00e1ly: 2<\/strong><\/h3>\n\n\n\n<p>Ez az csoport mag\u00e1ba foglalja a nyom\u00e1s alatt tartott g\u00e1zokat, p\u00e9ld\u00e1ul but\u00e1n, prop\u00e1n, valamint h\u0171t\u0151g\u00e1zok.<\/p>\n\n\n\n<h3 class=\"wp-block-heading\"><strong>Gyullad\u00e1svesz\u00e9lyes folyad\u00e9kok \u00e9s szil\u00e1rd anyagok, Oszt\u00e1ly: 3<\/strong><\/h3>\n\n\n\n<p>Ilyen anyagok k\u00f6z\u00e9 tartoznak p\u00e9ld\u00e1ul a gy\u00fal\u00e9kony folyad\u00e9kok \u00e9s szil\u00e1rd gy\u00fal\u00e9kony anyagok.<\/p>\n\n\n\n<h3 class=\"wp-block-heading\"><strong>Savak \u00e9s l\u00fagok, Oszt\u00e1ly: 8<\/strong><\/h3>\n\n\n\n<p>Ez a vesz\u00e9lyes anyag csoport tartalmazza a mar\u00f3 hat\u00e1s\u00fa savakat \u00e9s l\u00fagokat.<\/p>\n\n\n\n<h3 class=\"wp-block-heading\"><strong>Radioakt\u00edv anyagok, Oszt\u00e1ly: 7<\/strong><\/h3>\n\n\n\n<figure class=\"wp-block-image size-full\"><img decoding=\"async\" width=\"600\" height=\"400\" src=\"https:\/\/ghibli.hu\/wp-content\/uploads\/2023\/10\/adr-szallitas-szabalyai-radioaktiv.jpg\" alt=\"Adr sz\u00e1ll\u00edt\u00e1s szab\u00e1lyai - radioakt\u00edv\" class=\"wp-image-6340\" title=\"\" srcset=\"https:\/\/ghibli.hu\/wp-content\/uploads\/2023\/10\/adr-szallitas-szabalyai-radioaktiv.jpg 600w, https:\/\/ghibli.hu\/wp-content\/uploads\/2023\/10\/adr-szallitas-szabalyai-radioaktiv-300x200.jpg 300w\" sizes=\"(max-width: 600px) 100vw, 600px\" \/><figcaption><\/figcaption><\/figure>\n\n\n\n<p>Ilyen anyagok k\u00f6z\u00e9 tartoznak a radioakt\u00edv izot\u00f3pok \u00e9s egy\u00e9b sug\u00e1rz\u00f3 anyagok.<\/p>\n\n\n\n<h3 class=\"wp-block-heading\"><strong>M\u00e9reganyagok, Oszt\u00e1ly: 6<\/strong><\/h3>\n\n\n\n<p>Ezek az \u00e1ruk a m\u00e9rgez\u0151 \u00e9s fert\u0151z\u0151 anyagok, amik vesz\u00e9lyt jelenthetnek az emberi eg\u00e9szs\u00e9gre.<\/p>\n\n\n\n<h3 class=\"wp-block-heading\"><strong>Vesz\u00e9lyes hullad\u00e9k, Oszt\u00e1ly: 9<\/strong><\/h3>\n\n\n\n<p>Ebben a kateg\u00f3ri\u00e1ban vannak az olyan anyagok, amelyek vesz\u00e9lyes hullad\u00e9kk\u00e9nt kezelend\u0151k.<\/p>\n\n\n\n<h3 class=\"wp-block-heading\"><strong>Az ADR \u00e9s a fejl\u0151d\u00e9s<\/strong><\/h3>\n\n\n\n<p>Az ADR sz\u00e1ll\u00edt\u00e1s szab\u00e1lyait 1957-ben az Eur\u00f3pai Gazdas\u00e1gi Bizotts\u00e1g hozta l\u00e9tre. Ez volt az els\u0151 nemzetk\u00f6zi szab\u00e1lyoz\u00e1s, ami a vesz\u00e9lyes anyagokat c\u00e9lozta meg.<\/p>\n\n\n\n<p>A szab\u00e1lyzat terjedelme \u00e9s hat\u00e1lya az \u00e9vek alatt b\u0151v\u00fclt \u00e9s fejl\u0151d\u00f6tt.<\/p>\n\n\n\n<p>2003-ban jelent meg a harmadik kiad\u00e1s, amiben szerepelt az oszt\u00e1lyoz\u00e1si rendszer \u00e9s maga az oszt\u00e1lyok \u00e9s csoportok bevezet\u00e9se is itt jelent meg el\u0151sz\u00f6r.<\/p>\n\n\n\n<p>Ahogy felt\u0171nt a digitaliz\u00e1ci\u00f3, az ADR dokumentumait is egyre gyakrabban digitaliz\u00e1lt\u00e1k.<\/p>\n\n\n\n<p>A szab\u00e1lyoz\u00e1s tov\u00e1bbra is fejl\u0151dik, \u00e9s egyre szigor\u00fabb int\u00e9zked\u00e9seket, el\u0151\u00edr\u00e1sokat vezetnek be az emberek \u00e9s a k\u00f6rnyezet \u00e9rdek\u00e9ben \u00e9s v\u00e9delm\u00e9ben.<\/p>\n\n\n\n<h3 class=\"wp-block-heading\"><strong>Biztons\u00e1gi int\u00e9zked\u00e9sek vesz\u00e9lyes anyagok sz\u00e1ll\u00edt\u00e1s\u00e1n\u00e1l<\/strong><\/h3>\n\n\n\n<p>A vesz\u00e9lyes anyagok sz\u00e1ll\u00edt\u00e1sakor nagyon sok int\u00e9zked\u00e9s van, aminek eleget kell tenn\u00fcnk. Felsorolunk p\u00e1rat, amire \u00e9rdemes figyelni:<\/p>\n\n\n\n<p>Minden vesz\u00e9lyes anyagot megfelel\u0151en kell <strong>oszt\u00e1lyozni \u00e9s c\u00edmk\u00e9zni<\/strong>, annak \u00e9rdek\u00e9ben, hogy az emberek k\u00f6nnyen azonos\u00edthass\u00e1k \u00e9s kezelhess\u00e9k a term\u00e9ket.<\/p>\n\n\n\n<p>Ezeket az \u00e1rukat a <strong>legjobb csomagol\u00e1ssal ell\u00e1tva<\/strong> szabad csak sz\u00e1ll\u00edtani, ami megakad\u00e1lyozza a sziv\u00e1rg\u00e1st \u00e9s a s\u00e9r\u00fcl\u00e9st. Valamint vannak olyan vesz\u00e9lyes \u00e1ruk, amelyikn\u00e9l meg van adva, hogyan szabad sz\u00e1ll\u00edtani. Erre is alaposan fel kell k\u00e9sz\u00fclni \u00e9s figyelni, hogy a helyes sz\u00e1ll\u00edt\u00e1si \u00e9s t\u00e1rol\u00e1si m\u00f3dban tudjuk eljuttatni a term\u00e9ket az egyik pontb\u00f3l a m\u00e1sikba.<\/p>\n\n\n\n<p>A sof\u0151rnek, a rakod\u00f3nak vagy a sz\u00e1ll\u00edt\u00e1sban r\u00e9sztvev\u0151 szem\u00e9lyeknek <strong>megfelel\u0151 k\u00e9pz\u00e9seken<\/strong> kell r\u00e9szt venni\u00fck, hogy a vesz\u00e9lyes anyagokat hozz\u00e1\u00e9rt\u0151en tudj\u00e1k kezelni.<\/p>\n\n\n\n<p>Az \u00e1rusz\u00e1ll\u00edt\u00e1sban a <strong>szakemberek<\/strong> mellett, a sz\u00e1ll\u00edtm\u00e1nyoz\u00f3 <strong>g\u00e9pj\u00e1rm\u0171vek<\/strong> szerepe is meghat\u00e1roz\u00f3. Hiszen a megfelel\u0151 technikai felt\u00e9telekkel kell rendelkeznie a teheraut\u00f3knak, hogy k\u00e9pesek legyenek vesz\u00e9lyes anyagokat sz\u00e1ll\u00edtani. Ilyenek p\u00e9ld\u00e1ul a speci\u00e1lis tart\u00e1lyok \u00e9s kont\u00e9nerek.<\/p>\n\n\n\n<p>Ha minden a legnagyobb rendben halad, akkor is vannak bizonyos int\u00e9zked\u00e9sek, amiknek eleget kell tenni. Ilyen p\u00e9ld\u00e1ul a hat\u00f3s\u00e1gok \u00e1ltal rendszeresen ellen\u0151rz\u00f6tt a vesz\u00e9lyes anyagok sz\u00e1ll\u00edt\u00e1sa. Ezeken az <strong>ellen\u0151rz\u0151 pontokon<\/strong> megn\u00e9zik, hogy megfelel\u0151-e az anyag sz\u00e1ll\u00edt\u00e1sa.<\/p>\n\n\n\n<h2 class=\"wp-block-heading\"><strong>ADR \u00e9s a k\u00f6rnyezetv\u00e9delem<\/strong><\/h2>\n\n\n\n<figure class=\"wp-block-image size-full\"><img decoding=\"async\" width=\"600\" height=\"400\" src=\"https:\/\/ghibli.hu\/wp-content\/uploads\/2023\/10\/adr-szallitas-szabalyai-kornyezetvedelem.jpg\" alt=\"Adr sz\u00e1ll\u00edt\u00e1s zsab\u00e1lyai - k\u00f6rnyezetv\u00e9delem\" class=\"wp-image-6339\" title=\"\" srcset=\"https:\/\/ghibli.hu\/wp-content\/uploads\/2023\/10\/adr-szallitas-szabalyai-kornyezetvedelem.jpg 600w, https:\/\/ghibli.hu\/wp-content\/uploads\/2023\/10\/adr-szallitas-szabalyai-kornyezetvedelem-300x200.jpg 300w\" sizes=\"(max-width: 600px) 100vw, 600px\" \/><figcaption><\/figcaption><\/figure>\n\n\n\n<p><a><\/a>Az ADR egyezm\u00e9ny szigor\u00fa el\u0151\u00edr\u00e1sokat tartalmaz a vesz\u00e9lyes anyagok sz\u00e1ll\u00edt\u00e1s\u00e1val kapcsolatban, aminek els\u0151dleges c\u00e9lja, a vesz\u00e9lyes term\u00e9kek k\u00f6z\u00fati sz\u00e1ll\u00edt\u00e1s\u00e1nak biztons\u00e1goss\u00e1 t\u00e9tele.<\/p>\n\n\n\n<p><a><\/a>A biztons\u00e1gi el\u0151\u00edr\u00e1sok \u00e9s a szigor\u00fa szab\u00e1lyoz\u00e1s seg\u00edtik minimaliz\u00e1lni a balesetek \u00e9s a k\u00f6rnyezetszennyez\u00e9s kock\u00e1zat\u00e1t, ami ez\u00e1ltal folyamatosan cs\u00f6kken.<\/p>\n\n\n\n<p>Ebben az esetben a k\u00f6rnyezetv\u00e9delem kiemelten fontos, hiszen a sziv\u00e1rg\u00e1sok komolyabb k\u00f6vetkezm\u00e9nyekkel j\u00e1rhatnak a term\u00e9szetre \u00e9s az emberekre n\u00e9zve.<\/p>\n\n\n\n<p><a><\/a>A sziv\u00e1rg\u00e1sok elker\u00fcl\u00e9s\u00e9t \u00e9s a kisziv\u00e1rgott anyagok biztons\u00e1gos t\u00e1rol\u00e1s\u00e1t szolg\u00e1l\u00f3 felszerel\u00e9seket a teheraut\u00f3knak tartalmaznia kell!<\/p>\n\n\n\n<p><a><\/a>Nagyon fontosak a tart\u00e1lyok, valamint az alternat\u00edv \u00fatvonalak, amiket minden logisztikai csapatnak tudnia kell vesz\u00e9ly eset\u00e9n.<\/p>\n\n\n\n<p><a><\/a>Ezek a v\u00e9szhelyzeti tervek seg\u00edtik megel\u0151zni a bajt, valamint gyors \u00e9s hat\u00e9kony cselekv\u00e9st biztos\u00edtanak, hogy ha a vesz\u00e9lyes anyagokkal t\u00f6rt\u00e9nne valamilyen probl\u00e9ma.<\/p>\n\n\n\n<p>Ha k\u00e9rd\u00e9sed lenne a t\u00e9m\u00e1ban, a <a href=\"https:\/\/ghibli.hu\/\" target=\"_blank\" rel=\"noreferrer noopener\">Ghibli honlapj\u00e1n<\/a> mindenre megtal\u00e1lod a v\u00e1laszt!<\/p>\n","protected":false},"excerpt":{"rendered":"<p>ADR sz\u00e1ll\u00edt\u00e1s szab\u00e1lyai \u00e9s amit tudnod kell r\u00f3luk. Az ADR sz\u00e1ll\u00edt\u00e1s szab\u00e1lyai, \u00e9s minden amit tudnod kell r\u00f3la<\/p>\n","protected":false},"author":2,"featured_media":6338,"comment_status":"closed","ping_status":"closed","sticky":false,"template":"","format":"standard","meta":{"_acf_changed":false,"footnotes":""},"categories":[40],"tags":[66,46,67,55,68],"class_list":["post-6326","post","type-post","status-publish","format-standard","has-post-thumbnail","hentry","category-blog","tag-adr-szabalyai","tag-aruszallitas","tag-kornyezetvedelem","tag-kozuti-szallitmanyozas","tag-veszelyes-rauk"],"acf":[],"_links":{"self":[{"href":"https:\/\/ghibli.hu\/en\/wp-json\/wp\/v2\/posts\/6326","targetHints":{"allow":["GET"]}}],"collection":[{"href":"https:\/\/ghibli.hu\/en\/wp-json\/wp\/v2\/posts"}],"about":[{"href":"https:\/\/ghibli.hu\/en\/wp-json\/wp\/v2\/types\/post"}],"author":[{"embeddable":true,"href":"https:\/\/ghibli.hu\/en\/wp-json\/wp\/v2\/users\/2"}],"replies":[{"embeddable":true,"href":"https:\/\/ghibli.hu\/en\/wp-json\/wp\/v2\/comments?post=6326"}],"version-history":[{"count":0,"href":"https:\/\/ghibli.hu\/en\/wp-json\/wp\/v2\/posts\/6326\/revisions"}],"wp:featuredmedia":[{"embeddable":true,"href":"https:\/\/ghibli.hu\/en\/wp-json\/wp\/v2\/media\/6338"}],"wp:attachment":[{"href":"https:\/\/ghibli.hu\/en\/wp-json\/wp\/v2\/media?parent=6326"}],"wp:term":[{"taxonomy":"category","embeddable":true,"href":"https:\/\/ghibli.hu\/en\/wp-json\/wp\/v2\/categories?post=6326"},{"taxonomy":"post_tag","embeddable":true,"href":"https:\/\/ghibli.hu\/en\/wp-json\/wp\/v2\/tags?post=6326"}],"curies":[{"name":"wp","href":"https:\/\/api.w.org\/{rel}","templated":true}]}}