{"id":6458,"date":"2023-12-13T09:47:42","date_gmt":"2023-12-13T08:47:42","guid":{"rendered":"https:\/\/ghibli.hu\/?p=6458"},"modified":"2023-12-13T09:47:42","modified_gmt":"2023-12-13T08:47:42","slug":"legi-szallitmanyozas","status":"publish","type":"post","link":"https:\/\/ghibli.hu\/en\/blog\/legi-szallitmanyozas\/","title":{"rendered":"L\u00e9gi sz\u00e1ll\u00edtm\u00e1nyoz\u00e1s: hogyan \u00e9s mire figyelj?"},"content":{"rendered":"\n<p>A logisztika egyik legjobb megold\u00e1sai k\u00f6z\u00f6tt szerepel a l\u00e9gi sz\u00e1ll\u00edtm\u00e1nyoz\u00e1s.<\/p>\n\n\n\n<p>Kor\u00e1bban a <a href=\"https:\/\/ghibli.hu\/blog\/logisztikai-szolgaltatas-miert-van-ra-szukseg\/\" target=\"_blank\" rel=\"noreferrer noopener\"><strong>logisztikai szolg\u00e1ltat\u00e1sokr\u00f3l \u00edrtunk<\/strong><\/a>, amiben a hat\u00e9konys\u00e1got \u00e9s optimaliz\u00e1l\u00e1st is bemutattuk, hogy mi\u00e9rt l\u00e9tfontoss\u00e1g\u00fa a szolg\u00e1ltat\u00e1sban. Tov\u00e1bb\u00e1 kisv\u00e1llalkoz\u00f3knak is adtunk p\u00e1r tippet, hogyan tehetik jobb\u00e1 \u00e9s hogyan figyelhetnek arra, hogy a legjobbak legyenek a piacon. Ha \u00e9rdekel a t\u00e9ma, mindenk\u00e9pp olvasd el a cikket!<\/p>\n\n\n\n<p>Ebben a bejegyz\u00e9sben a l\u00e9gi sz\u00e1ll\u00edtm\u00e1nyoz\u00e1s szempontjait, \u00e9rdekess\u00e9geit \u00e9s f\u0151 c\u00e9ljait mutatjuk be, tarts vel\u00fcnk!<\/p>\n\n\n\n<h2 class=\"wp-block-heading\"><a href=\"https:\/\/ghibli.hu\/szolgaltatasaink\/tengeri-vasuti-legi-szallitmanyozas\/\" target=\"_blank\" rel=\"noreferrer noopener\"><strong>A l\u00e9gi sz\u00e1ll\u00edtm\u00e1nyoz\u00e1s szerepe glob\u00e1lisan<\/strong><\/a><\/h2>\n\n\n\n<figure class=\"wp-block-image size-full\"><img decoding=\"async\" width=\"600\" height=\"400\" src=\"https:\/\/ghibli.hu\/wp-content\/uploads\/2024\/01\/legi-szall-2-scaled-e1704272275842.jpg\" alt=\"l\u00e9gi sz\u00e1ll\u00edtm\u00e1nyoz\u00e1s\" class=\"wp-image-6461\" title=\"\" srcset=\"https:\/\/ghibli.hu\/wp-content\/uploads\/2024\/01\/legi-szall-2-scaled-e1704272275842.jpg 600w, https:\/\/ghibli.hu\/wp-content\/uploads\/2024\/01\/legi-szall-2-scaled-e1704272275842-300x200.jpg 300w\" sizes=\"(max-width: 600px) 100vw, 600px\" \/><figcaption><\/figcaption><\/figure>\n\n\n\n<p>A l\u00e9gi sz\u00e1ll\u00edtm\u00e1nyoz\u00e1s nagy szerepet j\u00e1tszik a glob\u00e1lis kereskedelemben, \u00e9s a v\u00e1llalkoz\u00e1sok sz\u00e1m\u00e1ra sz\u00e1mos el\u0151nyt k\u00edn\u00e1l, amib\u0151l bemutatunk p\u00e1rat:<\/p>\n\n\n\n<ul class=\"wp-block-list\">\n<li><strong>gyors \u00e9s rugalmas<\/strong>: a l\u00e9gi sz\u00e1ll\u00edtm\u00e1nyoz\u00e1s kiemelked\u0151en gyors \u00e9s rugalmas. A rep\u00fcl\u0151g\u00e9pek lehet\u0151v\u00e9 teszik az \u00e1ruk gyors \u00e9s hat\u00e9kony mozgat\u00e1s\u00e1t, cs\u00f6kkentve a sz\u00e1ll\u00edt\u00e1si id\u0151t. Ez k\u00fcl\u00f6n\u00f6sen fontos a kereskedelmi tranzakci\u00f3k \u00e9s a glob\u00e1lis ell\u00e1t\u00e1si l\u00e1ncok szempontj\u00e1b\u00f3l.<\/li>\n\n\n\n<li><strong>glob\u00e1lis el\u00e9rhet\u0151s\u00e9g<\/strong>: a sz\u00e1ll\u00edtm\u00e1nyoz\u00e1snak k\u00f6sz\u00f6nhet\u0151en a v\u00e1llalkoz\u00e1sok k\u00e9pesek k\u00f6nnyen eljuttatni term\u00e9keiket b\u00e1rhov\u00e1 az eg\u00e9sz vil\u00e1gon. A rep\u00fcl\u0151g\u00e9pek szinte minden pontot el\u00e9rnek, ezzel lehet\u0151v\u00e9 t\u00e9ve a glob\u00e1lis piacokon val\u00f3 r\u00e9szv\u00e9telt \u00e9s a terjeszked\u00e9st.<\/li>\n\n\n\n<li><strong>magasabb bev\u00e9tel<\/strong>: lehet\u0151v\u00e9 teszi a v\u00e1llalkoz\u00e1sok sz\u00e1m\u00e1ra a l\u00e9gi sz\u00e1ll\u00edtm\u00e1nyoz\u00e1s, hogy gyorsan reag\u00e1ljanak a keresletv\u00e1ltoz\u00e1sokra. Az \u00e1ruk gyorsabb eljuttat\u00e1sa n\u00f6veli az \u00fczleti \u00e9rt\u00e9ket \u00e9s az \u00fcgyf\u00e9l el\u00e9gedetts\u00e9get, ami hozz\u00e1j\u00e1rul a magasabb bev\u00e9telekhez.<\/li>\n\n\n\n<li><strong>k\u00e9nyes term\u00e9kek sz\u00e1ll\u00edt\u00e1sa<\/strong>: azoknak a term\u00e9keknek, amik id\u0151\u00e9rz\u00e9kenyek vagy k\u00e9nyesek a k\u00f6rnyezeti t\u00e9nyez\u0151kkel szemben, a l\u00e9gi sz\u00e1ll\u00edtm\u00e1nyoz\u00e1s ide\u00e1lis v\u00e1laszt\u00e1s. Az orvosi, elektronikai vagy friss\u00e1ru term\u00e9kek gyors eljuttat\u00e1sa kulcsfontoss\u00e1g\u00fa lehet.<\/li>\n\n\n\n<li><strong>cs\u00f6kkentett rakt\u00e1roz\u00e1si k\u00f6lts\u00e9gek<\/strong>: a gyorsabb sz\u00e1ll\u00edt\u00e1snak k\u00f6sz\u00f6nhet\u0151en a v\u00e1llalkoz\u00e1sok cs\u00f6kkenthetik a rakt\u00e1roz\u00e1si k\u00f6lts\u00e9geiket. Az \u00e1ruk gyorsan eljutnak a vev\u0151kh\u00f6z, minimaliz\u00e1lva a rakt\u00e1rban t\u00f6lt\u00f6tt id\u0151t \u00e9s a kapcsol\u00f3d\u00f3 k\u00f6lts\u00e9geket.<\/li>\n\n\n\n<li><strong>el\u0151ny a piacon<\/strong>: a v\u00e1llalkoz\u00e1sok, amik k\u00e9pesek gyorsan reag\u00e1lni a piaci v\u00e1ltoz\u00e1sokra \u00e9s gyorsan kiszolg\u00e1lni az \u00fcgyfeleiket, kompetit\u00edv el\u0151nyt \u00e9lveznek. A l\u00e9gi sz\u00e1ll\u00edtm\u00e1nyoz\u00e1s seg\u00edti a v\u00e1llalatokat abban, hogy versenyk\u00e9pesek maradjanak a dinamikus glob\u00e1lis piacon.<\/li>\n<\/ul>\n\n\n\n<h2 class=\"wp-block-heading\"><strong>Fenntarthat\u00f3s\u00e1g kih\u00edv\u00e1sai<\/strong><\/h2>\n\n\n\n<figure class=\"wp-block-image size-full\"><img decoding=\"async\" width=\"600\" height=\"300\" src=\"https:\/\/ghibli.hu\/wp-content\/uploads\/2024\/01\/legi-szall-valtozas-scaled-e1704272330603.jpg\" alt=\"l\u00e9gi sz\u00e1ll\u00edtm\u00e1nyoz\u00e1s v\u00e1ltoz\u00e1sai\" class=\"wp-image-6462\" title=\"\" srcset=\"https:\/\/ghibli.hu\/wp-content\/uploads\/2024\/01\/legi-szall-valtozas-scaled-e1704272330603.jpg 600w, https:\/\/ghibli.hu\/wp-content\/uploads\/2024\/01\/legi-szall-valtozas-scaled-e1704272330603-300x150.jpg 300w\" sizes=\"(max-width: 600px) 100vw, 600px\" \/><figcaption><\/figcaption><\/figure>\n\n\n\n<p>A l\u00e9gi sz\u00e1ll\u00edtm\u00e1nyoz\u00e1snak a fenntarthat\u00f3s\u00e1g fel\u00e9 t\u00f6rt\u00e9n\u0151 elmozdul\u00e1sa kih\u00edv\u00e1sokkal teli, ugyanakkor l\u00e9tfontoss\u00e1g\u00fa a k\u00f6rnyezetv\u00e9delem \u00e9s a kl\u00edmav\u00e1ltoz\u00e1s kezel\u00e9se \u00e9rdek\u00e9ben.<\/p>\n\n\n\n<h3 class=\"wp-block-heading\"><strong>\u00dczemanyag-hat\u00e9konys\u00e1g \u00e9s technol\u00f3giai fejleszt\u00e9sek<\/strong><\/h3>\n\n\n\n<p>A l\u00e9gi sz\u00e1ll\u00edtm\u00e1nyoz\u00e1s egyik kulcsfontoss\u00e1g\u00fa ter\u00fclete a rep\u00fcl\u0151g\u00e9pek \u00fczemanyag-hat\u00e9konys\u00e1g\u00e1nak jav\u00edt\u00e1sa. A l\u00e9git\u00e1rsas\u00e1gok folyamatosan fejlesztik a rep\u00fcl\u0151g\u00e9pflott\u00e1jukat, bele\u00e9rtve a moderniz\u00e1lt, \u00fczemanyag-hat\u00e9konyabb g\u00e9peket. Az \u00fajabb rep\u00fcl\u0151g\u00e9pek haszn\u00e1lata cs\u00f6kkenti a k\u00e1rosanyag-kibocs\u00e1t\u00e1st \u00e9s n\u00f6veli a sz\u00e1ll\u00edtm\u00e1nyoz\u00e1s hat\u00e9konys\u00e1g\u00e1t.<\/p>\n\n\n\n<h3 class=\"wp-block-heading\"><strong>Alternat\u00edv \u00fczemanyagok \u00e9s hidrog\u00e9n technol\u00f3gia<\/strong><\/h3>\n\n\n\n<p>A l\u00e9gi sz\u00e1ll\u00edtm\u00e1nyoz\u00e1sban egyre ink\u00e1bb hangs\u00falyt kapnak az alternat\u00edv \u00fczemanyagok, p\u00e9ld\u00e1ul bio\u00fczemanyagok \u00e9s hidrog\u00e9n technol\u00f3gia. A kutat\u00e1s \u00e9s fejleszt\u00e9s ter\u00e9n foly\u00f3 munka arra \u00f6sszpontos\u00edt, hogy olyan fenntarthat\u00f3 \u00fczemanyagokat fejlesszenek ki, amik cs\u00f6kkentik a rep\u00fcl\u00e9s k\u00f6rnyezeti hat\u00e1sait.<\/p>\n\n\n\n<h3 class=\"wp-block-heading\"><strong>Rep\u00fcl\u00e9si \u00fatvonalak optimaliz\u00e1l\u00e1sa<\/strong><\/h3>\n\n\n\n<p>Az optimaliz\u00e1lt rep\u00fcl\u00e9si \u00fatvonalak \u00e9s a rep\u00fcl\u00e9si magass\u00e1gok seg\u00edtenek cs\u00f6kkenteni a k\u00e1rosanyag-kibocs\u00e1t\u00e1st. A modern l\u00e9giforgalmi ir\u00e1ny\u00edt\u00e1si rendszerek \u00e9s technol\u00f3gi\u00e1k lehet\u0151v\u00e9 teszik az effekt\u00edv \u00fatvonaltervez\u00e9st, minimaliz\u00e1lva a k\u00f6rnyezeti terhel\u00e9st.<\/p>\n\n\n\n<h3 class=\"wp-block-heading\"><strong>Csomagol\u00e1s \u00e9s logisztikai folyamatok optimaliz\u00e1l\u00e1sa<\/strong><\/h3>\n\n\n\n<p>A v\u00e1llalatoknak nemcsak a rep\u00fcl\u00e9si f\u00e1zison, hanem a csomagol\u00e1sn\u00e1l \u00e9s logisztikai folyamatokn\u00e1l is lehet\u0151s\u00e9g\u00fck van fenntarthat\u00f3s\u00e1gi int\u00e9zked\u00e9sek bevezet\u00e9s\u00e9re. K\u00f6nny\u0171 \u00e9s \u00fajrahasznos\u00edthat\u00f3 csomagol\u00f3anyagok haszn\u00e1lata, valamint az optimaliz\u00e1lt logisztikai l\u00e1ncok seg\u00edtenek minimaliz\u00e1lni az \u00f6kol\u00f3giai l\u00e1bnyomot.<\/p>\n\n\n\n<h2 class=\"wp-block-heading\"><strong>V\u00e1ltoz\u00e1sok a vil\u00e1gj\u00e1rv\u00e1ny ut\u00e1n<\/strong><\/h2>\n\n\n\n<figure class=\"wp-block-image size-full\"><img decoding=\"async\" width=\"600\" height=\"429\" src=\"https:\/\/ghibli.hu\/wp-content\/uploads\/2024\/01\/legi-szall-jarvany-scaled-e1704272377618.jpg\" alt=\"l\u00e9gi sz\u00e1ll\u00edtm\u00e1nyoz\u00e1s vil\u00e1gj\u00e1rv\u00e1ny alatt\" class=\"wp-image-6463\" title=\"\" srcset=\"https:\/\/ghibli.hu\/wp-content\/uploads\/2024\/01\/legi-szall-jarvany-scaled-e1704272377618.jpg 600w, https:\/\/ghibli.hu\/wp-content\/uploads\/2024\/01\/legi-szall-jarvany-scaled-e1704272377618-300x215.jpg 300w\" sizes=\"(max-width: 600px) 100vw, 600px\" \/><figcaption><\/figcaption><\/figure>\n\n\n\n<p>A l\u00e9gi sz\u00e1ll\u00edtm\u00e1nyoz\u00e1snak v\u00e1ratlan kih\u00edv\u00e1sokkal kellett szemben\u00e9znie a vil\u00e1gj\u00e1rv\u00e1ny idej\u00e9n, k\u00fcl\u00f6nf\u00e9le v\u00e1ltoz\u00e1sokat induk\u00e1lva az \u00e1gazatban.<\/p>\n\n\n\n<p>A l\u00e9gi sz\u00e1ll\u00edt\u00e1s egy r\u00e9sze a kereskedelmi rep\u00fcl\u0151g\u00e9peken alapult, \u00e9s a vil\u00e1gj\u00e1rv\u00e1ny idej\u00e9n a l\u00e9gi utaz\u00e1s dr\u00e1maian visszaesett. Ez a cs\u00f6kken\u00e9s hat\u00e1ssal volt a sz\u00e1ll\u00edtm\u00e1nyoz\u00e1si kapacit\u00e1sokra, mivel kevesebb rep\u00fcl\u0151g\u00e9p volt \u00fczemben a vil\u00e1gj\u00e1rv\u00e1nyok miatt.<\/p>\n\n\n\n<p>A l\u00e9gi sz\u00e1ll\u00edtm\u00e1nyoz\u00f3 v\u00e1llalatoknak \u00e1t kellett szervezni\u00fck \u00e9s alkalmazkodniuk kellett a v\u00e1ltoz\u00f3 kereslethez. A gyors \u00e9s hat\u00e9kony \u00e1tszervez\u00e9s \u00e9s rugalmass\u00e1g volt a kulcs a j\u00e1rv\u00e1nyok \u00e1ltal okozott v\u00e1ratlan kih\u00edv\u00e1sok kezel\u00e9s\u00e9ben.<\/p>\n\n\n\n<p>A l\u00e9gi sz\u00e1ll\u00edt\u00e1snak mind az utasok, mind a sz\u00e1ll\u00edtm\u00e1nyok eg\u00e9szs\u00e9g\u00e9nek \u00e9s biztons\u00e1g\u00e1nak szigor\u00fabb el\u0151\u00edr\u00e1soknak kellett megfelelnie. \u00daj eg\u00e9szs\u00e9g\u00fcgyi protokollok \u00e9s biztons\u00e1gi int\u00e9zked\u00e9sek l\u00e9ptek \u00e9letbe, hogy minimaliz\u00e1lj\u00e1k a fert\u0151z\u00e9si kock\u00e1zatokat.<\/p>\n\n\n\n<p>A j\u00e1rv\u00e1nyok r\u00e1vil\u00e1g\u00edtottak a digit\u00e1lis \u00e1talakul\u00e1s fontoss\u00e1g\u00e1ra a l\u00e9gi sz\u00e1ll\u00edtm\u00e1nyoz\u00e1sban. Az elektronikus dokument\u00e1ci\u00f3, az online k\u00f6vet\u00e9si rendszerek \u00e9s az automatiz\u00e1lt folyamatok seg\u00edtett\u00e9k a hat\u00e9konys\u00e1g n\u00f6vel\u00e9s\u00e9t \u00e9s az \u00e9rintkez\u00e9s minimaliz\u00e1l\u00e1s\u00e1t.&nbsp;<\/p>\n\n\n\n<p>Az ilyen v\u00e1llalatok k\u00f6z\u00f6tti partners\u00e9gek \u00e9s szolidarit\u00e1s jelent\u0151s szerepet j\u00e1tszottak a kih\u00edv\u00e1sok lek\u00fczd\u00e9s\u00e9ben. Egy\u00fcttm\u0171k\u00f6d\u00e9sek j\u00f6ttek l\u00e9tre a kapacit\u00e1sok megoszt\u00e1sa, a k\u00f6z\u00f6s j\u00e1ratok \u00e9s a hat\u00e9konyabb sz\u00e1ll\u00edt\u00e1si megold\u00e1sok \u00e9rdek\u00e9ben.<\/p>\n\n\n\n<p>Dinamikusan reag\u00e1ltak a vil\u00e1gj\u00e1rv\u00e1ny okozta v\u00e1ltoz\u00e1sokra, \u00e9s ezek az esem\u00e9nyek \u00faj lehet\u0151s\u00e9geket \u00e9s kih\u00edv\u00e1sokat hoztak a sz\u00e1ll\u00edt\u00e1si szektor sz\u00e1m\u00e1ra. A rugalmass\u00e1g, a technol\u00f3giai fejl\u0151d\u00e9s \u00e9s az ipar\u00e1gi egy\u00fcttm\u0171k\u00f6d\u00e9sek kiemelt fontoss\u00e1g\u00faak voltak a szektor fenntarthat\u00f3s\u00e1ga \u00e9s hat\u00e9konys\u00e1ga szempontj\u00e1b\u00f3l.<\/p>\n\n\n\n<p>Ha tov\u00e1bbi inform\u00e1ci\u00f3t szeretn\u00e9l, vagy a tengeri, vas\u00fati esetleg a kombin\u00e1lt sz\u00e1ll\u00edtm\u00e1nyoz\u00e1s \u00e9rdekel, a <a href=\"https:\/\/ghibli.hu\/\" target=\"_blank\" rel=\"noreferrer noopener\"><strong>Ghibli honlapj\u00e1n<\/strong><\/a> mindent megtal\u00e1lsz!<\/p>\n","protected":false},"excerpt":{"rendered":"<p>A l\u00e9gi sz\u00e1ll\u00edtm\u00e1nyoz\u00e1s minden t\u00e9nyez\u0151je gyors \u00e9s hat\u00e9kony.<\/p>\n","protected":false},"author":2,"featured_media":6459,"comment_status":"closed","ping_status":"closed","sticky":false,"template":"","format":"standard","meta":{"_acf_changed":false,"footnotes":""},"categories":[40],"tags":[71,72,56,73],"class_list":["post-6458","post","type-post","status-publish","format-standard","has-post-thumbnail","hentry","category-blog","tag-fenntarthatosag","tag-globalis-szerep","tag-szallitmanyozas","tag-vilagjarvany"],"acf":[],"_links":{"self":[{"href":"https:\/\/ghibli.hu\/en\/wp-json\/wp\/v2\/posts\/6458","targetHints":{"allow":["GET"]}}],"collection":[{"href":"https:\/\/ghibli.hu\/en\/wp-json\/wp\/v2\/posts"}],"about":[{"href":"https:\/\/ghibli.hu\/en\/wp-json\/wp\/v2\/types\/post"}],"author":[{"embeddable":true,"href":"https:\/\/ghibli.hu\/en\/wp-json\/wp\/v2\/users\/2"}],"replies":[{"embeddable":true,"href":"https:\/\/ghibli.hu\/en\/wp-json\/wp\/v2\/comments?post=6458"}],"version-history":[{"count":0,"href":"https:\/\/ghibli.hu\/en\/wp-json\/wp\/v2\/posts\/6458\/revisions"}],"wp:featuredmedia":[{"embeddable":true,"href":"https:\/\/ghibli.hu\/en\/wp-json\/wp\/v2\/media\/6459"}],"wp:attachment":[{"href":"https:\/\/ghibli.hu\/en\/wp-json\/wp\/v2\/media?parent=6458"}],"wp:term":[{"taxonomy":"category","embeddable":true,"href":"https:\/\/ghibli.hu\/en\/wp-json\/wp\/v2\/categories?post=6458"},{"taxonomy":"post_tag","embeddable":true,"href":"https:\/\/ghibli.hu\/en\/wp-json\/wp\/v2\/tags?post=6458"}],"curies":[{"name":"wp","href":"https:\/\/api.w.org\/{rel}","templated":true}]}}