{"id":6748,"date":"2024-02-16T11:00:00","date_gmt":"2024-02-16T10:00:00","guid":{"rendered":"https:\/\/ghibli.hu\/?p=6748"},"modified":"2024-02-16T11:00:00","modified_gmt":"2024-02-16T10:00:00","slug":"magyarorszag-szerepe-a-nemzetkozi-szallitmanyozas-teruleten","status":"publish","type":"post","link":"https:\/\/ghibli.hu\/en\/blog\/magyarorszag-szerepe-a-nemzetkozi-szallitmanyozas-teruleten\/","title":{"rendered":"Magyarorsz\u00e1g szerepe a nemzetk\u00f6zi sz\u00e1ll\u00edtm\u00e1nyoz\u00e1s ter\u00fclet\u00e9n"},"content":{"rendered":"\n<p>Magyarorsz\u00e1g szerepe a nemzetk\u00f6zi sz\u00e1ll\u00edtm\u00e1nyoz\u00e1s ter\u00fclet\u00e9n egyre ink\u00e1bb el\u0151t\u00e9rbe ker\u00fcl, amint a glob\u00e1lis kereskedelem dinamik\u00e1ja folyamatosan v\u00e1ltozik. Ennek az orsz\u00e1gnak a k\u00f6z\u00e9p-eur\u00f3pai elhelyezked\u00e9se kulcsfontoss\u00e1g\u00fa t\u00e9nyez\u0151v\u00e9 teszi a tranzitforgalomban, l\u00e9trehozva egy strat\u00e9giai \u00e1tj\u00e1r\u00f3t Kelet \u00e9s Nyugat, valamint \u00c9szak \u00e9s D\u00e9l k\u00f6z\u00f6tt. A t\u00f6rt\u00e9nelmi \u00e9s kultur\u00e1lis \u00f6r\u00f6ks\u00e9g mellett Magyarorsz\u00e1g gazdas\u00e1gi \u00e9s logisztikai infrastrukt\u00far\u00e1ja is jelent\u0151s fejl\u0151d\u00e9sen ment kereszt\u00fcl az elm\u00falt \u00e9vtizedekben, ami lehet\u0151v\u00e9 tette, hogy el\u0151ny\u00f6s poz\u00edci\u00f3t szerezzen a nemzetk\u00f6zi sz\u00e1ll\u00edtm\u00e1nyoz\u00e1si piacon.<\/p>\n\n\n\n<h2 class=\"wp-block-heading\">F\u0151bb sz\u00e1ll\u00edt\u00e1si m\u00f3dok \u00e9s infrastrukt\u00far\u00e1k<\/h2>\n\n\n\n<p>Magyarorsz\u00e1g a <a href=\"https:\/\/ghibli.hu\/szolgaltatasaink\/tengeri-vasuti-legi-szallitmanyozas\/\">nemzetk\u00f6zi sz\u00e1ll\u00edtm\u00e1nyoz\u00e1s<\/a> ter\u00e9n val\u00f3 kiemelked\u00e9s\u00e9t a sokoldal\u00fa \u00e9s j\u00f3l fejlett sz\u00e1ll\u00edt\u00e1si infrastrukt\u00far\u00e1j\u00e1nak k\u00f6sz\u00f6nheti, amely mag\u00e1ban foglalja a k\u00f6z\u00fati, vas\u00fati, l\u00e9gi \u00e9s folyami sz\u00e1ll\u00edt\u00e1si m\u00f3dokat. Ezek a sz\u00e1ll\u00edt\u00e1si m\u00f3dok egy\u00fcttesen biztos\u00edtj\u00e1k a hat\u00e9kony \u00e9s rugalmas \u00e1ru\u00e1raml\u00e1st a nemzetk\u00f6zi \u00e9s belf\u00f6ldi piacok k\u00f6z\u00f6tt.<\/p>\n\n\n\n<h3 class=\"wp-block-heading\">K\u00f6z\u00fati sz\u00e1ll\u00edt\u00e1s<\/h3>\n\n\n\n<p>A k\u00f6z\u00fati sz\u00e1ll\u00edt\u00e1s kiemelked\u0151en fontos szerepet t\u00f6lt be a magyarorsz\u00e1gi \u00e1ruforgalomban. Az M0-\u00e1s aut\u00f3\u00fat, amely Budapestet k\u00f6rgy\u0171r\u0171k\u00e9nt \u00f6leli k\u00f6rbe, kulcsfontoss\u00e1g\u00fa tranzit\u00fatvonal a nemzetk\u00f6zi sz\u00e1ll\u00edtm\u00e1nyoz\u00e1sban. Emellett az orsz\u00e1gszerte ki\u00e9p\u00fclt aut\u00f3p\u00e1lya-h\u00e1l\u00f3zat, mint az M1, M3, M5 \u00e9s M7, el\u0151seg\u00edti az \u00e1ruk gyors \u00e9s hat\u00e9kony eljuttat\u00e1s\u00e1t az orsz\u00e1g hat\u00e1rain bel\u00fcl \u00e9s t\u00falra is.<\/p>\n\n\n\n<h3 class=\"wp-block-heading\">Vas\u00fati sz\u00e1ll\u00edt\u00e1s<\/h3>\n\n\n\n<p>A vas\u00fati sz\u00e1ll\u00edt\u00e1s hagyom\u00e1nyosan er\u0151s szegmens Magyarorsz\u00e1gon, amely jelent\u0151s m\u00e9rt\u00e9kben t\u00e1mogatja a nemzetk\u00f6zi \u00e9s region\u00e1lis \u00e1ruforgalmat. Az orsz\u00e1g a kelet-nyugati \u00e9s \u00e9szak-d\u00e9li korridorok fontos csom\u00f3pontjak\u00e9nt szolg\u00e1l, \u00edgy el\u0151seg\u00edtve az Eur\u00f3p\u00e1n bel\u00fcli \u00e9s a kontinensek k\u00f6z\u00f6tti kereskedelmet. A vas\u00fati infrastrukt\u00fara moderniz\u00e1l\u00e1sa, mint p\u00e9ld\u00e1ul a Budapest-Belgr\u00e1d vas\u00fatvonal fejleszt\u00e9se, tov\u00e1bb n\u00f6veli Magyarorsz\u00e1g logisztikai kapacit\u00e1s\u00e1t.<\/p>\n\n\n\n<h3 class=\"wp-block-heading\">L\u00e9gi sz\u00e1ll\u00edt\u00e1s<\/h3>\n\n\n\n<p>A Budapest Liszt Ferenc Nemzetk\u00f6zi Rep\u00fcl\u0151t\u00e9r Magyarorsz\u00e1g legnagyobb l\u00e9gi \u00e1ruforgalmi k\u00f6zpontja, amely fontos kapu a nemzetk\u00f6zi l\u00e9gi sz\u00e1ll\u00edtm\u00e1nyoz\u00e1s sz\u00e1m\u00e1ra. A rep\u00fcl\u0151t\u00e9r korszer\u0171 logisztikai \u00e9s \u00e1rukezel\u00e9si l\u00e9tes\u00edtm\u00e9nyekkel rendelkezik, amelyek lehet\u0151v\u00e9 teszik a gyors \u00e9s hat\u00e9kony \u00e1ruforgalmat sz\u00e1mos glob\u00e1lis \u00fati c\u00e9l fel\u00e9.<\/p>\n\n\n\n<p><\/p>\n\n\n\n<figure class=\"wp-block-image size-full is-resized\"><img decoding=\"async\" width=\"600\" height=\"400\" src=\"https:\/\/ghibli.hu\/wp-content\/uploads\/2024\/03\/nemzetkozi-szallitmanyozas-repulo.jpg\" alt=\"nemzetk\u00f6zi sz\u00e1ll\u00edtm\u00e1nyoz\u00e1s - l\u00e9gi sz\u00e1ll\u00edtm\u00e1nyoz\u00e1s \" class=\"wp-image-6752\" style=\"width:998px;height:auto\" title=\"\" srcset=\"https:\/\/ghibli.hu\/wp-content\/uploads\/2024\/03\/nemzetkozi-szallitmanyozas-repulo.jpg 600w, https:\/\/ghibli.hu\/wp-content\/uploads\/2024\/03\/nemzetkozi-szallitmanyozas-repulo-300x200.jpg 300w\" sizes=\"(max-width: 600px) 100vw, 600px\" \/><figcaption><\/figcaption><\/figure>\n\n\n\n<p><\/p>\n\n\n\n<h2 class=\"wp-block-heading\">Nemzetk\u00f6zi kapcsolatok \u00e9s egy\u00fcttm\u0171k\u00f6d\u00e9sek<\/h2>\n\n\n\n<p>Magyarorsz\u00e1g strat\u00e9giai helyzet\u00e9t \u00e9s a nemzetk\u00f6zi sz\u00e1ll\u00edtm\u00e1nyoz\u00e1sban bet\u00f6lt\u00f6tt kiemelked\u0151 szerep\u00e9t a szoros nemzetk\u00f6zi kapcsolatok \u00e9s egy\u00fcttm\u0171k\u00f6d\u00e9sek tov\u00e1bb er\u0151s\u00edtik. Az orsz\u00e1g akt\u00edvan r\u00e9szt vesz t\u00f6bb region\u00e1lis \u00e9s glob\u00e1lis kezdem\u00e9nyez\u00e9sben, amelyek c\u00e9lja a kereskedelmi akad\u00e1lyok lebont\u00e1sa \u00e9s a hat\u00e1rokon \u00e1tny\u00fal\u00f3 \u00e1ruforgalom el\u0151seg\u00edt\u00e9se.<\/p>\n\n\n\n<h3 class=\"wp-block-heading\">Eur\u00f3pai Uni\u00f3 transzeur\u00f3pai k\u00f6zleked\u00e9si h\u00e1l\u00f3zata (TEN-T)<\/h3>\n\n\n\n<p>Magyarorsz\u00e1g kulcsfontoss\u00e1g\u00fa r\u00e9sztvev\u0151je az <a href=\"https:\/\/commission.europa.eu\/topics\/transport_hu\" target=\"_blank\" rel=\"noopener\">Eur\u00f3pai Uni\u00f3 <\/a>transzeur\u00f3pai k\u00f6zleked\u00e9si h\u00e1l\u00f3zat\u00e1nak (TEN-T), amelynek c\u00e9lja a tag\u00e1llamok k\u00f6z\u00f6tti k\u00f6zleked\u00e9si infrastrukt\u00fara fejleszt\u00e9se \u00e9s integr\u00e1ci\u00f3ja. A TEN-T projektek r\u00e9v\u00e9n Magyarorsz\u00e1g tov\u00e1bb fejlesztheti k\u00f6zleked\u00e9si infrastrukt\u00far\u00e1j\u00e1t, \u00edgy jav\u00edtva a kontinens bel\u00fcli \u00e9s azon k\u00edv\u00fcli kapcsolatokat.<\/p>\n\n\n\n<h3 class=\"wp-block-heading\">K\u00e9toldal\u00fa egy\u00fcttm\u0171k\u00f6d\u00e9sek<\/h3>\n\n\n\n<p>Magyarorsz\u00e1g sz\u00e1mos k\u00e9toldal\u00fa meg\u00e1llapod\u00e1st k\u00f6t\u00f6tt szomsz\u00e9dos orsz\u00e1gokkal, bele\u00e9rtve Ausztri\u00e1t, Szlov\u00e1ki\u00e1t, Ukrajn\u00e1t, Rom\u00e1ni\u00e1t, Szerbi\u00e1t, Horv\u00e1torsz\u00e1got \u00e9s Szlov\u00e9ni\u00e1t, hogy el\u0151seg\u00edtse a hat\u00e9kony \u00e9s biztons\u00e1gos \u00e1ruforgalmat. Ezek az egy\u00fcttm\u0171k\u00f6d\u00e9sek magukban foglalj\u00e1k a k\u00f6z\u00f6s infrastruktur\u00e1lis projekteket, a hat\u00e1r\u00e1tkel\u0151helyek fejleszt\u00e9s\u00e9t \u00e9s a v\u00e1m\u00fcgyi elj\u00e1r\u00e1sok egyszer\u0171s\u00edt\u00e9s\u00e9t.<\/p>\n\n\n\n<p><\/p>\n\n\n\n<figure class=\"wp-block-image size-full is-resized\"><img decoding=\"async\" width=\"600\" height=\"400\" src=\"https:\/\/ghibli.hu\/wp-content\/uploads\/2024\/03\/nemzetkozi-szallitmanyozas-kamion.jpg\" alt=\"nemzetk\u00f6zi sz\u00e1ll\u00edtm\u00e1nyoz\u00e1s - k\u00f6z\u00fati sz\u00e1ll\u00edtm\u00e1nyoz\u00e1s\" class=\"wp-image-6755\" style=\"width:983px;height:auto\" title=\"\" srcset=\"https:\/\/ghibli.hu\/wp-content\/uploads\/2024\/03\/nemzetkozi-szallitmanyozas-kamion.jpg 600w, https:\/\/ghibli.hu\/wp-content\/uploads\/2024\/03\/nemzetkozi-szallitmanyozas-kamion-300x200.jpg 300w\" sizes=\"(max-width: 600px) 100vw, 600px\" \/><figcaption><\/figcaption><\/figure>\n\n\n\n<p><\/p>\n\n\n\n<h3 class=\"wp-block-heading\">Glob\u00e1lis logisztikai l\u00e1ncokba val\u00f3 integr\u00e1ci\u00f3<\/h3>\n\n\n\n<p>Magyarorsz\u00e1g akt\u00edv r\u00e9szese a glob\u00e1lis logisztikai l\u00e1ncoknak, \u00f6sszek\u00f6tve az eur\u00f3pai piacokat \u00c1zsi\u00e1val, \u00c9szak-Amerik\u00e1val \u00e9s m\u00e1s r\u00e9gi\u00f3kkal. A nemzetk\u00f6zi sz\u00e1ll\u00edtm\u00e1nyoz\u00e1si v\u00e1llalatokkal val\u00f3 szoros egy\u00fcttm\u0171k\u00f6d\u00e9s lehet\u0151v\u00e9 teszi Magyarorsz\u00e1g sz\u00e1m\u00e1ra, hogy fontos tranzitpontk\u00e9nt \u00e9s region\u00e1lis logisztikai k\u00f6zpontk\u00e9nt szolg\u00e1ljon, el\u0151seg\u00edtve az \u00e1ruk glob\u00e1lis \u00e1raml\u00e1s\u00e1t.<\/p>\n\n\n\n<h3 class=\"wp-block-heading\">Innov\u00e1ci\u00f3 \u00e9s tud\u00e1smegoszt\u00e1s<\/h3>\n\n\n\n<p>A nemzetk\u00f6zi f\u00f3rumokon \u00e9s konferenci\u00e1kon val\u00f3 akt\u00edv r\u00e9szv\u00e9tel r\u00e9v\u00e9n Magyarorsz\u00e1g hozz\u00e1f\u00e9r a leg\u00fajabb trendekhez, technol\u00f3gi\u00e1khoz \u00e9s gyakorlatokhoz a sz\u00e1ll\u00edtm\u00e1nyoz\u00e1s \u00e9s logisztika ter\u00fclet\u00e9n. Ez a tud\u00e1smegoszt\u00e1s el\u0151seg\u00edti az innov\u00e1ci\u00f3t \u00e9s a hat\u00e9konys\u00e1g n\u00f6vel\u00e9s\u00e9t a magyar sz\u00e1ll\u00edtm\u00e1nyoz\u00e1si szektorban, tov\u00e1bb er\u0151s\u00edtve az orsz\u00e1g versenyk\u00e9pess\u00e9g\u00e9t a nemzetk\u00f6zi piacon.<\/p>\n\n\n\n<p>Ezek a nemzetk\u00f6zi kapcsolatok \u00e9s egy\u00fcttm\u0171k\u00f6d\u00e9sek kulcsfontoss\u00e1g\u00faak Magyarorsz\u00e1g sz\u00e1m\u00e1ra, hogy fenntartsa \u00e9s tov\u00e1bb fejlessze poz\u00edci\u00f3j\u00e1t mint a nemzetk\u00f6zi sz\u00e1ll\u00edtm\u00e1nyoz\u00e1s egyik k\u00f6zpontja, el\u0151seg\u00edtve a z\u00f6kken\u0151mentes kereskedelmet \u00e9s az \u00e1ruk hat\u00e1rokon \u00e1tny\u00fal\u00f3 mozg\u00e1s\u00e1t.<\/p>\n\n\n\n<h2 class=\"wp-block-heading\">Kih\u00edv\u00e1sok \u00e9s lehet\u0151s\u00e9gek<\/h2>\n\n\n\n<p>Magyarorsz\u00e1g szerepe a nemzetk\u00f6zi sz\u00e1ll\u00edtm\u00e1nyoz\u00e1sban, b\u00e1r jelent\u0151s \u00e9s strat\u00e9giai, sz\u00e1mos kih\u00edv\u00e1st is rejt, amelyek kezel\u00e9se kulcsfontoss\u00e1g\u00fa a tov\u00e1bbi n\u00f6veked\u00e9s \u00e9s fejl\u0151d\u00e9s szempontj\u00e1b\u00f3l. Ugyanakkor ezek a kih\u00edv\u00e1sok \u00faj lehet\u0151s\u00e9geket is teremtenek az innov\u00e1ci\u00f3ra \u00e9s a versenyk\u00e9pess\u00e9g n\u00f6vel\u00e9s\u00e9re.<\/p>\n\n\n\n<h3 class=\"wp-block-heading\">Infrastruktur\u00e1lis \u00e9s technol\u00f3giai fejleszt\u00e9si ig\u00e9nyek<\/h3>\n\n\n\n<p>Az egyik legnagyobb kih\u00edv\u00e1s az infrastrukt\u00fara folyamatos fejleszt\u00e9se \u00e9s moderniz\u00e1l\u00e1sa, hogy megfeleljen a n\u00f6vekv\u0151 \u00e1ruforgalmi ig\u00e9nyeknek \u00e9s az \u00faj technol\u00f3giai trendeknek. Az aut\u00f3p\u00e1ly\u00e1k, vasutak, rep\u00fcl\u0151terek \u00e9s kik\u00f6t\u0151k b\u0151v\u00edt\u00e9se, valamint a digit\u00e1lis logisztikai megold\u00e1sok integr\u00e1l\u00e1sa n\u00e9lk\u00fcl\u00f6zhetetlen a hat\u00e9konys\u00e1g n\u00f6vel\u00e9se \u00e9s a sz\u00e1ll\u00edt\u00e1si id\u0151k cs\u00f6kkent\u00e9se \u00e9rdek\u00e9ben.<\/p>\n\n\n\n<h3 class=\"wp-block-heading\">K\u00f6rnyezetv\u00e9delmi megfontol\u00e1sok \u00e9s fenntarthat\u00f3s\u00e1g<\/h3>\n\n\n\n<p>A nemzetk\u00f6zi sz\u00e1ll\u00edtm\u00e1nyoz\u00e1s ter\u00fclet\u00e9n egyre nagyobb hangs\u00falyt kapnak a k\u00f6rnyezetv\u00e9delmi szempontok \u00e9s a fenntarthat\u00f3 m\u0171k\u00f6d\u00e9s. Magyarorsz\u00e1gnak szembe kell n\u00e9znie a k\u00f6rnyezeti l\u00e1bnyom cs\u00f6kkent\u00e9s\u00e9nek kih\u00edv\u00e1s\u00e1val, bele\u00e9rtve a sz\u00e9n-dioxid-kibocs\u00e1t\u00e1s cs\u00f6kkent\u00e9s\u00e9t \u00e9s az alternat\u00edv, k\u00f6rnyezetbar\u00e1t sz\u00e1ll\u00edt\u00e1si m\u00f3dok fejleszt\u00e9s\u00e9t.<\/p>\n\n\n\n<h3 class=\"wp-block-heading\">\u00daj piacok \u00e9s kereskedelmi \u00fatvonalak felkutat\u00e1sa<\/h3>\n\n\n\n<p>A glob\u00e1lis gazdas\u00e1g folyamatos v\u00e1ltoz\u00e1sa \u00faj piacok \u00e9s kereskedelmi \u00fatvonalak megjelen\u00e9s\u00e9t eredm\u00e9nyezi, amelyek kiakn\u00e1z\u00e1sa \u00faj lehet\u0151s\u00e9geket nyit a magyar sz\u00e1ll\u00edtm\u00e1nyoz\u00e1si szektornak. Az \u00faj piacokra val\u00f3 bel\u00e9p\u00e9s, a kereskedelmi kapcsolatok ki\u00e9p\u00edt\u00e9se \u00e9s a versenyk\u00e9pes szolg\u00e1ltat\u00e1sok ny\u00fajt\u00e1sa hozz\u00e1j\u00e1rulhat Magyarorsz\u00e1g nemzetk\u00f6zi sz\u00e1ll\u00edtm\u00e1nyoz\u00e1sban bet\u00f6lt\u00f6tt poz\u00edci\u00f3j\u00e1nak tov\u00e1bbi meger\u0151s\u00edt\u00e9s\u00e9hez.<\/p>\n\n\n\n<h3 class=\"wp-block-heading\">Technol\u00f3giai innov\u00e1ci\u00f3 \u00e9s digitaliz\u00e1ci\u00f3<\/h3>\n\n\n\n<p>A technol\u00f3giai innov\u00e1ci\u00f3k, mint az automatiz\u00e1l\u00e1s, az IoT (Internet of Things), a big data \u00e9s az AI (mesters\u00e9ges intelligencia) alkalmaz\u00e1sa lehet\u0151v\u00e9 teszi a logisztikai folyamatok optimaliz\u00e1l\u00e1s\u00e1t, a k\u00f6lts\u00e9gek cs\u00f6kkent\u00e9s\u00e9t \u00e9s a szolg\u00e1ltat\u00e1sok min\u0151s\u00e9g\u00e9nek jav\u00edt\u00e1s\u00e1t. Magyarorsz\u00e1g sz\u00e1m\u00e1ra fontos, hogy \u00e9len j\u00e1rjon ezeknek a technol\u00f3gi\u00e1knak a bevezet\u00e9s\u00e9ben, hogy fenntartsa versenyk\u00e9pess\u00e9g\u00e9t a nemzetk\u00f6zi sz\u00e1ll\u00edtm\u00e1nyoz\u00e1si piacon.<\/p>\n\n\n\n<p><\/p>\n\n\n\n<figure class=\"wp-block-image size-full is-resized\"><img decoding=\"async\" width=\"600\" height=\"400\" src=\"https:\/\/ghibli.hu\/wp-content\/uploads\/2024\/03\/nemzetkozi-szallitmanyozas-kikoto.jpg\" alt=\"nemzetk\u00f6zi sz\u00e1ll\u00edtm\u00e1nyoz\u00e1s - tengeri sz\u00e1ll\u00edtm\u00e1nyoz\u00e1s \" class=\"wp-image-6754\" style=\"width:1006px;height:auto\" title=\"\" srcset=\"https:\/\/ghibli.hu\/wp-content\/uploads\/2024\/03\/nemzetkozi-szallitmanyozas-kikoto.jpg 600w, https:\/\/ghibli.hu\/wp-content\/uploads\/2024\/03\/nemzetkozi-szallitmanyozas-kikoto-300x200.jpg 300w\" sizes=\"(max-width: 600px) 100vw, 600px\" \/><figcaption><\/figcaption><\/figure>\n\n\n\n<p><\/p>\n\n\n\n<p>\u00d6sszegezve teh\u00e1t Magyarorsz\u00e1g strat\u00e9giai elhelyezked\u00e9se, fejlett infrastrukt\u00far\u00e1ja \u00e9s er\u0151s nemzetk\u00f6zi kapcsolatai r\u00e9v\u00e9n kiemelked\u0151 szerepet t\u00f6lt be a nemzetk\u00f6zi sz\u00e1ll\u00edtm\u00e1nyoz\u00e1s ter\u00fclet\u00e9n.<\/p>\n\n\n\n<p>A fenn\u00e1ll\u00f3 kih\u00edv\u00e1sok, mint az infrastruktur\u00e1lis fejleszt\u00e9sek, a k\u00f6rnyezetv\u00e9delmi norm\u00e1k megfelel\u00e9se \u00e9s a technol\u00f3giai innov\u00e1ci\u00f3k adapt\u00e1l\u00e1sa, ugyanakkor lehet\u0151s\u00e9get k\u00edn\u00e1lnak Magyarorsz\u00e1g sz\u00e1m\u00e1ra, hogy tov\u00e1bb er\u0151s\u00edtse poz\u00edci\u00f3j\u00e1t \u00e9s versenyk\u00e9pess\u00e9g\u00e9t a glob\u00e1lis sz\u00e1ll\u00edtm\u00e1nyoz\u00e1si piacon. Az \u00faj piacok felkutat\u00e1sa \u00e9s a digitaliz\u00e1ci\u00f3 el\u0151t\u00e9rbe helyez\u00e9se seg\u00edthet az orsz\u00e1gnak alkalmazkodni a v\u00e1ltoz\u00f3 glob\u00e1lis gazdas\u00e1gi k\u00f6rnyezethez, \u00e9s maximaliz\u00e1lni a nemzetk\u00f6zi kereskedelem el\u0151nyeit.<\/p>\n\n\n\n<p>A magyar sz\u00e1ll\u00edtm\u00e1nyoz\u00e1si szektor j\u00f6v\u0151je \u00edg\u00e9retesnek t\u0171nik, felt\u00e9ve, hogy az orsz\u00e1g k\u00e9pes kezelni a jelenlegi kih\u00edv\u00e1sokat \u00e9s kihaszn\u00e1lni a rendelkez\u00e9sre \u00e1ll\u00f3 lehet\u0151s\u00e9geket. A folyamatos fejl\u0151d\u00e9s \u00e9s innov\u00e1ci\u00f3, valamint a fenntarthat\u00f3 sz\u00e1ll\u00edtm\u00e1nyoz\u00e1si megold\u00e1sok ir\u00e1nti elk\u00f6telezetts\u00e9g garant\u00e1lhatja Magyarorsz\u00e1g hossz\u00fa t\u00e1v\u00fa siker\u00e9t \u00e9s n\u00f6veked\u00e9s\u00e9t a <a href=\"https:\/\/ghibli.hu\/\">nemzetk\u00f6zi sz\u00e1ll\u00edtm\u00e1nyoz\u00e1s \u00e1gazat\u00e1ban<\/a>.<\/p>\n","protected":false},"excerpt":{"rendered":"<p>Magyarorsz\u00e1g szerepe a nemzetk\u00f6zi sz\u00e1ll\u00edtm\u00e1nyoz\u00e1s ter\u00fclet\u00e9n egyre ink\u00e1bb el\u0151t\u00e9rbe ker\u00fcl, amint a glob\u00e1lis kereskedelem dinamik\u00e1ja folyamatosan v\u00e1ltozik. Ennek az orsz\u00e1gnak a k\u00f6z\u00e9p-eur\u00f3pai elhelyezked\u00e9se kulcsfontoss\u00e1g\u00fa t\u00e9nyez\u0151v\u00e9 teszi a tranzitforgalomban, l\u00e9trehozva egy strat\u00e9giai \u00e1tj\u00e1r\u00f3t Kelet \u00e9s Nyugat, valamint \u00c9szak \u00e9s D\u00e9l k\u00f6z\u00f6tt. A t\u00f6rt\u00e9nelmi \u00e9s kultur\u00e1lis \u00f6r\u00f6ks\u00e9g mellett Magyarorsz\u00e1g gazdas\u00e1gi \u00e9s logisztikai infrastrukt\u00far\u00e1ja is jelent\u0151s fejl\u0151d\u00e9sen ment&#8230;<\/p>\n","protected":false},"author":2,"featured_media":6753,"comment_status":"closed","ping_status":"closed","sticky":false,"template":"","format":"standard","meta":{"_acf_changed":false,"footnotes":""},"categories":[40],"tags":[46,55,80,76,81,82],"class_list":["post-6748","post","type-post","status-publish","format-standard","has-post-thumbnail","hentry","category-blog","tag-aruszallitas","tag-kozuti-szallitmanyozas","tag-legi-szallitmanyozas","tag-nemzetkozi-szallitmanyozas","tag-tengeri-szallitmanyozas","tag-vasuti-szallitmanyozas"],"acf":[],"_links":{"self":[{"href":"https:\/\/ghibli.hu\/en\/wp-json\/wp\/v2\/posts\/6748","targetHints":{"allow":["GET"]}}],"collection":[{"href":"https:\/\/ghibli.hu\/en\/wp-json\/wp\/v2\/posts"}],"about":[{"href":"https:\/\/ghibli.hu\/en\/wp-json\/wp\/v2\/types\/post"}],"author":[{"embeddable":true,"href":"https:\/\/ghibli.hu\/en\/wp-json\/wp\/v2\/users\/2"}],"replies":[{"embeddable":true,"href":"https:\/\/ghibli.hu\/en\/wp-json\/wp\/v2\/comments?post=6748"}],"version-history":[{"count":0,"href":"https:\/\/ghibli.hu\/en\/wp-json\/wp\/v2\/posts\/6748\/revisions"}],"wp:featuredmedia":[{"embeddable":true,"href":"https:\/\/ghibli.hu\/en\/wp-json\/wp\/v2\/media\/6753"}],"wp:attachment":[{"href":"https:\/\/ghibli.hu\/en\/wp-json\/wp\/v2\/media?parent=6748"}],"wp:term":[{"taxonomy":"category","embeddable":true,"href":"https:\/\/ghibli.hu\/en\/wp-json\/wp\/v2\/categories?post=6748"},{"taxonomy":"post_tag","embeddable":true,"href":"https:\/\/ghibli.hu\/en\/wp-json\/wp\/v2\/tags?post=6748"}],"curies":[{"name":"wp","href":"https:\/\/api.w.org\/{rel}","templated":true}]}}