{"id":6823,"date":"2024-03-27T14:44:00","date_gmt":"2024-03-27T13:44:00","guid":{"rendered":"https:\/\/ghibli.hu\/?p=6823"},"modified":"2024-03-27T14:44:00","modified_gmt":"2024-03-27T13:44:00","slug":"melyek-magyarorszag-meghatarozo-szallitmanyozo-vallalkozasai","status":"publish","type":"post","link":"https:\/\/ghibli.hu\/en\/blog\/melyek-magyarorszag-meghatarozo-szallitmanyozo-vallalkozasai\/","title":{"rendered":"Melyek Magyarorsz\u00e1g meghat\u00e1roz\u00f3 sz\u00e1ll\u00edtm\u00e1nyoz\u00f3 v\u00e1llalkoz\u00e1sai?"},"content":{"rendered":"\n<p>A modern gazdas\u00e1g v\u00e9rkering\u00e9s\u00e9nek egyik legfontosabb eleme a hat\u00e9kony \u00e9s megb\u00edzhat\u00f3 logisztikai h\u00e1l\u00f3zat. Ezen bel\u00fcl kiemelked\u0151 szerepet t\u00f6ltenek be a spedit\u0151r\u00f6k, akik nem csup\u00e1n a sz\u00e1ll\u00edt\u00e1si l\u00e1nc kulcsfontoss\u00e1g\u00fa kapcsol\u00f3pontjai, hanem az \u00fcgyfelek \u00e9s a fuvaroz\u00f3k k\u00f6z\u00f6tti kommunik\u00e1ci\u00f3ban is k\u00f6zponti szerepet j\u00e1tszanak. Egy j\u00f3l m\u0171k\u00f6d\u0151 spedit\u0151ri szolg\u00e1ltat\u00e1s k\u00e9pes megk\u00f6nny\u00edteni a v\u00e1llalatok nemzetk\u00f6zi kereskedelm\u00e9t, optimaliz\u00e1lni a sz\u00e1ll\u00edt\u00e1si k\u00f6lts\u00e9geket \u00e9s n\u00f6velni a piaci versenyk\u00e9pess\u00e9get.<\/p>\n\n\n\n<h2 class=\"wp-block-heading\">A magyar sz\u00e1ll\u00edtm\u00e1nyoz\u00f3i piac jellegzetess\u00e9ge<\/h2>\n\n\n\n<p>A magyar sz\u00e1ll\u00edtm\u00e1nyoz\u00f3i piac dinamikus \u00e9s v\u00e1ltozatos szektor, amely jelent\u0151s szerepet j\u00e1tszik nem csak a hazai, hanem a nemzetk\u00f6zi kereskedelemben is. Az elm\u00falt \u00e9vekben a piac jelent\u0151s n\u00f6veked\u00e9st mutatott, amelyet a glob\u00e1lis kereskedelmi volumen b\u0151v\u00fcl\u00e9se \u00e9s a kelet-k\u00f6z\u00e9p-eur\u00f3pai r\u00e9gi\u00f3 gazdas\u00e1gi fejl\u0151d\u00e9se hajtott. A magyarorsz\u00e1gi spedit\u0151r\u00f6k kiemelked\u0151 helyzetben vannak, mivel az orsz\u00e1g strat\u00e9giai elhelyezked\u00e9se r\u00e9v\u00e9n fontos tranzit\u00fatvonalat biztos\u00edt Eur\u00f3pa sz\u00edv\u00e9ben, \u00f6sszek\u00f6tve a keleti \u00e9s nyugati piacokat.<\/p>\n\n\n\n<p>A piacot sz\u00e9les k\u00f6r\u0171 szolg\u00e1ltat\u00e1sok jellemzik, amelyek magukban foglalj\u00e1k a hagyom\u00e1nyos sz\u00e1ll\u00edtm\u00e1nyoz\u00e1si megold\u00e1sokat, mint p\u00e9ld\u00e1ul a k\u00f6z\u00fati, vas\u00fati, l\u00e9gi \u00e9s tengeri sz\u00e1ll\u00edt\u00e1st, valamint egyre ink\u00e1bb el\u0151t\u00e9rbe ker\u00fclnek az integr\u00e1lt logisztikai \u00e9s ell\u00e1t\u00e1si l\u00e1nc-menedzsment szolg\u00e1ltat\u00e1sok. A technol\u00f3giai fejl\u0151d\u00e9s, mint p\u00e9ld\u00e1ul az elektronikus fuvaroz\u00e1s (e-freight) \u00e9s az automatiz\u00e1lt rakt\u00e1roz\u00e1si megold\u00e1sok, \u00faj dimenzi\u00f3kat nyitottak a spedit\u0151ri szektorban, lehet\u0151v\u00e9 t\u00e9ve a v\u00e1llalatok sz\u00e1m\u00e1ra, hogy hat\u00e9konyabban kezelj\u00e9k logisztikai folyamataikat.<\/p>\n\n\n\n<figure class=\"wp-block-image size-full is-resized\"><img decoding=\"async\" width=\"600\" height=\"400\" src=\"https:\/\/ghibli.hu\/wp-content\/uploads\/2024\/04\/szallitmanyozo-raklap.jpg\" alt=\"sz\u00e1ll\u00edtm\u00e1nyoz\u00f3 - raklap\" class=\"wp-image-6827\" style=\"width:985px;height:auto\" title=\"\" srcset=\"https:\/\/ghibli.hu\/wp-content\/uploads\/2024\/04\/szallitmanyozo-raklap.jpg 600w, https:\/\/ghibli.hu\/wp-content\/uploads\/2024\/04\/szallitmanyozo-raklap-300x200.jpg 300w\" sizes=\"(max-width: 600px) 100vw, 600px\" \/><figcaption><\/figcaption><\/figure>\n\n\n\n<p><\/p>\n\n\n\n<p>Azonban a piac nem mentes a kih\u00edv\u00e1sokt\u00f3l sem. Az \u00e1gazatot \u00e9rint\u0151 glob\u00e1lis \u00e9s region\u00e1lis gazdas\u00e1gi ingadoz\u00e1sok, a szigorod\u00f3 k\u00f6rnyezetv\u00e9delmi szab\u00e1lyoz\u00e1sok, valamint az \u00faj technol\u00f3gi\u00e1k adapt\u00e1ci\u00f3j\u00e1nak sz\u00fcks\u00e9gess\u00e9ge mind befoly\u00e1solj\u00e1k a magyar spedit\u0151r v\u00e1llalatok m\u0171k\u00f6d\u00e9s\u00e9t. Emellett a vev\u0151i ig\u00e9nyek egyre magasabb szint\u0171 szolg\u00e1ltat\u00e1sok fel\u00e9 tol\u00f3dnak, amelyek magukban foglalj\u00e1k a gyorsabb tranzitid\u0151ket, a nagyobb \u00e1tl\u00e1that\u00f3s\u00e1got \u00e9s a testre szabott logisztikai megold\u00e1sokat.<\/p>\n\n\n\n<p>A fenntarthat\u00f3s\u00e1g k\u00e9rd\u00e9se is egyre nagyobb hangs\u00falyt kap a <a href=\"https:\/\/idegen-szavak.hu\/spedit%C5%91r\" target=\"_blank\" rel=\"noopener\">spedit\u0151r<\/a>i szektorban. A v\u00e1llalatok egyre ink\u00e1bb t\u00f6rekednek arra, hogy z\u00f6ld logisztikai megold\u00e1sokat alkalmazzanak, cs\u00f6kkentve ezzel a sz\u00e1ll\u00edt\u00e1si tev\u00e9kenys\u00e9gek k\u00f6rnyezeti l\u00e1bnyom\u00e1t. Ez mag\u00e1ban foglalja az alternat\u00edv \u00fczemanyagok haszn\u00e1lat\u00e1t, az energiahat\u00e9konys\u00e1g n\u00f6vel\u00e9s\u00e9t \u00e9s a sz\u00e9n-dioxid-kibocs\u00e1t\u00e1s cs\u00f6kkent\u00e9s\u00e9re ir\u00e1nyul\u00f3 kezdem\u00e9nyez\u00e9seket.<\/p>\n\n\n\n<h2 class=\"wp-block-heading\">Ghibli Kft. &#8211; Egy kiemelked\u0151 magyar sz\u00e1ll\u00edtm\u00e1nyoz\u00f3<\/h2>\n\n\n\n<p>A <a href=\"https:\/\/ghibli.hu\/blog\/minden-amit-tudnod-kell-a-ghibli-szallitmanyozasi-kft-rol\/\">Ghibli Kft<\/a>. azok k\u00f6z\u00e9 a magyar sz\u00e1ll\u00edtm\u00e1nyoz\u00f3 v\u00e1llalatok k\u00f6z\u00e9 tartozik, amelyek nemcsak a hazai, hanem a nemzetk\u00f6zi piacon is kiemelked\u0151 elismer\u00e9snek \u00f6rvendenek. A c\u00e9g, amely \u00e9vtizedek \u00f3ta van jelen a logisztikai \u00e9s sz\u00e1ll\u00edtm\u00e1nyoz\u00e1si \u00e1gazatban, a min\u0151s\u00e9gi szolg\u00e1ltat\u00e1sok \u00e9s az \u00fcgyf\u00e9lk\u00f6zpont\u00fa megk\u00f6zel\u00edt\u00e9s r\u00e9v\u00e9n v\u00e1lt az egyik legmegb\u00edzhat\u00f3bb partner\u00e9v\u00e9 mind a v\u00e1llalati, mind az egy\u00e9ni \u00fcgyfelek sz\u00e1m\u00e1ra.<\/p>\n\n\n\n<p>A c\u00e9g tev\u00e9kenys\u00e9g\u00e9nek k\u00f6z\u00e9ppontj\u00e1ban a komplex logisztikai megold\u00e1sok \u00e1llnak, amelyek magukban foglalj\u00e1k a k\u00f6z\u00fati, l\u00e9gi, tengeri \u00e9s vas\u00fati sz\u00e1ll\u00edtm\u00e1nyoz\u00e1st, valamint a rakt\u00e1roz\u00e1st \u00e9s az ell\u00e1t\u00e1si l\u00e1nc menedzsmentet. A v\u00e1llalat k\u00fcl\u00f6n\u00f6s figyelmet ford\u00edt a technol\u00f3giai innov\u00e1ci\u00f3ra \u00e9s a folyamatok optimaliz\u00e1l\u00e1s\u00e1ra, lehet\u0151v\u00e9 t\u00e9ve ezzel az \u00e1ruk gyors \u00e9s hat\u00e9kony mozgat\u00e1s\u00e1t vil\u00e1gszerte.<\/p>\n\n\n\n<p>A Ghibli Kft. nemcsak a sz\u00e9les k\u00f6r\u0171 szolg\u00e1ltat\u00e1saival \u00e9s a technol\u00f3giai fejleszt\u00e9sekkel k\u00fcl\u00f6nb\u00f6zteti meg mag\u00e1t a piacon, hanem a magyar sz\u00e1ll\u00edtm\u00e1nyoz\u00e1s ter\u00fclet\u00e9n bet\u00f6lt\u00f6tt szerep\u00e9vel is. A v\u00e1llalat akt\u00edvan r\u00e9szt vesz a szakmai egyes\u00fcletekben \u00e9s f\u00f3rumokban, el\u0151seg\u00edtve ezzel a logisztikai \u00e1gazat fejl\u0151d\u00e9s\u00e9t \u00e9s a piaci sztenderdek magas szinten tart\u00e1s\u00e1t. Ezen fel\u00fcl a c\u00e9g elk\u00f6telezett amellett, hogy el\u0151mozd\u00edtsa a k\u00f6rnyezettudatos sz\u00e1ll\u00edtm\u00e1nyoz\u00e1st, \u00e9s sz\u00e1mos fenntarthat\u00f3s\u00e1gi kezdem\u00e9nyez\u00e9sben vesz r\u00e9szt.<\/p>\n\n\n\n<figure class=\"wp-block-image size-full is-resized\"><img decoding=\"async\" width=\"600\" height=\"400\" src=\"https:\/\/ghibli.hu\/wp-content\/uploads\/2024\/04\/szallitmanyozo-kamion.jpg\" alt=\"sz\u00e1ll\u00edtm\u00e1nyoz\u00f3 - kamion\" class=\"wp-image-6826\" style=\"width:1004px;height:auto\" title=\"\" srcset=\"https:\/\/ghibli.hu\/wp-content\/uploads\/2024\/04\/szallitmanyozo-kamion.jpg 600w, https:\/\/ghibli.hu\/wp-content\/uploads\/2024\/04\/szallitmanyozo-kamion-300x200.jpg 300w\" sizes=\"(max-width: 600px) 100vw, 600px\" \/><figcaption><\/figcaption><\/figure>\n\n\n\n<p><\/p>\n\n\n\n<p>A v\u00e1llalat \u00fcgyf\u00e9lk\u00f6zpont\u00fas\u00e1ga \u00e9s rugalmass\u00e1ga lehet\u0151v\u00e9 teszi, hogy testre szabott logisztikai megold\u00e1sokat k\u00edn\u00e1ljon, amelyek pontosan megfelelnek az \u00fcgyfelek egyedi ig\u00e9nyeinek. Ez mag\u00e1ban foglalja a k\u00fcl\u00f6nleges sz\u00e1ll\u00edtm\u00e1nyok kezel\u00e9s\u00e9t, az \u00e1ruk\u00f6vet\u00e9si rendszereket \u00e9s az \u00fcgyfelekkel val\u00f3 szoros egy\u00fcttm\u0171k\u00f6d\u00e9st a logisztikai folyamatok minden szakasz\u00e1ban.<\/p>\n\n\n\n<p>A spedit\u0151r j\u00f6v\u0151k\u00e9pe \u00e9s tervei a folyamatos fejl\u0151d\u00e9sre \u00e9s b\u0151v\u00fcl\u00e9sre \u00f6sszpontos\u00edtanak, a c\u00e9l az, hogy a v\u00e1llalat m\u00e9g sz\u00e9lesebb k\u00f6r\u0171 nemzetk\u00f6zi h\u00e1l\u00f3zatot \u00e9p\u00edtsen ki, \u00e9s \u00faj piacokra l\u00e9pjen. Mindez, mik\u00f6zben tov\u00e1bbra is fenntartja a magas szint\u0171 \u00fcgyf\u00e9lszolg\u00e1latot \u00e9s min\u0151s\u00e9get, amely meghat\u00e1rozta a c\u00e9g siker\u00e9t az \u00e9vek sor\u00e1n. A Ghibli Kft. \u00edgy nem csup\u00e1n egy spedit\u0151r v\u00e1llalat, hanem egy megb\u00edzhat\u00f3 partner, amely hozz\u00e1j\u00e1rul Magyarorsz\u00e1g gazdas\u00e1gi n\u00f6veked\u00e9s\u00e9hez \u00e9s a nemzetk\u00f6zi kereskedelem zavartalan m\u0171k\u00f6d\u00e9s\u00e9hez.<\/p>\n\n\n\n<h2 class=\"wp-block-heading\">Tov\u00e1bbi meghat\u00e1roz\u00f3 sz\u00e1ll\u00edtm\u00e1nyoz\u00f3 c\u00e9gek Magyarorsz\u00e1gon<\/h2>\n\n\n\n<p>A Ghibli Kft. mellett Magyarorsz\u00e1gon sz\u00e1mos tov\u00e1bbi meghat\u00e1roz\u00f3 sz\u00e1ll\u00edtm\u00e1nyoz\u00f3 v\u00e1llalat m\u0171k\u00f6dik, amelyek hozz\u00e1j\u00e1rulnak a logisztikai szektor fejl\u0151d\u00e9s\u00e9hez \u00e9s a gazdas\u00e1g n\u00f6veked\u00e9s\u00e9hez. Ezek a c\u00e9gek k\u00fcl\u00f6nb\u00f6z\u0151 szolg\u00e1ltat\u00e1saikkal \u00e9s piaci megk\u00f6zel\u00edt\u00e9s\u00fckkel emelkednek ki, biztos\u00edtva ezzel a magyar spedit\u0151ri piac soksz\u00edn\u0171s\u00e9g\u00e9t \u00e9s versenyk\u00e9pess\u00e9g\u00e9t.<\/p>\n\n\n\n<p>Egyik ilyen v\u00e1llalat a <strong>Trans-Sped Kft<\/strong>., amely szint\u00e9n jelent\u0151s szerepl\u0151je a hazai logisztikai piacon. A c\u00e9g teljes k\u00f6r\u0171 logisztikai szolg\u00e1ltat\u00e1sokat ny\u00fajt, bele\u00e9rtve a sz\u00e1razf\u00f6ldi, l\u00e9gi \u00e9s tengeri sz\u00e1ll\u00edt\u00e1st, valamint a v\u00e1mszolg\u00e1ltat\u00e1sokat \u00e9s rakt\u00e1roz\u00e1st. K\u00fcl\u00f6n\u00f6s hangs\u00falyt fektetnek az innovat\u00edv megold\u00e1sokra, mint p\u00e9ld\u00e1ul a digit\u00e1lis nyomon k\u00f6vet\u00e9si rendszerek \u00e9s az automatiz\u00e1lt rakt\u00e1ri technol\u00f3gi\u00e1k.<\/p>\n\n\n\n<p>A <strong>Waberer&#8217;s International Nyrt<\/strong>. is kiemelked\u0151 helyet foglal el a magyar spedit\u0151r\u00f6k k\u00f6z\u00f6tt, els\u0151sorban a k\u00f6z\u00fati fuvaroz\u00e1s ter\u00e9n. A c\u00e9g hatalmas j\u00e1rm\u0171parkkal rendelkezik, amely Eur\u00f3pa-szerte biztos\u00edtja az \u00e1ruk gyors \u00e9s hat\u00e9kony sz\u00e1ll\u00edt\u00e1s\u00e1t. A Waberer&#8217;s k\u00fcl\u00f6n\u00f6sen azok sz\u00e1m\u00e1ra jelent ide\u00e1lis v\u00e1laszt\u00e1st, akik nagy mennyis\u00e9g\u0171 \u00e1rut szeretn\u00e9nek sz\u00e1ll\u00edttatni r\u00f6vid hat\u00e1rid\u0151vel.<\/p>\n\n\n\n<p>A Raben Group magyarorsz\u00e1gi le\u00e1nyv\u00e1llalata, a <strong>Raben Trans European Hungary Kft.<\/strong>, szint\u00e9n fontos szerepet t\u00f6lt be a hazai logisztikai piacon. A c\u00e9g Eur\u00f3pa-szerte jelen l\u00e9v\u0151 h\u00e1l\u00f3zat\u00e1nak k\u00f6sz\u00f6nhet\u0151en kiv\u00e1l\u00f3an \u00f6sszek\u00f6ti Magyarorsz\u00e1got a kontinens t\u00f6bbi r\u00e9sz\u00e9vel, k\u00edn\u00e1lva ezzel hat\u00e9kony \u00e9s megb\u00edzhat\u00f3 sz\u00e1ll\u00edtm\u00e1nyoz\u00e1si megold\u00e1sokat.<\/p>\n\n\n\n<p>A <strong>Cargoline Kft.<\/strong> pedig az egyedi \u00e9s specializ\u00e1lt logisztikai ig\u00e9nyekre \u00f6sszpontos\u00edt, k\u00fcl\u00f6n\u00f6sen azokra, amelyek t\u00falm\u00e9retes vagy neh\u00e9z sz\u00e1ll\u00edtm\u00e1nyok kezel\u00e9s\u00e9t ig\u00e9nylik. Szolg\u00e1ltat\u00e1saik magukban foglalj\u00e1k a projektlogisztik\u00e1t, a neh\u00e9zg\u00e9p-sz\u00e1ll\u00edt\u00e1st \u00e9s az egyedi fuvaroz\u00e1si megold\u00e1sokat, amelyek k\u00fcl\u00f6nleges szaktud\u00e1st \u00e9s tapasztalatot ig\u00e9nyelnek.<\/p>\n\n\n\n<p>Mindezek a v\u00e1llalatok jelent\u0151s hozz\u00e1j\u00e1rul\u00e1st ny\u00fajtanak a magyar sz\u00e1ll\u00edtm\u00e1nyoz\u00f3 piac soksz\u00edn\u0171s\u00e9g\u00e9hez \u00e9s dinamizmus\u00e1hoz. Innov\u00e1ci\u00f3ik, szolg\u00e1ltat\u00e1saik \u00e9s piaci poz\u00edci\u00f3juk r\u00e9v\u00e9n mindegyik\u00fck kulcsfontoss\u00e1g\u00fa szerepet j\u00e1tszik az orsz\u00e1g logisztikai kapacit\u00e1s\u00e1nak n\u00f6vel\u00e9s\u00e9ben \u00e9s a nemzetk\u00f6zi kereskedelmi h\u00e1l\u00f3zatokba val\u00f3 integr\u00e1ci\u00f3j\u00e1ban.<\/p>\n\n\n\n<figure class=\"wp-block-image size-full is-resized\"><img decoding=\"async\" width=\"600\" height=\"400\" src=\"https:\/\/ghibli.hu\/wp-content\/uploads\/2024\/04\/szallitmanyozo-ket-szintes.jpg\" alt=\"sz\u00e1ll\u00edtm\u00e1nyoz\u00f3, k\u00e9t szintes teherj\u00e1rm\u0171\" class=\"wp-image-6828\" style=\"width:1036px;height:auto\" title=\"\" srcset=\"https:\/\/ghibli.hu\/wp-content\/uploads\/2024\/04\/szallitmanyozo-ket-szintes.jpg 600w, https:\/\/ghibli.hu\/wp-content\/uploads\/2024\/04\/szallitmanyozo-ket-szintes-300x200.jpg 300w\" sizes=\"(max-width: 600px) 100vw, 600px\" \/><figcaption><\/figcaption><\/figure>\n\n\n\n<p><\/p>\n\n\n\n<p>A <a href=\"https:\/\/ghibli.hu\/\">megfelel\u0151 sz\u00e1ll\u00edtm\u00e1nyoz\u00f3<\/a> kiv\u00e1laszt\u00e1sa teh\u00e1t kulcsfontoss\u00e1g\u00fa d\u00f6nt\u00e9s, amely jelent\u0151s hat\u00e1ssal van egy v\u00e1llalat teljes\u00edtm\u00e9ny\u00e9re. Ennek sor\u00e1n figyelembe kell venni a sz\u00e1ll\u00edtm\u00e1nyoz\u00f3 c\u00e9g szolg\u00e1ltat\u00e1sainak min\u0151s\u00e9g\u00e9t, k\u00f6lts\u00e9ghat\u00e9konys\u00e1g\u00e1t, h\u00e1l\u00f3zat\u00e1nak kiterjedts\u00e9g\u00e9t, technol\u00f3giai fejletts\u00e9g\u00e9t \u00e9s elk\u00f6telezetts\u00e9g\u00e9t a fenntarthat\u00f3s\u00e1g mellett.<\/p>\n","protected":false},"excerpt":{"rendered":"<p>A modern gazdas\u00e1g v\u00e9rkering\u00e9s\u00e9nek egyik legfontosabb eleme a hat\u00e9kony \u00e9s megb\u00edzhat\u00f3 logisztikai h\u00e1l\u00f3zat. Ezen bel\u00fcl kiemelked\u0151 szerepet t\u00f6ltenek be a spedit\u0151r\u00f6k, akik nem csup\u00e1n a sz\u00e1ll\u00edt\u00e1si l\u00e1nc kulcsfontoss\u00e1g\u00fa kapcsol\u00f3pontjai, hanem az \u00fcgyfelek \u00e9s a fuvaroz\u00f3k k\u00f6z\u00f6tti kommunik\u00e1ci\u00f3ban is k\u00f6zponti szerepet j\u00e1tszanak. Egy j\u00f3l m\u0171k\u00f6d\u0151 spedit\u0151ri szolg\u00e1ltat\u00e1s k\u00e9pes megk\u00f6nny\u00edteni a v\u00e1llalatok nemzetk\u00f6zi kereskedelm\u00e9t, optimaliz\u00e1lni a sz\u00e1ll\u00edt\u00e1si&#8230;<\/p>\n","protected":false},"author":2,"featured_media":6829,"comment_status":"closed","ping_status":"closed","sticky":false,"template":"","format":"standard","meta":{"_acf_changed":false,"footnotes":""},"categories":[40],"tags":[],"class_list":["post-6823","post","type-post","status-publish","format-standard","has-post-thumbnail","hentry","category-blog"],"acf":[],"_links":{"self":[{"href":"https:\/\/ghibli.hu\/en\/wp-json\/wp\/v2\/posts\/6823","targetHints":{"allow":["GET"]}}],"collection":[{"href":"https:\/\/ghibli.hu\/en\/wp-json\/wp\/v2\/posts"}],"about":[{"href":"https:\/\/ghibli.hu\/en\/wp-json\/wp\/v2\/types\/post"}],"author":[{"embeddable":true,"href":"https:\/\/ghibli.hu\/en\/wp-json\/wp\/v2\/users\/2"}],"replies":[{"embeddable":true,"href":"https:\/\/ghibli.hu\/en\/wp-json\/wp\/v2\/comments?post=6823"}],"version-history":[{"count":0,"href":"https:\/\/ghibli.hu\/en\/wp-json\/wp\/v2\/posts\/6823\/revisions"}],"wp:featuredmedia":[{"embeddable":true,"href":"https:\/\/ghibli.hu\/en\/wp-json\/wp\/v2\/media\/6829"}],"wp:attachment":[{"href":"https:\/\/ghibli.hu\/en\/wp-json\/wp\/v2\/media?parent=6823"}],"wp:term":[{"taxonomy":"category","embeddable":true,"href":"https:\/\/ghibli.hu\/en\/wp-json\/wp\/v2\/categories?post=6823"},{"taxonomy":"post_tag","embeddable":true,"href":"https:\/\/ghibli.hu\/en\/wp-json\/wp\/v2\/tags?post=6823"}],"curies":[{"name":"wp","href":"https:\/\/api.w.org\/{rel}","templated":true}]}}