{"id":6846,"date":"2024-04-09T23:17:40","date_gmt":"2024-04-09T21:17:40","guid":{"rendered":"https:\/\/ghibli.hu\/?p=6846"},"modified":"2024-04-09T23:17:40","modified_gmt":"2024-04-09T21:17:40","slug":"miert-elengedhetetlen-a-raktarozas-a-logisztikai-szolgaltatasban","status":"publish","type":"post","link":"https:\/\/ghibli.hu\/en\/blog\/miert-elengedhetetlen-a-raktarozas-a-logisztikai-szolgaltatasban\/","title":{"rendered":"Mi\u00e9rt elengedhetetlen a rakt\u00e1roz\u00e1s a logisztikai szolg\u00e1ltat\u00e1sban?"},"content":{"rendered":"\n<p>A <a href=\"https:\/\/ghibli.hu\/szolgaltatasaink\/teljeskoru-logisztikai-szolgaltatas\/\">logisztika<\/a> mint ipar\u00e1g gyors temp\u00f3ban fejl\u0151dik, \u00e9s ennek motorja a folyamatos innov\u00e1ci\u00f3 \u00e9s a technol\u00f3giai fejl\u0151d\u00e9s. A rakt\u00e1roz\u00e1s, mint kulcsfontoss\u00e1g\u00fa elem, alapvet\u0151 szerepet j\u00e1tszik a logisztikai szolg\u00e1ltat\u00e1sok hat\u00e9kony m\u0171k\u00f6d\u00e9s\u00e9ben. Egy j\u00f3l szervezett rakt\u00e1rrendszer nem csup\u00e1n a term\u00e9kek t\u00e1rol\u00e1s\u00e1t teszi lehet\u0151v\u00e9, hanem sz\u00e1mos m\u00e1s el\u0151nnyel is j\u00e1r, amelyek jelent\u0151sen jav\u00edtj\u00e1k a teljes ell\u00e1t\u00e1si l\u00e1nc hat\u00e9konys\u00e1g\u00e1t.<\/p>\n\n\n\n<p>A rakt\u00e1roz\u00e1s jelent\u0151s\u00e9ge nem korl\u00e1toz\u00f3dik puszt\u00e1n a fizikai t\u00e9r biztos\u00edt\u00e1s\u00e1ra; sokkal ink\u00e1bb strat\u00e9giai eszk\u00f6zk\u00e9nt szolg\u00e1l. Ez lehet\u0151v\u00e9 teszi a v\u00e1llalatok sz\u00e1m\u00e1ra, hogy gyorsan reag\u00e1ljanak a piaci v\u00e1ltoz\u00e1sokra, optimaliz\u00e1lj\u00e1k k\u00e9szleteiket, \u00e9s cs\u00f6kkents\u00e9k a logisztikai k\u00f6lts\u00e9geket. Ebben a blogbejegyz\u00e9sben megvizsg\u00e1ljuk, hogy mi\u00e9rt tekinthet\u0151 a rakt\u00e1roz\u00e1s elengedhetetlen r\u00e9sz\u00e9nek a modern logisztikai rendszereknek, \u00e9s hogyan form\u00e1lja \u00e9s t\u00e1mogatja ez a logisztika j\u00f6v\u0151beli fejl\u0151d\u00e9s\u00e9t.<\/p>\n\n\n\n<figure class=\"wp-block-image size-full is-resized\"><img decoding=\"async\" width=\"600\" height=\"400\" src=\"https:\/\/ghibli.hu\/wp-content\/uploads\/2024\/04\/raktarozas-raktaros.jpg\" alt=\"\" class=\"wp-image-6847\" style=\"width:1000px\" title=\"\" srcset=\"https:\/\/ghibli.hu\/wp-content\/uploads\/2024\/04\/raktarozas-raktaros.jpg 600w, https:\/\/ghibli.hu\/wp-content\/uploads\/2024\/04\/raktarozas-raktaros-300x200.jpg 300w\" sizes=\"(max-width: 600px) 100vw, 600px\" \/><figcaption><\/figcaption><\/figure>\n\n\n\n<p><\/p>\n\n\n\n<h2 class=\"wp-block-heading\"><strong>A rakt\u00e1roz\u00e1s szerepe a k\u00e9szletgazd\u00e1lkod\u00e1sban<\/strong>&nbsp;<\/h2>\n\n\n\n<p>A rakt\u00e1roz\u00e1s alapvet\u0151 szerepet j\u00e1tszik a k\u00e9szletgazd\u00e1lkod\u00e1sban, amely kulcsfontoss\u00e1g\u00fa a <a href=\"https:\/\/ghibli.hu\/szolgaltatasaink\/raktarlogisztika\/\">logisztikai folyamatok<\/a> zavartalan m\u0171k\u00f6d\u00e9s\u00e9hez. Az els\u0151dleges el\u0151nye, hogy lehet\u0151v\u00e9 teszi a v\u00e1llalatok sz\u00e1m\u00e1ra a k\u00e9szletszintek optimaliz\u00e1l\u00e1s\u00e1t. Ez azt jelenti, hogy a v\u00e1llalatok k\u00e9pesek fenntartani az ide\u00e1lis mennyis\u00e9g\u0171 k\u00e9szletet. Ezzel elker\u00fclve a t\u00falk\u00e9szletet \u00e9s annak p\u00e9nz\u00fcgyi terheit, mik\u00f6zben biztos\u00edtj\u00e1k, hogy elegend\u0151 \u00e1ru \u00e1lljon rendelkez\u00e9sre a kereslet kiel\u00e9g\u00edt\u00e9s\u00e9re.<\/p>\n\n\n\n<p>Ezenk\u00edv\u00fcl a hat\u00e9kony rakt\u00e1roz\u00e1s seg\u00edt a v\u00e1llalatoknak gyorsabban reag\u00e1lni a piaci ig\u00e9nyek v\u00e1ltoz\u00e1saira. Amikor a kereslet hirtelen n\u00f6vekszik, egy j\u00f3l szervezett rakt\u00e1r gyorsan k\u00e9pes kiszolg\u00e1lni a vev\u0151ket, n\u00f6velve ezzel a v\u00e1s\u00e1rl\u00f3i el\u00e9gedetts\u00e9get \u00e9s h\u0171s\u00e9get. Ez k\u00fcl\u00f6n\u00f6sen fontos az olyan gyorsan v\u00e1ltoz\u00f3 ipar\u00e1gakban, mint az elektronika vagy a divat, ahol a piaci trendek \u00e9s fogyaszt\u00f3i preferenci\u00e1k gyorsan v\u00e1ltoznak.<\/p>\n\n\n\n<p>A rakt\u00e1roz\u00e1s tov\u00e1bbi el\u0151nyei k\u00f6z\u00e9 tartozik a k\u00f6lts\u00e9gek cs\u00f6kkent\u00e9se \u00e9s a kock\u00e1zatok minimaliz\u00e1l\u00e1sa. Egy hat\u00e9kony rakt\u00e1ri rendszer cs\u00f6kkenti a sz\u00fcks\u00e9gtelen k\u00e9szletez\u00e9sb\u0151l ered\u0151 k\u00f6lts\u00e9geket \u00e9s minimaliz\u00e1lja a le\u00e1ll\u00e1si id\u0151ket, ami p\u00e9nz\u00fcgyi megtakar\u00edt\u00e1st jelent a v\u00e1llalatok sz\u00e1m\u00e1ra. V\u00e9g\u00fcl, de nem utols\u00f3sorban, a kifinomult k\u00e9szletgazd\u00e1lkod\u00e1si technik\u00e1k, mint p\u00e9ld\u00e1ul a JIT (Just-In-Time) sz\u00e1ll\u00edt\u00e1s, jav\u00edtj\u00e1k a szolg\u00e1ltat\u00e1si szintet. Ezek pontosabban kezelik a k\u00e9szlet\u00e1llom\u00e1nyt, ez\u00e1ltal biztos\u00edtva, hogy a term\u00e9kek akkor \u00e9rkezzenek, amikor sz\u00fcks\u00e9g van r\u00e1juk, nem el\u0151bb \u00e9s nem k\u00e9s\u0151bb.<\/p>\n\n\n\n<h2 class=\"wp-block-heading\"><strong>A rakt\u00e1roz\u00e1s hat\u00e1sa a sz\u00e1ll\u00edt\u00e1si hat\u00e9konys\u00e1gra<\/strong><\/h2>\n\n\n\n<p>A rakt\u00e1roz\u00e1s jelent\u0151sen hozz\u00e1j\u00e1rul a sz\u00e1ll\u00edt\u00e1si folyamatok hat\u00e9konys\u00e1g\u00e1nak n\u00f6vel\u00e9s\u00e9hez, amely kulcsfontoss\u00e1g\u00fa eleme a logisztikai l\u00e1ncnak. Egy j\u00f3l megtervezett \u00e9s \u00fczemeltetett rakt\u00e1ri rendszer k\u00e9pes cs\u00f6kkenteni a sz\u00e1ll\u00edt\u00e1si id\u0151ket \u00e9s k\u00f6lts\u00e9geket, jav\u00edtva ezzel a teljes logisztikai teljes\u00edtm\u00e9nyt.<\/p>\n\n\n\n<p>El\u0151sz\u00f6r is, a rakt\u00e1roz\u00e1s lehet\u0151v\u00e9 teszi a v\u00e1llalatok sz\u00e1m\u00e1ra, hogy strat\u00e9giai helysz\u00edneken t\u00e1rolj\u00e1k term\u00e9keiket, \u00edgy k\u00f6zelebb ker\u00fclnek a fogyaszt\u00f3ikhoz. Ez r\u00f6videbb sz\u00e1ll\u00edt\u00e1si \u00fatvonalakat eredm\u00e9nyez, ami nemcsak gyorsabb kisz\u00e1ll\u00edt\u00e1st tesz lehet\u0151v\u00e9, hanem cs\u00f6kkenti a sz\u00e1ll\u00edt\u00e1si k\u00f6lts\u00e9geket is. \u00cdgy kevesebb \u00fczemanyagot \u00e9s kevesebb id\u0151t ig\u00e9nyel az \u00e1ruk eljuttat\u00e1sa a v\u00e9gpontokra.<\/p>\n\n\n\n<p>M\u00e1sodszor, a rakt\u00e1rakban t\u00f6rt\u00e9n\u0151 \u00e1rukezel\u00e9s rugalmass\u00e1ga \u00e9s a disztrib\u00faci\u00f3s folyamatok optimaliz\u00e1l\u00e1sa tov\u00e1bb jav\u00edtja a sz\u00e1ll\u00edt\u00e1si hat\u00e9konys\u00e1got. Az automatiz\u00e1lt rakt\u00e1roz\u00e1si rendszerek \u00e9s a fejlett szoftveres megold\u00e1sok lehet\u0151v\u00e9 teszik a gyorsabb \u00e1rukezel\u00e9st \u00e9s csomagol\u00e1st, minimaliz\u00e1lva ezzel a k\u00e9sleltet\u00e9seket \u00e9s hib\u00e1kat a sz\u00e1ll\u00edt\u00e1s sor\u00e1n.<\/p>\n\n\n\n<p>Harmadsorban, a rakt\u00e1roz\u00e1s n\u00f6veli a logisztikai folyamatok \u00e1tl\u00e1that\u00f3s\u00e1g\u00e1t, lehet\u0151v\u00e9 t\u00e9ve a v\u00e1llalatok sz\u00e1m\u00e1ra, hogy pontosabban nyomon k\u00f6vethess\u00e9k az \u00e1ruk mozg\u00e1s\u00e1t. Ez az inform\u00e1ci\u00f3 seg\u00edt a logisztikai d\u00f6nt\u00e9shoz\u00f3knak az \u00fatvonaltervez\u00e9s finomhangol\u00e1s\u00e1ban, \u00edgy elker\u00fclhet\u0151k a forgalmas \u00fatvonalak \u00e9s id\u0151szakok, amelyek jelent\u0151sen befoly\u00e1solhatj\u00e1k a sz\u00e1ll\u00edt\u00e1si id\u0151ket.<\/p>\n\n\n\n<p>V\u00e9g\u00fcl, a hat\u00e9kony rakt\u00e1roz\u00e1s cs\u00f6kkenti a k\u00f6rnyezeti terhel\u00e9st is, mivel kevesebb j\u00e1rm\u0171vet ig\u00e9nyel a r\u00f6videbb sz\u00e1ll\u00edt\u00e1si t\u00e1vols\u00e1gok miatt. Ez nem csak k\u00f6lts\u00e9gcs\u00f6kkent\u0151, hanem fenntarthat\u00f3s\u00e1gi szempontb\u00f3l is el\u0151ny\u00f6s, t\u00e1mogatva a z\u00f6ld logisztikai kezdem\u00e9nyez\u00e9seket.<\/p>\n\n\n\n<figure class=\"wp-block-image size-full is-resized\"><img decoding=\"async\" width=\"600\" height=\"400\" src=\"https:\/\/ghibli.hu\/wp-content\/uploads\/2024\/04\/raktarozas-csomag.jpg\" alt=\"\" class=\"wp-image-6848\" style=\"width:1000px\" title=\"\" srcset=\"https:\/\/ghibli.hu\/wp-content\/uploads\/2024\/04\/raktarozas-csomag.jpg 600w, https:\/\/ghibli.hu\/wp-content\/uploads\/2024\/04\/raktarozas-csomag-300x200.jpg 300w\" sizes=\"(max-width: 600px) 100vw, 600px\" \/><figcaption><\/figcaption><\/figure>\n\n\n\n<p><\/p>\n\n\n\n<h2 class=\"wp-block-heading\"><strong>A rakt\u00e1roz\u00e1s j\u00f6v\u0151beli kih\u00edv\u00e1sai \u00e9s lehet\u0151s\u00e9gei&nbsp;<\/strong><\/h2>\n\n\n\n<p>A rakt\u00e1roz\u00e1s ter\u00fclet\u00e9n a j\u00f6v\u0151beli kih\u00edv\u00e1sok \u00e9s lehet\u0151s\u00e9gek egyar\u00e1nt jelent\u0151s v\u00e1ltoz\u00e1sokat \u00e9s fejl\u0151d\u00e9st jeleznek el\u0151re a logisztika vil\u00e1g\u00e1ban. Ahogy a piaci ig\u00e9nyek \u00e9s a technol\u00f3giai fejl\u0151d\u00e9s folyamatosan alakulnak, \u00fagy n\u0151nek az elv\u00e1r\u00e1sok a rakt\u00e1rak gyorsas\u00e1g\u00e1val, hat\u00e9konys\u00e1g\u00e1val \u00e9s rugalmass\u00e1g\u00e1val szemben is.<\/p>\n\n\n\n<p>Egyik f\u0151 kih\u00edv\u00e1s, amellyel a rakt\u00e1roz\u00e1snak szembe kell n\u00e9znie, az a fogyaszt\u00f3i ig\u00e9nyek n\u00f6veked\u00e9se a gyorsabb kisz\u00e1ll\u00edt\u00e1sra. Az e-kereskedelem robban\u00e1sszer\u0171 n\u00f6veked\u00e9se miatt a v\u00e1llalatoknak k\u00e9pesnek kell lenni\u00fck arra, hogy azonnal reag\u00e1ljanak a rendel\u00e9sekre, ami a rakt\u00e1raknak is nagyobb gyorsas\u00e1got \u00e9s hat\u00e9konys\u00e1got k\u00f6vetel meg. Ez azt jelenti, hogy a j\u00f6v\u0151beni rakt\u00e1raknak folyamatosan fejleszteni\u00fck kell a folyamataikat, integr\u00e1lniuk kell az \u00faj technol\u00f3gi\u00e1kat, mint p\u00e9ld\u00e1ul az automatiz\u00e1ci\u00f3t \u00e9s a robotik\u00e1t, hogy l\u00e9p\u00e9st tudjanak tartani a piaci elv\u00e1r\u00e1sokkal.<\/p>\n\n\n\n<figure class=\"wp-block-image size-full is-resized\"><img decoding=\"async\" width=\"600\" height=\"400\" src=\"https:\/\/ghibli.hu\/wp-content\/uploads\/2024\/04\/raktarozas-targonca.jpg\" alt=\"\" class=\"wp-image-6849\" style=\"width:1000px\" title=\"\" srcset=\"https:\/\/ghibli.hu\/wp-content\/uploads\/2024\/04\/raktarozas-targonca.jpg 600w, https:\/\/ghibli.hu\/wp-content\/uploads\/2024\/04\/raktarozas-targonca-300x200.jpg 300w\" sizes=\"(max-width: 600px) 100vw, 600px\" \/><figcaption><\/figcaption><\/figure>\n\n\n\n<p><\/p>\n\n\n\n<p>A globaliz\u00e1ci\u00f3 tov\u00e1bbi kih\u00edv\u00e1st jelent, mivel a v\u00e1llalatok egyre nagyobb \u00e9s \u00f6sszetettebb ell\u00e1t\u00e1si l\u00e1ncokat kezelnek, amelyek vil\u00e1gszerte eloszlanak. Ennek kezel\u00e9s\u00e9hez a rakt\u00e1raknak nemcsak helyileg kell hat\u00e9konyabbnak lenni\u00fck, hanem glob\u00e1lis szinten is \u00f6sszehangoltabban kell m\u0171k\u00f6dni\u00fck. Ez a rakt\u00e1roz\u00e1si strat\u00e9gi\u00e1k \u00e1talakul\u00e1s\u00e1t is mag\u00e1val hozza, amely mag\u00e1ban foglalja az olyan fejlett technol\u00f3gi\u00e1kat, mint az IoT (Internet of Things) \u00e9s a mesters\u00e9ges intelligencia, hogy jobban nyomon k\u00f6vethess\u00e9k \u00e9s optimaliz\u00e1lhass\u00e1k az \u00e1ru\u00e1raml\u00e1st a k\u00fcl\u00f6nb\u00f6z\u0151 f\u00f6ldrajzi ter\u00fcleteken.<\/p>\n\n\n\n<h2 class=\"wp-block-heading\">Fenntarthat\u00f3s\u00e1g ir\u00e1nti n\u00f6vekv\u0151 elk\u00f6telezetts\u00e9g <\/h2>\n\n\n\n<p>\u00faj lehet\u0151s\u00e9geket teremt a z\u00f6ld logisztika \u00e9s a k\u00f6rnyezettudatos rakt\u00e1roz\u00e1si megold\u00e1sok ter\u00e9n. A v\u00e1llalatok egyre ink\u00e1bb t\u00f6rekszenek arra, hogy cs\u00f6kkents\u00e9k \u00f6kol\u00f3giai l\u00e1bnyomukat. Ez mag\u00e1ban foglalja az energiahat\u00e9kony rakt\u00e1rak kialak\u00edt\u00e1s\u00e1t, a hullad\u00e9kcs\u00f6kkent\u00e9st \u00e9s az \u00fajrahasznos\u00edt\u00e1s n\u00f6vel\u00e9s\u00e9t a rakt\u00e1roz\u00e1si folyamatokban.<\/p>\n\n\n\n<p>V\u00e9g\u00fcl, a rugalmass\u00e1g n\u00f6vel\u00e9se az ell\u00e1t\u00e1si l\u00e1ncban tov\u00e1bbra is kulcsfontoss\u00e1g\u00fa lesz, k\u00fcl\u00f6n\u00f6sen a jelenlegi glob\u00e1lis k\u00f6rnyezetben, ahol gyakoriak a zavarok \u00e9s a kisz\u00e1m\u00edthatatlans\u00e1g. A v\u00e1llalatoknak k\u00e9peseknek kell lenni\u00fck gyorsan alkalmazkodni a v\u00e1ratlan esem\u00e9nyekhez, ami er\u0151s, j\u00f3l integr\u00e1lt rakt\u00e1roz\u00e1si megold\u00e1sokat ig\u00e9nyel.<\/p>\n\n\n\n<p>\u00d6sszefoglalva, a rakt\u00e1roz\u00e1s sz\u00e1mos j\u00f6v\u0151beli kih\u00edv\u00e1ssal \u00e9s lehet\u0151s\u00e9ggel n\u00e9z szembe, amelyek lehet\u0151v\u00e9 teszik a logisztikai \u00e1gazat sz\u00e1m\u00e1ra, hogy tov\u00e1bb fejl\u0151dj\u00f6n \u00e9s alkalmazkodjon a folyamatosan v\u00e1ltoz\u00f3 \u00fczleti \u00e9s technol\u00f3giai k\u00f6rnyezethez. V\u00e9gs\u0151 soron a rakt\u00e1roz\u00e1s nem csak az ell\u00e1t\u00e1si l\u00e1nc egyik alappill\u00e9re, hanem a logisztikai szolg\u00e1ltat\u00e1sok j\u00f6v\u0151j\u00e9nek alak\u00edt\u00f3ja is. Azok a v\u00e1llalatok, amelyek k\u00e9pesek lesznek hat\u00e9konyan kezelni \u00e9s fejleszteni rakt\u00e1raikat, jobban pozicion\u00e1lj\u00e1k magukat a piaci versenyben, jav\u00edtva \u00fcgyf\u00e9lkiszolg\u00e1l\u00e1sukat \u00e9s n\u00f6velve piaci r\u00e9szesed\u00e9s\u00fcket. A rakt\u00e1roz\u00e1s teh\u00e1t nemcsak a jelen sz\u00fcks\u00e9gleteit szolg\u00e1lja, hanem a logisztikai innov\u00e1ci\u00f3 \u00e9s fejl\u0151d\u00e9s kulcsfontoss\u00e1g\u00fa ter\u00fclete is.&nbsp;<\/p>\n","protected":false},"excerpt":{"rendered":"<p>A logisztika mint ipar\u00e1g gyors temp\u00f3ban fejl\u0151dik, \u00e9s ennek motorja a folyamatos innov\u00e1ci\u00f3 \u00e9s a technol\u00f3giai fejl\u0151d\u00e9s. A rakt\u00e1roz\u00e1s, mint kulcsfontoss\u00e1g\u00fa elem, alapvet\u0151 szerepet j\u00e1tszik a logisztikai szolg\u00e1ltat\u00e1sok hat\u00e9kony m\u0171k\u00f6d\u00e9s\u00e9ben<\/p>\n","protected":false},"author":2,"featured_media":6851,"comment_status":"closed","ping_status":"closed","sticky":false,"template":"","format":"standard","meta":{"_acf_changed":false,"footnotes":""},"categories":[40],"tags":[44],"class_list":["post-6846","post","type-post","status-publish","format-standard","has-post-thumbnail","hentry","category-blog","tag-logisztikai-szolgaltatas"],"acf":[],"_links":{"self":[{"href":"https:\/\/ghibli.hu\/en\/wp-json\/wp\/v2\/posts\/6846","targetHints":{"allow":["GET"]}}],"collection":[{"href":"https:\/\/ghibli.hu\/en\/wp-json\/wp\/v2\/posts"}],"about":[{"href":"https:\/\/ghibli.hu\/en\/wp-json\/wp\/v2\/types\/post"}],"author":[{"embeddable":true,"href":"https:\/\/ghibli.hu\/en\/wp-json\/wp\/v2\/users\/2"}],"replies":[{"embeddable":true,"href":"https:\/\/ghibli.hu\/en\/wp-json\/wp\/v2\/comments?post=6846"}],"version-history":[{"count":0,"href":"https:\/\/ghibli.hu\/en\/wp-json\/wp\/v2\/posts\/6846\/revisions"}],"wp:featuredmedia":[{"embeddable":true,"href":"https:\/\/ghibli.hu\/en\/wp-json\/wp\/v2\/media\/6851"}],"wp:attachment":[{"href":"https:\/\/ghibli.hu\/en\/wp-json\/wp\/v2\/media?parent=6846"}],"wp:term":[{"taxonomy":"category","embeddable":true,"href":"https:\/\/ghibli.hu\/en\/wp-json\/wp\/v2\/categories?post=6846"},{"taxonomy":"post_tag","embeddable":true,"href":"https:\/\/ghibli.hu\/en\/wp-json\/wp\/v2\/tags?post=6846"}],"curies":[{"name":"wp","href":"https:\/\/api.w.org\/{rel}","templated":true}]}}