{"id":6926,"date":"2024-05-12T11:00:00","date_gmt":"2024-05-12T09:00:00","guid":{"rendered":"https:\/\/ghibli.hu\/?p=6926"},"modified":"2024-05-12T11:00:00","modified_gmt":"2024-05-12T09:00:00","slug":"miert-fontos-a-jegyzokonyv-hasznalata-a-logisztikaban","status":"publish","type":"post","link":"https:\/\/ghibli.hu\/en\/blog\/miert-fontos-a-jegyzokonyv-hasznalata-a-logisztikaban\/","title":{"rendered":"Mi\u00e9rt fontos a jegyz\u0151k\u00f6nyv haszn\u00e1lata a logisztik\u00e1ban?"},"content":{"rendered":"\n<p>A logisztika ter\u00fclet\u00e9n a jegyz\u0151k\u00f6nyv kulcsfontoss\u00e1g\u00fa eszk\u00f6z a folyamatok hat\u00e9kony nyomon k\u00f6vet\u00e9s\u00e9hez \u00e9s dokument\u00e1l\u00e1s\u00e1hoz. A jegyz\u0151k\u00f6nyvek seg\u00edts\u00e9g\u00e9vel pontosan r\u00f6gz\u00edthetj\u00fck a k\u00fcl\u00f6nb\u00f6z\u0151 megbesz\u00e9l\u00e9sek, \u00e9rtekezletek \u00e9s esem\u00e9nyek sor\u00e1n elhangzottakat, valamint az elv\u00e9gzett tev\u00e9kenys\u00e9geket \u00e9s azok eredm\u00e9nyeit. Ez nemcsak a bels\u0151 kommunik\u00e1ci\u00f3 jav\u00edt\u00e1s\u00e1ban seg\u00edt, hanem hozz\u00e1j\u00e1rul a folyamatok \u00e1tl\u00e1that\u00f3s\u00e1g\u00e1hoz \u00e9s a d\u00f6nt\u00e9shozatal megalapozotts\u00e1g\u00e1hoz is.<\/p>\n\n\n\n<p>A jegyz\u0151k\u00f6nyv minta haszn\u00e1lata k\u00fcl\u00f6n\u00f6sen fontos a logisztikai ipar\u00e1gban, ahol a komplex folyamatok \u00e9s a k\u00fcl\u00f6nb\u00f6z\u0151 szerepl\u0151k k\u00f6z\u00f6tti koordin\u00e1ci\u00f3 elengedhetetlen. Legyen sz\u00f3 sz\u00e1ll\u00edt\u00e1si l\u00e1nc menedzsmentr\u0151l, <a href=\"https:\/\/ghibli.hu\/blog\/miert-elengedhetetlen-a-raktarozas-a-logisztikai-szolgaltatasban\/\">rakt\u00e1roz\u00e1sr\u00f3l<\/a> vagy k\u00e9szletgazd\u00e1lkod\u00e1sr\u00f3l, egy j\u00f3l kidolgozott jegyz\u0151k\u00f6nyv seg\u00edti a pontos \u00e9s hat\u00e9kony munkav\u00e9gz\u00e9st. Ebben a blogcikkben r\u00e9szletesen bemutatjuk, hogyan k\u00e9sz\u00edthet\u0151 el egy hat\u00e9kony jegyz\u0151k\u00f6nyv minta, amely megfelel a logisztikai szektor speci\u00e1lis ig\u00e9nyeinek, \u00e9s hogyan alkalmazhat\u00f3 a gyakorlatban a k\u00fcl\u00f6nb\u00f6z\u0151 logisztikai folyamatok sor\u00e1n.<\/p>\n\n\n\n<h3 class=\"wp-block-heading\">A jegyz\u0151k\u00f6nyv k\u00e9sz\u00edt\u00e9s\u00e9nek alapvet\u0151 elemei<\/h3>\n\n\n\n<p>A jegyz\u0151k\u00f6nyv k\u00e9sz\u00edt\u00e9se sor\u00e1n t\u00f6bb alapvet\u0151 elemet kell figyelembe venni annak \u00e9rdek\u00e9ben, hogy a dokumentum teljes k\u00f6r\u0171en \u00e9s pontosan t\u00fckr\u00f6zze az esem\u00e9nyeket \u00e9s a megbesz\u00e9l\u00e9seket. Els\u0151k\u00e9nt, a jegyz\u0151k\u00f6nyv fejl\u00e9c\u00e9ben fontos felt\u00fcntetni az alapvet\u0151 inform\u00e1ci\u00f3kat, mint p\u00e9ld\u00e1ul a d\u00e1tumot, a helysz\u00ednt \u00e9s a r\u00e9sztvev\u0151k n\u00e9vsor\u00e1t. Ezek az adatok seg\u00edtenek azonos\u00edtani a jegyz\u0151k\u00f6nyv kontextus\u00e1t \u00e9s biztos\u00edtj\u00e1k, hogy a k\u00e9s\u0151bbiekben is k\u00f6nnyen visszakereshet\u0151 legyen.<\/p>\n\n\n\n<p>A napi rend \u00e9s a t\u00e1rgyalt t\u00e9m\u00e1k r\u00f6gz\u00edt\u00e9se szint\u00e9n elengedhetetlen. Minden megbesz\u00e9l\u00e9s el\u0151tt \u00e9rdemes \u00f6ssze\u00e1ll\u00edtani egy napirendet, amely tartalmazza a megbesz\u00e9l\u00e9s f\u0151bb pontjait. A jegyz\u0151k\u00f6nyvben ezeket a pontokat r\u00e9szletesen dokument\u00e1lni kell, bele\u00e9rtve az egyes t\u00e9m\u00e1khoz kapcsol\u00f3d\u00f3 vit\u00e1kat, d\u00f6nt\u00e9seket \u00e9s feladatkioszt\u00e1sokat. Ez a struktur\u00e1lt megk\u00f6zel\u00edt\u00e9s nemcsak a jegyz\u0151k\u00f6nyv \u00e1tl\u00e1that\u00f3s\u00e1g\u00e1t n\u00f6veli, hanem el\u0151seg\u00edti a k\u00e9s\u0151bbi k\u00f6vethet\u0151s\u00e9get \u00e9s elsz\u00e1moltathat\u00f3s\u00e1got is.<\/p>\n\n\n\n<p><\/p>\n\n\n\n<figure class=\"wp-block-image size-full is-resized\"><img decoding=\"async\" width=\"600\" height=\"400\" src=\"https:\/\/ghibli.hu\/wp-content\/uploads\/2024\/06\/logisztikai-jegyzokonyv-noi-munkatars.jpg\" alt=\"\" class=\"wp-image-6930\" style=\"width:1130px;height:auto\" title=\"\" srcset=\"https:\/\/ghibli.hu\/wp-content\/uploads\/2024\/06\/logisztikai-jegyzokonyv-noi-munkatars.jpg 600w, https:\/\/ghibli.hu\/wp-content\/uploads\/2024\/06\/logisztikai-jegyzokonyv-noi-munkatars-300x200.jpg 300w\" sizes=\"(max-width: 600px) 100vw, 600px\" \/><figcaption><\/figcaption><\/figure>\n\n\n\n<p><\/p>\n\n\n\n<p>A jegyz\u0151k\u00f6nyv minta tartalmazza tov\u00e1bb\u00e1 a felel\u0151s szem\u00e9lyek megnevez\u00e9s\u00e9t \u00e9s a hat\u00e1rid\u0151ket is. Ez k\u00fcl\u00f6n\u00f6sen fontos a logisztikai folyamatok sor\u00e1n, ahol a pontos feladatmeghat\u00e1roz\u00e1s \u00e9s id\u0151z\u00edt\u00e9s kulcsfontoss\u00e1g\u00fa a hat\u00e9kony m\u0171k\u00f6d\u00e9s \u00e9rdek\u00e9ben. A jegyz\u0151k\u00f6nyvben r\u00f6gz\u00edteni kell, hogy ki felel\u0151s az egyes feladatok elv\u00e9gz\u00e9s\u00e9\u00e9rt \u00e9s mikorra kell azokat teljes\u00edteni. Ezzel biztos\u00edthat\u00f3, hogy minden \u00e9rintett f\u00e9l tiszt\u00e1ban legyen a r\u00e1 h\u00e1rul\u00f3 feladatokkal \u00e9s azok hat\u00e1ridej\u00e9vel.<\/p>\n\n\n\n<p>V\u00e9g\u00fcl, a jegyz\u0151k\u00f6nyv lez\u00e1r\u00e1sa sor\u00e1n \u00e9rdemes \u00f6sszefoglalni a megbesz\u00e9l\u00e9s legfontosabb pontjait \u00e9s a k\u00f6vetkez\u0151 l\u00e9p\u00e9seket. Ez a z\u00e1r\u00f3 r\u00e9sz seg\u00edt \u00f6sszefoglalni a l\u00e9nyeget \u00e9s egy\u00e9rtelm\u0171en kijel\u00f6li a tov\u00e1bbi teend\u0151ket, ami hozz\u00e1j\u00e1rul a hat\u00e9konyabb munkav\u00e9gz\u00e9shez \u00e9s a c\u00e9lok el\u00e9r\u00e9s\u00e9hez. A jegyz\u0151k\u00f6nyv minta ezen alapvet\u0151 elemeinek betart\u00e1s\u00e1val egy olyan dokumentumot k\u00e9sz\u00edthet\u00fcnk, amely teljes k\u00f6r\u0171en \u00e9s pontosan szolg\u00e1lja a logisztikai folyamatok k\u00f6vethet\u0151s\u00e9g\u00e9t \u00e9s hat\u00e9konys\u00e1g\u00e1t.<\/p>\n\n\n\n<h3 class=\"wp-block-heading\">Hogyan biztos\u00edthat\u00f3 a jegyz\u0151k\u00f6ny pontoss\u00e1ga \u00e9s megb\u00edzhat\u00f3s\u00e1ga?<\/h3>\n\n\n\n<p>A jegyz\u0151k\u00f6nyv pontoss\u00e1ga \u00e9s megb\u00edzhat\u00f3s\u00e1ga kulcsfontoss\u00e1g\u00fa a <a href=\"https:\/\/tudasbazis.sulinet.hu\/hu\/szakkepzes\/kereskedelem-es-marketing\/kereskedelmi-es-marketing-modulok\/logisztikai-alapfogalmak\/a-logisztikai-folyamatok-osszefoglalo-attekintese\" target=\"_blank\" rel=\"noopener\">logisztikai folyamatok<\/a> hat\u00e9kony dokument\u00e1l\u00e1s\u00e1hoz \u00e9s nyomon k\u00f6vet\u00e9s\u00e9hez. A pontos \u00e9s megb\u00edzhat\u00f3 jegyz\u0151k\u00f6nyvek el\u0151seg\u00edtik a d\u00f6nt\u00e9shozatalt, jav\u00edtj\u00e1k a kommunik\u00e1ci\u00f3t, \u00e9s n\u00f6velik az \u00e1tl\u00e1that\u00f3s\u00e1got.<\/p>\n\n\n\n<p>A jegyz\u0151k\u00f6nyv pontoss\u00e1g\u00e1nak \u00e9s megb\u00edzhat\u00f3s\u00e1g\u00e1nak biztos\u00edt\u00e1sa t\u00f6bb l\u00e9p\u00e9ses folyamat, amely mag\u00e1ban foglalja a struktur\u00e1lt sablonok haszn\u00e1lat\u00e1t, a val\u00f3s idej\u0171 jegyz\u0151k\u00f6nyv k\u00e9sz\u00edt\u00e9st, a hangfelv\u00e9telek k\u00e9sz\u00edt\u00e9s\u00e9t, az ellen\u0151rz\u00e9st \u00e9s j\u00f3v\u00e1hagy\u00e1st, a szerepek \u00e9s felel\u0151ss\u00e9gek meghat\u00e1roz\u00e1s\u00e1t, a digit\u00e1lis eszk\u00f6z\u00f6k alkalmaz\u00e1s\u00e1t, a rendszeres fel\u00fclvizsg\u00e1latot \u00e9s friss\u00edt\u00e9st, valamint az oktat\u00e1st \u00e9s k\u00e9pz\u00e9st. Ezeknek a gyakorlatoknak a k\u00f6vet\u00e9se biztos\u00edtja, hogy a jegyz\u0151k\u00f6nyvek pontosak, megb\u00edzhat\u00f3ak \u00e9s haszn\u00e1lhat\u00f3ak legyenek a logisztikai folyamatokban.<\/p>\n\n\n\n<p><\/p>\n\n\n\n<figure class=\"wp-block-image size-full is-resized\"><img decoding=\"async\" width=\"600\" height=\"400\" src=\"https:\/\/ghibli.hu\/wp-content\/uploads\/2024\/06\/logisztikai-jegyzokonyv-munkatarsak.jpg\" alt=\"\" class=\"wp-image-6932\" style=\"width:1130px;height:auto\" title=\"\" srcset=\"https:\/\/ghibli.hu\/wp-content\/uploads\/2024\/06\/logisztikai-jegyzokonyv-munkatarsak.jpg 600w, https:\/\/ghibli.hu\/wp-content\/uploads\/2024\/06\/logisztikai-jegyzokonyv-munkatarsak-300x200.jpg 300w\" sizes=\"(max-width: 600px) 100vw, 600px\" \/><figcaption><\/figcaption><\/figure>\n\n\n\n<p><\/p>\n\n\n\n<h3 class=\"wp-block-heading\">A jegyz\u0151k\u00f6nyv minta haszn\u00e1lat\u00e1nak el\u0151nyei a logisztik\u00e1ban<\/h3>\n\n\n\n<p>A jegyz\u0151k\u00f6nyv minta alkalmaz\u00e1sa sz\u00e1mos el\u0151nnyel j\u00e1r a logisztikai szektorban, ahol a pontos \u00e9s k\u00f6vetkezetes dokument\u00e1ci\u00f3 alapvet\u0151 k\u00f6vetelm\u00e9ny. Az egyik legfontosabb el\u0151ny a hat\u00e9konys\u00e1g n\u00f6vel\u00e9se. Egy j\u00f3l struktur\u00e1lt jegyz\u0151k\u00f6nyv minta lehet\u0151v\u00e9 teszi a gyors \u00e9s egyszer\u0171 dokument\u00e1l\u00e1st, \u00edgy a r\u00e9sztvev\u0151k t\u00f6bb id\u0151t ford\u00edthatnak a t\u00e9nyleges munk\u00e1ra, \u00e9s kevesebbet az adminisztr\u00e1ci\u00f3ra. Ez k\u00fcl\u00f6n\u00f6sen fontos a logisztik\u00e1ban, ahol a gyors \u00e9s pontos inform\u00e1ci\u00f3\u00e1raml\u00e1s elengedhetetlen a z\u00f6kken\u0151mentes m\u0171k\u00f6d\u00e9shez.<\/p>\n\n\n\n<p>Tov\u00e1bb\u00e1, a minta haszn\u00e1lata el\u0151seg\u00edti az \u00e1tl\u00e1that\u00f3s\u00e1got \u00e9s az elsz\u00e1moltathat\u00f3s\u00e1got. Minden r\u00e9sztvev\u0151 tiszt\u00e1ban lehet azzal, hogy mi t\u00f6rt\u00e9nt a megbesz\u00e9l\u00e9seken, milyen d\u00f6nt\u00e9sek sz\u00fclettek, \u00e9s kinek mi a feladata. Ez cs\u00f6kkenti a f\u00e9lre\u00e9rt\u00e9sek \u00e9s az inform\u00e1ci\u00f3hi\u00e1ny kock\u00e1zat\u00e1t, ami k\u00fcl\u00f6n\u00f6sen fontos a komplex logisztikai l\u00e1ncok kezel\u00e9s\u00e9ben. Az \u00e1tl\u00e1that\u00f3 dokument\u00e1ci\u00f3 biztos\u00edtja, hogy minden \u00e9rintett f\u00e9l naprak\u00e9sz inform\u00e1ci\u00f3kkal rendelkezzen, \u00edgy hat\u00e9konyabban tudj\u00e1k koordin\u00e1lni a tev\u00e9kenys\u00e9geiket.<\/p>\n\n\n\n<p>A jegyz\u0151k\u00f6nyv minta haszn\u00e1lata jogszab\u00e1lyi megfelel\u00e9st is biztos\u00edt. Sz\u00e1mos logisztikai tev\u00e9kenys\u00e9get szigor\u00fa szab\u00e1lyoz\u00e1sok \u00e9s el\u0151\u00edr\u00e1sok kereteznek, amelyek betart\u00e1sa elengedhetetlen a v\u00e1llalatok sz\u00e1m\u00e1ra. A r\u00e9szletes \u00e9s pontos jegyz\u0151k\u00f6nyvek seg\u00edtenek abban, hogy a v\u00e1llalatok megfeleljenek ezeknek az el\u0151\u00edr\u00e1soknak, \u00e9s sz\u00fcks\u00e9g eset\u00e9n bizony\u00edtani tudj\u00e1k a hat\u00f3s\u00e1goknak, hogy minden el\u0151\u00edr\u00e1st betartottak.<\/p>\n\n\n\n<p><\/p>\n\n\n\n<figure class=\"wp-block-image size-full is-resized\"><img decoding=\"async\" width=\"600\" height=\"400\" src=\"https:\/\/ghibli.hu\/wp-content\/uploads\/2024\/06\/logisztikai-jegyzokonyv-jegyzokonyv.jpg\" alt=\"\" class=\"wp-image-6931\" style=\"width:1130px;height:auto\" title=\"\" srcset=\"https:\/\/ghibli.hu\/wp-content\/uploads\/2024\/06\/logisztikai-jegyzokonyv-jegyzokonyv.jpg 600w, https:\/\/ghibli.hu\/wp-content\/uploads\/2024\/06\/logisztikai-jegyzokonyv-jegyzokonyv-300x200.jpg 300w\" sizes=\"(max-width: 600px) 100vw, 600px\" \/><figcaption><\/figcaption><\/figure>\n\n\n\n<p><\/p>\n\n\n\n<p>Ezenk\u00edv\u00fcl a jegyz\u0151k\u00f6nyv minta haszn\u00e1lata hozz\u00e1j\u00e1rul a min\u0151s\u00e9gbiztos\u00edt\u00e1shoz is. A logisztikai folyamatok sor\u00e1n gyakran ker\u00fcl sor k\u00fcl\u00f6nb\u00f6z\u0151 ellen\u0151rz\u00e9sekre \u00e9s auditokra. A megfelel\u0151en vezetett jegyz\u0151k\u00f6nyvek seg\u00edtenek az auditoroknak \u00e9s a min\u0151s\u00e9gbiztos\u00edt\u00e1si szakembereknek abban, hogy nyomon k\u00f6vess\u00e9k a folyamatokat, azonos\u00edts\u00e1k az esetleges probl\u00e9m\u00e1kat, \u00e9s javaslatokat tegyenek a jav\u00edt\u00e1sokra. Ez hossz\u00fa t\u00e1von n\u00f6veli a logisztikai tev\u00e9kenys\u00e9gek megb\u00edzhat\u00f3s\u00e1g\u00e1t \u00e9s hat\u00e9konys\u00e1g\u00e1t.<\/p>\n\n\n\n<p>\u00d6sszess\u00e9g\u00e9ben a jegyz\u0151k\u00f6nyv minta haszn\u00e1lata a logisztik\u00e1ban sz\u00e1mos el\u0151nnyel j\u00e1r, amelyek k\u00f6z\u00e9 tartozik a hat\u00e9konys\u00e1g n\u00f6vel\u00e9se, az \u00e1tl\u00e1that\u00f3s\u00e1g \u00e9s elsz\u00e1moltathat\u00f3s\u00e1g biztos\u00edt\u00e1sa, a jogszab\u00e1lyi megfelel\u00e9s el\u0151seg\u00edt\u00e9se, valamint a min\u0151s\u00e9gbiztos\u00edt\u00e1s t\u00e1mogat\u00e1sa. Ezen el\u0151ny\u00f6k kihaszn\u00e1l\u00e1s\u00e1val a logisztikai v\u00e1llalatok jelent\u0151s versenyel\u0151nyre tehetnek szert, \u00e9s sikeresebben kezelhetik a mindennapi kih\u00edv\u00e1sokat.<\/p>\n","protected":false},"excerpt":{"rendered":"<p>A logisztika ter\u00fclet\u00e9n a jegyz\u0151k\u00f6nyv kulcsfontoss\u00e1g\u00fa eszk\u00f6z a folyamatok hat\u00e9kony nyomon k\u00f6vet\u00e9s\u00e9hez \u00e9s dokument\u00e1l\u00e1s\u00e1hoz. A jegyz\u0151k\u00f6nyvek seg\u00edts\u00e9g\u00e9vel pontosan r\u00f6gz\u00edthetj\u00fck a k\u00fcl\u00f6nb\u00f6z\u0151 megbesz\u00e9l\u00e9sek, \u00e9rtekezletek \u00e9s esem\u00e9nyek sor\u00e1n elhangzottakat, valamint az elv\u00e9gzett tev\u00e9kenys\u00e9geket \u00e9s azok eredm\u00e9nyeit. Ez nemcsak a bels\u0151 kommunik\u00e1ci\u00f3 jav\u00edt\u00e1s\u00e1ban seg\u00edt, hanem hozz\u00e1j\u00e1rul a folyamatok \u00e1tl\u00e1that\u00f3s\u00e1g\u00e1hoz \u00e9s a d\u00f6nt\u00e9shozatal megalapozotts\u00e1g\u00e1hoz is. A jegyz\u0151k\u00f6nyv minta haszn\u00e1lata&#8230;<\/p>\n","protected":false},"author":2,"featured_media":6929,"comment_status":"closed","ping_status":"closed","sticky":false,"template":"","format":"standard","meta":{"_acf_changed":false,"footnotes":""},"categories":[40],"tags":[],"class_list":["post-6926","post","type-post","status-publish","format-standard","has-post-thumbnail","hentry","category-blog"],"acf":[],"_links":{"self":[{"href":"https:\/\/ghibli.hu\/en\/wp-json\/wp\/v2\/posts\/6926","targetHints":{"allow":["GET"]}}],"collection":[{"href":"https:\/\/ghibli.hu\/en\/wp-json\/wp\/v2\/posts"}],"about":[{"href":"https:\/\/ghibli.hu\/en\/wp-json\/wp\/v2\/types\/post"}],"author":[{"embeddable":true,"href":"https:\/\/ghibli.hu\/en\/wp-json\/wp\/v2\/users\/2"}],"replies":[{"embeddable":true,"href":"https:\/\/ghibli.hu\/en\/wp-json\/wp\/v2\/comments?post=6926"}],"version-history":[{"count":0,"href":"https:\/\/ghibli.hu\/en\/wp-json\/wp\/v2\/posts\/6926\/revisions"}],"wp:featuredmedia":[{"embeddable":true,"href":"https:\/\/ghibli.hu\/en\/wp-json\/wp\/v2\/media\/6929"}],"wp:attachment":[{"href":"https:\/\/ghibli.hu\/en\/wp-json\/wp\/v2\/media?parent=6926"}],"wp:term":[{"taxonomy":"category","embeddable":true,"href":"https:\/\/ghibli.hu\/en\/wp-json\/wp\/v2\/categories?post=6926"},{"taxonomy":"post_tag","embeddable":true,"href":"https:\/\/ghibli.hu\/en\/wp-json\/wp\/v2\/tags?post=6926"}],"curies":[{"name":"wp","href":"https:\/\/api.w.org\/{rel}","templated":true}]}}