{"id":6937,"date":"2024-05-25T15:30:00","date_gmt":"2024-05-25T13:30:00","guid":{"rendered":"https:\/\/ghibli.hu\/?p=6937"},"modified":"2024-05-25T15:30:00","modified_gmt":"2024-05-25T13:30:00","slug":"a-raktarozas-kihivasai-a-magyarorszagi-logisztika-teruleten","status":"publish","type":"post","link":"https:\/\/ghibli.hu\/en\/blog\/a-raktarozas-kihivasai-a-magyarorszagi-logisztika-teruleten\/","title":{"rendered":"A rakt\u00e1roz\u00e1s kih\u00edv\u00e1sai a magyarorsz\u00e1gi logisztika ter\u00fclet\u00e9n"},"content":{"rendered":"\n<p>A rakt\u00e1roz\u00e1s a logisztikai l\u00e1nc egyik legkritikusabb eleme, amely alapvet\u0151en befoly\u00e1solja a teljes ell\u00e1t\u00e1si l\u00e1nc hat\u00e9konys\u00e1g\u00e1t \u00e9s m\u0171k\u00f6d\u00e9s\u00e9t. A megfelel\u0151 rakt\u00e1rak \u00e9s <a href=\"https:\/\/ghibli.hu\/blog\/miert-elengedhetetlen-a-raktarozas-a-logisztikai-szolgaltatasban\/\">rakt\u00e1roz\u00e1si rendszerek<\/a> n\u00e9lk\u00fcl\u00f6zhetetlenek a term\u00e9kek t\u00e1rol\u00e1s\u00e1hoz, kezel\u00e9s\u00e9hez \u00e9s id\u0151ben t\u00f6rt\u00e9n\u0151 kisz\u00e1ll\u00edt\u00e1s\u00e1hoz. Magyarorsz\u00e1g f\u00f6ldrajzi elhelyezked\u00e9se \u00e9s fejlett infrastrukt\u00far\u00e1ja miatt jelent\u0151s logisztikai k\u00f6zpontt\u00e1 v\u00e1lt K\u00f6z\u00e9p-Eur\u00f3p\u00e1ban. Az orsz\u00e1g f\u0151 k\u00f6zleked\u00e9si csom\u00f3pontjai, mint p\u00e9ld\u00e1ul Budapest, Gy\u0151r \u00e9s Sz\u00e9kesfeh\u00e9rv\u00e1r, kulcsfontoss\u00e1g\u00fa szerepet j\u00e1tszanak a nemzetk\u00f6zi kereskedelemben \u00e9s \u00e1rusz\u00e1ll\u00edt\u00e1sban.<\/p>\n\n\n\n<p>A magyarorsz\u00e1gi rakt\u00e1roz\u00e1si piac az ut\u00f3bbi \u00e9vekben jelent\u0151s n\u00f6veked\u00e9st mutatott, amit r\u00e9szben a n\u00f6vekv\u0151 e-kereskedelem \u00e9s a glob\u00e1lis ell\u00e1t\u00e1si l\u00e1ncok b\u0151v\u00fcl\u00e9se \u00f6szt\u00f6nz\u00f6tt. Azonban a rakt\u00e1roz\u00e1s ter\u00fclet\u00e9n sz\u00e1mos kih\u00edv\u00e1ssal kell szemben\u00e9zni, amelyek akad\u00e1lyozhatj\u00e1k a hat\u00e9kony m\u0171k\u00f6d\u00e9st \u00e9s versenyk\u00e9pess\u00e9get. Az elavult infrastrukt\u00fara, a szakk\u00e9pzett munkaer\u0151 hi\u00e1nya, valamint a n\u00f6vekv\u0151 k\u00f6lts\u00e9gek mind-mind olyan t\u00e9nyez\u0151k, amelyek komoly kih\u00edv\u00e1st jelentenek a v\u00e1llalatok sz\u00e1m\u00e1ra.<\/p>\n\n\n\n<p>Ebben a blogcikkben r\u00e9szletesen \u00e1ttekintj\u00fck a rakt\u00e1roz\u00e1s legfontosabb kih\u00edv\u00e1sait Magyarorsz\u00e1gon, \u00e9s bemutatjuk, hogyan lehet ezeket a probl\u00e9m\u00e1kat hat\u00e9konyan kezelni a logisztikai \u00e1gazatban.<\/p>\n\n\n\n<h3 class=\"wp-block-heading\">Infrastrukt\u00fara \u00e9s technol\u00f3gia hi\u00e1nyoss\u00e1gai<\/h3>\n\n\n\n<p>Magyarorsz\u00e1gon a rakt\u00e1roz\u00e1si infrastrukt\u00fara sz\u00e1mos ter\u00fcleten elavult. Sok rakt\u00e1r\u00e9p\u00fclet r\u00e9gi, rossz \u00e1llapotban van, ami h\u00e1tr\u00e1ltatja a hat\u00e9kony m\u0171k\u00f6d\u00e9st. A modern technol\u00f3giai megold\u00e1sok, mint p\u00e9ld\u00e1ul az automatiz\u00e1lt rendszerek \u00e9s a rakt\u00e1rmenedzsment szoftverek hi\u00e1nya is komoly probl\u00e9m\u00e1t jelent. Az elavult berendez\u00e9sek \u00e9s a digit\u00e1lis \u00e1talakul\u00e1s lass\u00fa \u00fcteme tov\u00e1bb s\u00falyosb\u00edtja a helyzetet. Az innov\u00e1ci\u00f3 \u00e9s a technol\u00f3giai fejleszt\u00e9sek elengedhetetlenek ahhoz, hogy a magyarorsz\u00e1gi rakt\u00e1roz\u00e1si piac versenyk\u00e9pes maradjon.<\/p>\n\n\n\n<figure class=\"wp-block-image size-full is-resized\"><img decoding=\"async\" width=\"600\" height=\"400\" src=\"https:\/\/ghibli.hu\/wp-content\/uploads\/2024\/06\/raktarozas-magyarorszagon-no.png\" alt=\"\" class=\"wp-image-6942\" style=\"width:1130px;height:auto\" title=\"\" srcset=\"https:\/\/ghibli.hu\/wp-content\/uploads\/2024\/06\/raktarozas-magyarorszagon-no.png 600w, https:\/\/ghibli.hu\/wp-content\/uploads\/2024\/06\/raktarozas-magyarorszagon-no-300x200.png 300w\" sizes=\"(max-width: 600px) 100vw, 600px\" \/><figcaption><\/figcaption><\/figure>\n\n\n\n<p><\/p>\n\n\n\n<h3 class=\"wp-block-heading\">Munkaer\u0151 probl\u00e9m\u00e1k<\/h3>\n\n\n\n<p>A <a href=\"https:\/\/www.vg.hu\/vilaggazdasag-magyar-gazdasag\/2023\/08\/akkora-a-munkaerohiany-magyarorszagon-hogy-mar-a-szakkepzett-munkakorokbe-is-vendegmunkasokat-kell-toborozni\" target=\"_blank\" rel=\"noopener\">szakk\u00e9pzett munkaer\u0151 hi\u00e1nya<\/a> az egyik legnagyobb kih\u00edv\u00e1s a magyarorsz\u00e1gi rakt\u00e1roz\u00e1si szektorban. Sok v\u00e1llalat nehezen tal\u00e1l megfelel\u0151en k\u00e9pzett dolgoz\u00f3kat, akik k\u00e9pesek lenn\u00e9nek a modern rakt\u00e1roz\u00e1si rendszerek kezel\u00e9s\u00e9re. Emellett a munkaer\u0151-megtart\u00e1s \u00e9s motiv\u00e1ci\u00f3 k\u00e9rd\u00e9sei is komoly probl\u00e9m\u00e1t jelentenek. A dolgoz\u00f3k magas fluktu\u00e1ci\u00f3ja \u00e9s az alacsony b\u00e9rek miatt sokan elhagyj\u00e1k az \u00e1gazatot. Az oktat\u00e1si \u00e9s k\u00e9pz\u00e9si programok fejleszt\u00e9se, valamint a munkahelyi k\u00f6r\u00fclm\u00e9nyek jav\u00edt\u00e1sa sz\u00fcks\u00e9ges ahhoz, hogy vonz\u00f3bb\u00e1 tegy\u00e9k a rakt\u00e1roz\u00e1si szektort a munkav\u00e1llal\u00f3k sz\u00e1m\u00e1ra.<\/p>\n\n\n\n<h3 class=\"wp-block-heading\">Rakt\u00e1roz\u00e1si k\u00f6lts\u00e9gek<\/h3>\n\n\n\n<p>A rakt\u00e1roz\u00e1si k\u00f6lts\u00e9gek folyamatosan emelkednek Magyarorsz\u00e1gon. A b\u00e9rleti \u00e9s fenntart\u00e1si k\u00f6lts\u00e9gek n\u00f6veked\u00e9se, valamint az energiak\u00f6lts\u00e9gek jelent\u0151s terhet r\u00f3nak a v\u00e1llalatokra. A fenntarthat\u00f3s\u00e1gi szempontok figyelembev\u00e9tele is egyre fontosabb\u00e1 v\u00e1lik, ami tov\u00e1bbi k\u00f6lts\u00e9geket gener\u00e1l. A k\u00f6lts\u00e9ghat\u00e9kony megold\u00e1sok \u00e9s az optimaliz\u00e1l\u00e1si lehet\u0151s\u00e9gek kiakn\u00e1z\u00e1sa elengedhetetlen a versenyk\u00e9pess\u00e9g meg\u0151rz\u00e9se \u00e9rdek\u00e9ben. Az energia hat\u00e9kony technol\u00f3gi\u00e1k \u00e9s a rakt\u00e1rmenedzsment rendszerek alkalmaz\u00e1sa hozz\u00e1j\u00e1rulhat a k\u00f6lts\u00e9gek cs\u00f6kkent\u00e9s\u00e9hez.<\/p>\n\n\n\n<h3 class=\"wp-block-heading\">Logisztikai folyamatok \u00e9s koordin\u00e1ci\u00f3<\/h3>\n\n\n\n<p>A rakt\u00e1roz\u00e1si \u00e9s sz\u00e1ll\u00edtm\u00e1nyoz\u00e1si folyamatok k\u00f6z\u00f6tti integr\u00e1ci\u00f3 hi\u00e1nya komoly hat\u00e9konys\u00e1gi probl\u00e9m\u00e1kat okozhat. A k\u00e9szletgazd\u00e1lkod\u00e1s \u00e9s a nyomon k\u00f6vet\u00e9s ter\u00e9n jelentkez\u0151 hi\u00e1nyoss\u00e1gok tov\u00e1bb rontj\u00e1k a helyzetet. A hat\u00e9konys\u00e1gn\u00f6vel\u0151 strat\u00e9gi\u00e1k, mint p\u00e9ld\u00e1ul a just-in-time rendszer alkalmaz\u00e1sa, seg\u00edthetnek a folyamatok optimaliz\u00e1l\u00e1s\u00e1ban. Az adatvez\u00e9relt d\u00f6nt\u00e9shozatal \u00e9s a fejlett analitikai eszk\u00f6z\u00f6k haszn\u00e1lata is hozz\u00e1j\u00e1rulhat a rakt\u00e1roz\u00e1si folyamatok hat\u00e9konyabb\u00e1 t\u00e9tel\u00e9hez.<\/p>\n\n\n\n<figure class=\"wp-block-image size-full is-resized\"><img decoding=\"async\" width=\"600\" height=\"400\" src=\"https:\/\/ghibli.hu\/wp-content\/uploads\/2024\/06\/raktarozas-magyarorszagon-ferfi.jpg\" alt=\"\" class=\"wp-image-6944\" style=\"width:1130px;height:auto\" title=\"\" srcset=\"https:\/\/ghibli.hu\/wp-content\/uploads\/2024\/06\/raktarozas-magyarorszagon-ferfi.jpg 600w, https:\/\/ghibli.hu\/wp-content\/uploads\/2024\/06\/raktarozas-magyarorszagon-ferfi-300x200.jpg 300w\" sizes=\"(max-width: 600px) 100vw, 600px\" \/><figcaption><\/figcaption><\/figure>\n\n\n\n<p><\/p>\n\n\n\n<h3 class=\"wp-block-heading\">K\u00f6rnyezetv\u00e9delmi \u00e9s szab\u00e1lyoz\u00e1si kih\u00edv\u00e1sok<\/h3>\n\n\n\n<p>A fenntarthat\u00f3s\u00e1gi elv\u00e1r\u00e1sok \u00e9s a k\u00f6rnyezetv\u00e9delmi szab\u00e1lyoz\u00e1sok betart\u00e1sa egyre nagyobb kih\u00edv\u00e1st jelent a rakt\u00e1roz\u00e1si szektor sz\u00e1m\u00e1ra. A z\u00f6ld logisztika ir\u00e1nti ig\u00e9ny n\u00f6vekszik, ami tov\u00e1bbi fejleszt\u00e9seket \u00e9s beruh\u00e1z\u00e1sokat ig\u00e9nyel. A fenntarthat\u00f3 rakt\u00e1roz\u00e1si megold\u00e1sok, mint p\u00e9ld\u00e1ul az energiatakar\u00e9kos \u00e9p\u00fcletek \u00e9s a k\u00f6rnyezetbar\u00e1t anyagok haszn\u00e1lata, hozz\u00e1j\u00e1rulhatnak a k\u00f6rnyezeti terhel\u00e9s cs\u00f6kkent\u00e9s\u00e9hez. A szab\u00e1lyoz\u00e1sok betart\u00e1sa \u00e9s a fenntarthat\u00f3s\u00e1gi c\u00e9lok el\u00e9r\u00e9se \u00e9rdek\u00e9ben a v\u00e1llalatoknak folyamatosan fejleszteni\u00fck kell m\u0171k\u00f6d\u00e9s\u00fcket.<\/p>\n\n\n\n<h2 class=\"wp-block-heading\">Hogyan lehet jav\u00edtani a rakt\u00e1roz\u00e1si szektor versenyk\u00e9pess\u00e9g\u00e9t Magyarorsz\u00e1gon?<\/h2>\n\n\n\n<p>A rakt\u00e1roz\u00e1s ter\u00fclet\u00e9n jelentkez\u0151 kih\u00edv\u00e1sok \u00f6sszetettek \u00e9s sokr\u00e9t\u0171ek Magyarorsz\u00e1gon. Az elavult infrastrukt\u00fara, a munkaer\u0151hi\u00e1ny, a n\u00f6vekv\u0151 k\u00f6lts\u00e9gek, a logisztikai folyamatok hi\u00e1nyoss\u00e1gai, valamint a k\u00f6rnyezetv\u00e9delmi \u00e9s szab\u00e1lyoz\u00e1si kih\u00edv\u00e1sok mind komoly probl\u00e9m\u00e1t jelentenek. Azonban a megfelel\u0151 fejleszt\u00e9sekkel \u00e9s strat\u00e9gi\u00e1kkal ezek a kih\u00edv\u00e1sok kezelhet\u0151k. El\u0151sz\u00f6r is, az infrastrukt\u00fara moderniz\u00e1l\u00e1sa kulcsfontoss\u00e1g\u00fa. Ez mag\u00e1ban foglalja a r\u00e9gi rakt\u00e1r\u00e9p\u00fcletek fel\u00faj\u00edt\u00e1s\u00e1t \u00e9s a korszer\u0171 berendez\u00e9sek, valamint az automatiz\u00e1lt rendszerek bevezet\u00e9s\u00e9t, amelyek n\u00f6velhetik a hat\u00e9konys\u00e1got \u00e9s cs\u00f6kkenthetik az \u00fczemeltet\u00e9si k\u00f6lts\u00e9geket.<\/p>\n\n\n\n<figure class=\"wp-block-image size-full is-resized\"><img decoding=\"async\" width=\"600\" height=\"400\" src=\"https:\/\/ghibli.hu\/wp-content\/uploads\/2024\/06\/raktarozas-magyarorszagon-munkatarsak.jpg\" alt=\"\" class=\"wp-image-6943\" style=\"width:1130px;height:auto\" title=\"\" srcset=\"https:\/\/ghibli.hu\/wp-content\/uploads\/2024\/06\/raktarozas-magyarorszagon-munkatarsak.jpg 600w, https:\/\/ghibli.hu\/wp-content\/uploads\/2024\/06\/raktarozas-magyarorszagon-munkatarsak-300x200.jpg 300w\" sizes=\"(max-width: 600px) 100vw, 600px\" \/><figcaption><\/figcaption><\/figure>\n\n\n\n<p>A technol\u00f3giai innov\u00e1ci\u00f3, mint p\u00e9ld\u00e1ul a logisztikai folyamatok integr\u00e1ci\u00f3j\u00e1nak jav\u00edt\u00e1sa szint\u00e9n kiemelked\u0151en fontos. A sz\u00e1ll\u00edtm\u00e1nyoz\u00e1s \u00e9s rakt\u00e1roz\u00e1s k\u00f6z\u00f6tti jobb koordin\u00e1ci\u00f3 \u00e9s az ell\u00e1t\u00e1si l\u00e1nc szerepl\u0151i k\u00f6z\u00f6tti szorosabb egy\u00fcttm\u0171k\u00f6d\u00e9s n\u00f6velheti a teljes logisztikai l\u00e1nc hat\u00e9konys\u00e1g\u00e1t \u00e9s versenyk\u00e9pess\u00e9g\u00e9t. Ezen k\u00edv\u00fcl a munkaer\u0151 k\u00e9pz\u00e9se \u00e9s motiv\u00e1l\u00e1sa, valamint a fenntarthat\u00f3 megold\u00e1sok alkalmaz\u00e1sa mind hozz\u00e1j\u00e1rulhatnak a magyarorsz\u00e1gi rakt\u00e1roz\u00e1si szektor versenyk\u00e9pess\u00e9g\u00e9nek meg\u0151rz\u00e9s\u00e9hez \u00e9s n\u00f6vel\u00e9s\u00e9hez.<\/p>\n","protected":false},"excerpt":{"rendered":"<p>A rakt\u00e1roz\u00e1s a logisztikai l\u00e1nc egyik legkritikusabb eleme, amely alapvet\u0151en befoly\u00e1solja a teljes ell\u00e1t\u00e1si l\u00e1nc hat\u00e9konys\u00e1g\u00e1t \u00e9s m\u0171k\u00f6d\u00e9s\u00e9t. A megfelel\u0151 rakt\u00e1rak \u00e9s rakt\u00e1roz\u00e1si rendszerek n\u00e9lk\u00fcl\u00f6zhetetlenek a term\u00e9kek t\u00e1rol\u00e1s\u00e1hoz, kezel\u00e9s\u00e9hez \u00e9s id\u0151ben t\u00f6rt\u00e9n\u0151 kisz\u00e1ll\u00edt\u00e1s\u00e1hoz. Magyarorsz\u00e1g f\u00f6ldrajzi elhelyezked\u00e9se \u00e9s fejlett infrastrukt\u00far\u00e1ja miatt jelent\u0151s logisztikai k\u00f6zpontt\u00e1 v\u00e1lt K\u00f6z\u00e9p-Eur\u00f3p\u00e1ban. Az orsz\u00e1g f\u0151 k\u00f6zleked\u00e9si csom\u00f3pontjai, mint p\u00e9ld\u00e1ul Budapest, Gy\u0151r \u00e9s&#8230;<\/p>\n","protected":false},"author":2,"featured_media":6941,"comment_status":"closed","ping_status":"closed","sticky":false,"template":"","format":"standard","meta":{"_acf_changed":false,"footnotes":""},"categories":[40],"tags":[],"class_list":["post-6937","post","type-post","status-publish","format-standard","has-post-thumbnail","hentry","category-blog"],"acf":[],"_links":{"self":[{"href":"https:\/\/ghibli.hu\/en\/wp-json\/wp\/v2\/posts\/6937","targetHints":{"allow":["GET"]}}],"collection":[{"href":"https:\/\/ghibli.hu\/en\/wp-json\/wp\/v2\/posts"}],"about":[{"href":"https:\/\/ghibli.hu\/en\/wp-json\/wp\/v2\/types\/post"}],"author":[{"embeddable":true,"href":"https:\/\/ghibli.hu\/en\/wp-json\/wp\/v2\/users\/2"}],"replies":[{"embeddable":true,"href":"https:\/\/ghibli.hu\/en\/wp-json\/wp\/v2\/comments?post=6937"}],"version-history":[{"count":0,"href":"https:\/\/ghibli.hu\/en\/wp-json\/wp\/v2\/posts\/6937\/revisions"}],"wp:featuredmedia":[{"embeddable":true,"href":"https:\/\/ghibli.hu\/en\/wp-json\/wp\/v2\/media\/6941"}],"wp:attachment":[{"href":"https:\/\/ghibli.hu\/en\/wp-json\/wp\/v2\/media?parent=6937"}],"wp:term":[{"taxonomy":"category","embeddable":true,"href":"https:\/\/ghibli.hu\/en\/wp-json\/wp\/v2\/categories?post=6937"},{"taxonomy":"post_tag","embeddable":true,"href":"https:\/\/ghibli.hu\/en\/wp-json\/wp\/v2\/tags?post=6937"}],"curies":[{"name":"wp","href":"https:\/\/api.w.org\/{rel}","templated":true}]}}