{"id":6983,"date":"2024-06-27T15:00:00","date_gmt":"2024-06-27T13:00:00","guid":{"rendered":"https:\/\/ghibli.hu\/?p=6983"},"modified":"2024-06-27T15:00:00","modified_gmt":"2024-06-27T13:00:00","slug":"raktarberles-debrecenben-a-ghibli-kft-logisztikai-megoldasai","status":"publish","type":"post","link":"https:\/\/ghibli.hu\/en\/blog\/raktarberles-debrecenben-a-ghibli-kft-logisztikai-megoldasai\/","title":{"rendered":"Rakt\u00e1rb\u00e9rl\u00e9s Debrecenben: A Ghibli Kft. logisztikai megold\u00e1sai"},"content":{"rendered":"\n<p>A Ghibli Logisztikai -\u00e9s sz\u00e1ll\u00edtm\u00e1nyoz\u00f3 c\u00e9g hossz\u00fa \u00e9vek \u00f3ta ny\u00fajt megb\u00edzhat\u00f3 \u00e9s professzion\u00e1lis logisztikai szolg\u00e1ltat\u00e1sokat \u00fcgyfeleinek. A k\u00f6vetkez\u0151 \u00e9vekben Debrecen logisztikai potenci\u00e1lja jelent\u0151sen n\u00f6vekedni fog, mivel sz\u00e1mos nagy k\u00ednai \u00e9s koreai v\u00e1llalat telep\u00fcl ide, valamint a BMW \u00faj gy\u00e1ra is itt \u00e9p\u00fcl.<\/p>\n\n\n\n<p>Ezzel p\u00e1rhuzamosan c\u00e9g\u00fcnk is fejl\u0151dik: 2025 els\u0151 negyed\u00e9v\u00e9ben tov\u00e1bbi 20.000 m\u00b2-rel b\u0151v\u00edtj\u00fck rakt\u00e1rkapacit\u00e1sunkat Debrecenben, k\u00f6zvetlen\u00fcl a nagy nemzetk\u00f6zi v\u00e1llalatok szomsz\u00e9ds\u00e1g\u00e1ban. Ezzel a b\u0151v\u00edt\u00e9ssel c\u00e9lunk, hogy m\u00e9g t\u00f6bb \u00fcgyfel\u00fcnk sz\u00e1m\u00e1ra biztos\u00edtsunk rugalmas \u00e9s kedvez\u0151 rakt\u00e1rb\u00e9rl\u00e9si lehet\u0151s\u00e9geket, amelyek hozz\u00e1j\u00e1rulnak \u00fczleti tev\u00e9kenys\u00e9g\u00fck siker\u00e9hez.<\/p>\n\n\n\n<h3 class=\"wp-block-heading\">Rakt\u00e1rter\u00fclet\u00fcnk jelenlegi kapacit\u00e1sa \u00e9s elhelyezked\u00e9se<\/h3>\n\n\n\n<p>A Ghibli jelenlegi rakt\u00e1rter\u00fclete 10.000 m\u00b2-en helyezkedik el a <a href=\"https:\/\/hu.wikipedia.org\/wiki\/Debreceni_nemzetk%C3%B6zi_rep%C3%BCl%C5%91t%C3%A9r\" target=\"_blank\" rel=\"noreferrer noopener\">Debreceni Nemzetk\u00f6zi Rep\u00fcl\u0151t\u00e9r<\/a> ter\u00fclet\u00e9n, ami kiv\u00e1l\u00f3 lehet\u0151s\u00e9get biztos\u00edt az \u00e1ruk gyors \u00e9s hat\u00e9kony mozgat\u00e1s\u00e1ra. A k\u00f6zvetlen rept\u00e9ri kapcsolat r\u00e9v\u00e9n \u00fcgyfeleink egyszer\u0171en \u00e9s gyorsan juttathatj\u00e1k el term\u00e9keiket a vil\u00e1g b\u00e1rmely pontj\u00e1ra, minimaliz\u00e1lva a sz\u00e1ll\u00edt\u00e1si id\u0151t \u00e9s k\u00f6lts\u00e9geket. Ez a logisztikai el\u0151ny k\u00fcl\u00f6n\u00f6sen fontos a nemzetk\u00f6zi kereskedelemben tev\u00e9kenyked\u0151 c\u00e9gek sz\u00e1m\u00e1ra, akik versenyk\u00e9pess\u00e9g\u00fcket a gyors \u00e9s megb\u00edzhat\u00f3 sz\u00e1ll\u00edt\u00e1si megold\u00e1sokkal k\u00edv\u00e1nj\u00e1k n\u00f6velni.<\/p>\n\n\n\n<p>A rakt\u00e1r k\u00f6zvetlen vas\u00fati kapcsolattal is rendelkezik, iparv\u00e1g\u00e1nnyal, amely lehet\u0151v\u00e9 teszi a nagy mennyis\u00e9g\u0171 \u00e1ruk k\u00f6z\u00fati teherforgalom n\u00e9lk\u00fcli mozgat\u00e1s\u00e1t. Ez a k\u00f6rnyezetbar\u00e1t megold\u00e1s nemcsak hat\u00e9kony, hanem fenntarthat\u00f3 is, mivel cs\u00f6kkenti a k\u00f6z\u00fati forgalmat \u00e9s az azzal j\u00e1r\u00f3 k\u00e1rosanyag-kibocs\u00e1t\u00e1st. Az aut\u00f3p\u00e1lya \u00e9s f\u0151\u00fatvonalak k\u00f6zels\u00e9ge tov\u00e1bbi el\u0151nyt jelent: az <strong>M35-\u00f6s aut\u00f3p\u00e1ly\u00e1ra<\/strong>, valamint a <strong>4-es \u00e9s 47-es f\u0151\u00fatvonalakra<\/strong> val\u00f3 k\u00f6nny\u0171 fel- \u00e9s lehajt\u00e1si lehet\u0151s\u00e9g gyors \u00e9s egyszer\u0171 hozz\u00e1f\u00e9r\u00e9st biztos\u00edt a rakt\u00e1runkhoz.<\/p>\n\n\n\n<figure class=\"wp-block-image size-full is-resized\"><img decoding=\"async\" width=\"600\" height=\"400\" src=\"https:\/\/ghibli.hu\/wp-content\/uploads\/2024\/07\/raktarberles_debrecenben-kamionok.jpg\" alt=\"\" class=\"wp-image-6992\" style=\"width:1043px;height:auto\" title=\"\" srcset=\"https:\/\/ghibli.hu\/wp-content\/uploads\/2024\/07\/raktarberles_debrecenben-kamionok.jpg 600w, https:\/\/ghibli.hu\/wp-content\/uploads\/2024\/07\/raktarberles_debrecenben-kamionok-300x200.jpg 300w\" sizes=\"(max-width: 600px) 100vw, 600px\" \/><figcaption><\/figcaption><\/figure>\n\n\n\n<p><\/p>\n\n\n\n<p>A c\u00e9g az infrastrukt\u00fara kialak\u00edt\u00e1sa sor\u00e1n kiemelt figyelmet ford\u00edtott arra, hogy a nyergesvontat\u00f3kkal \u00e9s t\u00falm\u00e9retes j\u00e1rm\u0171vekkel is k\u00f6nnyen megk\u00f6zel\u00edthet\u0151 legyen a ter\u00fclet, \u00edgy b\u00e1rmilyen logisztikai ig\u00e9nyre megold\u00e1st tud k\u00edn\u00e1lni. Ezek az el\u0151ny\u00f6k egy\u00fcttv\u00e9ve biztos\u00edtj\u00e1k, hogy rakt\u00e1rb\u00e9rl\u00e9s Debrecenben a lehet\u0151 legkedvez\u0151bb felt\u00e9telek mellett t\u00f6rt\u00e9njen, maxim\u00e1lis rugalmass\u00e1got \u00e9s hat\u00e9konys\u00e1got biztos\u00edtva \u00fcgyfeleink sz\u00e1m\u00e1ra.<\/p>\n\n\n\n<h3 class=\"wp-block-heading\">B\u0151v\u00edt\u00e9si tervek 2025-re<\/h3>\n\n\n\n<p>A Ghibli Logisztikai -\u00e9s sz\u00e1ll\u00edtm\u00e1nyoz\u00f3 c\u00e9g folyamatosan t\u00f6rekszik arra, hogy l\u00e9p\u00e9st tartson a n\u00f6vekv\u0151 piaci ig\u00e9nyekkel \u00e9s tov\u00e1bbfejlessze szolg\u00e1ltat\u00e1sait. Ennek jegy\u00e9ben 2025 els\u0151 negyed\u00e9v\u00e9ben tov\u00e1bbi 20.000 m\u00b2-rel b\u0151v\u00edtj\u00fck rakt\u00e1rkapacit\u00e1sunkat Debrecenben. Az \u00faj rakt\u00e1rter\u00fclet k\u00f6zvetlen\u00fcl a m\u00e1r megl\u00e9v\u0151 rakt\u00e1rak mellett ker\u00fcl kialak\u00edt\u00e1sra, a nagy k\u00ednai c\u00e9gek szomsz\u00e9ds\u00e1g\u00e1ban. Ez a b\u0151v\u00edt\u00e9s nemcsak a c\u00e9g kapacit\u00e1s\u00e1t n\u00f6veli, hanem m\u00e9g t\u00f6bb \u00fcgyf\u00e9l sz\u00e1m\u00e1ra ny\u00fajt lehet\u0151s\u00e9get a rakt\u00e1rb\u00e9rl\u00e9s Debrecenben kedvez\u0151 felt\u00e9telekkel t\u00f6rt\u00e9n\u0151 ig\u00e9nybev\u00e9tel\u00e9re.<\/p>\n\n\n\n<p>A b\u0151v\u00edt\u00e9s strat\u00e9giai jelent\u0151s\u00e9ge megk\u00e9rd\u0151jelezhetetlen. Debrecen vonzereje folyamatosan n\u0151 a nemzetk\u00f6zi v\u00e1llalatok sz\u00e1m\u00e1ra, k\u00fcl\u00f6n\u00f6sen a k\u00ednai \u00e9s koreai c\u00e9gek r\u00e9sz\u00e9r\u0151l. Az \u00faj, <strong>20.000 m\u00b2-es rakt\u00e1rter\u00fclet<\/strong> k\u00f6zvetlen k\u00f6zel\u00e9ben olyan nagyv\u00e1llalatok tal\u00e1lhat\u00f3ak majd, mint a CATL, a SEMCORP, az EcoPro \u00e9s a Halms. Ez a k\u00f6zels\u00e9g el\u0151seg\u00edti az egy\u00fcttm\u0171k\u00f6d\u00e9st \u00e9s a gyors logisztikai folyamatokat, melyek elengedhetetlenek a glob\u00e1lis piacokon t\u00f6rt\u00e9n\u0151 sikeres m\u0171k\u00f6d\u00e9shez.<\/p>\n\n\n\n<p>Tov\u00e1bb\u00e1, a <a href=\"https:\/\/www.vg.hu\/vilaggazdasag-magyar-gazdasag\/2023\/11\/debreceni-bmw-gyar-megvan-mikor-indulhat-el-a-gyartas\" target=\"_blank\" rel=\"noreferrer noopener\">BMW \u00faj gy\u00e1r\u00e1nak \u00e9p\u00edt\u00e9se Debrecenben<\/a> szint\u00e9n hatalmas potenci\u00e1lt rejt mag\u00e1ban. A gy\u00e1r nemcsak a helyi gazdas\u00e1got er\u0151s\u00edti, hanem a logisztikai szektort is fellend\u00edti. A Ghibli Logisztikai -\u00e9s sz\u00e1ll\u00edtm\u00e1nyoz\u00f3 c\u00e9g rakt\u00e1rkapacit\u00e1s\u00e1nak b\u0151v\u00edt\u00e9se r\u00e9v\u00e9n felk\u00e9sz\u00fcl\u00fcnk arra, hogy kiel\u00e9g\u00edts\u00fck a n\u00f6vekv\u0151 ig\u00e9nyeket, \u00e9s t\u00e1mogat\u00e1st ny\u00fajtsunk a BMW-hez \u00e9s m\u00e1s nagyv\u00e1llalatokhoz kapcsol\u00f3d\u00f3 logisztikai folyamatokban.<\/p>\n\n\n\n<p>Ez a b\u0151v\u00edt\u00e9s lehet\u0151s\u00e9get teremt sz\u00e1munkra, hogy tov\u00e1bb n\u00f6velj\u00fck szolg\u00e1ltat\u00e1saink sz\u00ednvonal\u00e1t \u00e9s m\u00e9g ink\u00e1bb hozz\u00e1j\u00e1ruljunk \u00fcgyfeleink siker\u00e9hez. A rakt\u00e1rb\u00e9rl\u00e9s Debrecenben a j\u00f6v\u0151ben is kiemelt jelent\u0151s\u00e9g\u0171 lesz, \u00e9s a c\u00e9g elk\u00f6telezett amellett, hogy \u00fcgyfeleink sz\u00e1m\u00e1ra a legmodernebb \u00e9s leghat\u00e9konyabb logisztikai megold\u00e1sokat biztos\u00edtsa.<\/p>\n\n\n\n<h2 class=\"wp-block-heading\">Komplex logisztikai szolg\u00e1ltat\u00e1sok<\/h2>\n\n\n\n<p>A Ghibli Logisztikai -\u00e9s sz\u00e1ll\u00edtm\u00e1nyoz\u00f3 c\u00e9g k\u00fcl\u00f6nlegess\u00e9ge a sz\u00e9les k\u00f6r\u0171 \u00e9s professzion\u00e1lis logisztikai szolg\u00e1ltat\u00e1sokban rejlik. Rakt\u00e1raikban modern anyagmozgat\u00f3 eszk\u00f6z\u00f6kkel biztos\u00edtja a norm\u00e1l, t\u00falm\u00e9retes \u00e9s t\u00fals\u00falyos \u00e1ruk, valamint kont\u00e9nerek kezel\u00e9s\u00e9t. Ezzel garant\u00e1lj\u00e1k, hogy minden t\u00edpus\u00fa \u00e1ru gyorsan \u00e9s hat\u00e9konyan mozgat\u00e1sa megoldhat\u00f3, legyen sz\u00f3 b\u00e1rmilyen speci\u00e1lis logisztikai kih\u00edv\u00e1sr\u00f3l.<\/p>\n\n\n\n<p>Kiemelt szolg\u00e1ltat\u00e1suk a <a href=\"https:\/\/ghibli.hu\/szolgaltatasaink\/vamszolgaltatasok\/\" target=\"_blank\" rel=\"noreferrer noopener\">teljes k\u00f6r\u0171 v\u00e1m\u00fcgyn\u00f6ki tev\u00e9kenys\u00e9g<\/a>, melyet t\u00f6bb mint 15 k\u00fcl\u00f6nb\u00f6z\u0151 v\u00e1menged\u00e9llyel v\u00e9gzik. Ez mag\u00e1ban foglalja a v\u00e1mkezel\u00e9st, az \u00e1ru behozatal\u00e1nak \u00e9s kivitel\u00e9nek adminisztrat\u00edv teend\u0151it, valamint a v\u00e1mszab\u00e1lyok betart\u00e1s\u00e1t. V\u00e1mirodai jelenl\u00e9t\u00fcnk lehet\u0151v\u00e9 teszi, hogy \u00fcgyfeleink gyorsan \u00e9s z\u00f6kken\u0151mentesen int\u00e9zhess\u00e9k v\u00e1m\u00fcgyeiket, minimaliz\u00e1lva az esetleges k\u00e9sedelmeket \u00e9s b\u00fcrokratikus akad\u00e1lyokat.<\/p>\n\n\n\n<figure class=\"wp-block-image size-full is-resized\"><img decoding=\"async\" width=\"600\" height=\"400\" src=\"https:\/\/ghibli.hu\/wp-content\/uploads\/2024\/07\/raktarberles_debrecenben-raktaros.jpg\" alt=\"\" class=\"wp-image-6993\" style=\"width:1037px;height:auto\" title=\"\" srcset=\"https:\/\/ghibli.hu\/wp-content\/uploads\/2024\/07\/raktarberles_debrecenben-raktaros.jpg 600w, https:\/\/ghibli.hu\/wp-content\/uploads\/2024\/07\/raktarberles_debrecenben-raktaros-300x200.jpg 300w\" sizes=\"(max-width: 600px) 100vw, 600px\" \/><figcaption><\/figcaption><\/figure>\n\n\n\n<p><\/p>\n\n\n\n<p>A <a href=\"https:\/\/ghibli.hu\/szolgaltatasaink\/teljeskoru-logisztikai-szolgaltatas\/\" target=\"_blank\" rel=\"noreferrer noopener\">komplex logisztikai szolg\u00e1ltat\u00e1sok<\/a> r\u00e9szek\u00e9nt <strong>400+ m\u00b2 irodahelyis\u00e9get<\/strong> k\u00edn\u00e1lnak, amely ig\u00e9ny eset\u00e9n tov\u00e1bb b\u0151v\u00edthet\u0151. Ezek az irod\u00e1k lehet\u0151s\u00e9get biztos\u00edtanak \u00fcgyfeleik sz\u00e1m\u00e1ra, hogy k\u00f6zvetlen\u00fcl a rakt\u00e1r mellett, k\u00e9nyelmesen int\u00e9zhess\u00e9k \u00fczleti \u00fcgyeiket, \u00e9s azonnali hozz\u00e1f\u00e9r\u00e9st kapjanak az \u00e1rukhoz \u00e9s a logisztikai folyamatokhoz.<\/p>\n\n\n\n<p>Rakt\u00e1raikban modern technol\u00f3gi\u00e1kat alkalmaznak, amelyek k\u00f6z\u00e9 tartozik a korszer\u0171, alacsony fogyaszt\u00e1s\u00fa LED vil\u00e1g\u00edt\u00e1s, mely energiahat\u00e9kony m\u0171k\u00f6d\u00e9st biztos\u00edt. Emellett h\u00e1rom szintes, <strong>szekcion\u00e1lt ipari kapu<\/strong> \u00e9s <strong>n\u00e9gy liftes rakod\u00f3platform<\/strong> \u00e1ll rendelkez\u00e9sre, amelyek 10 tonna teherb\u00edr\u00e1ssal \u00e9s dokkol\u00f3kapuval seg\u00edtik az \u00e1ruk gyors \u00e9s hat\u00e9kony rakod\u00e1s\u00e1t.<\/p>\n\n\n\n<p>A Ghibli Logisztikai -\u00e9s sz\u00e1ll\u00edtm\u00e1nyoz\u00f3 c\u00e9g elk\u00f6telezett amellett, hogy \u00fcgyfeleik sz\u00e1m\u00e1ra a legmagasabb sz\u00ednvonal\u00fa logisztikai szolg\u00e1ltat\u00e1sokat ny\u00fajtsa. A rakt\u00e1rb\u00e9rl\u00e9s Debrecenben lehet\u0151s\u00e9get k\u00edn\u00e1l arra, hogy partnereink kihaszn\u00e1lhass\u00e1k a komplex logisztikai szolg\u00e1ltat\u00e1sok ny\u00fajtotta el\u0151ny\u00f6ket, n\u00f6velve ezzel saj\u00e1t hat\u00e9konys\u00e1gukat \u00e9s versenyk\u00e9pess\u00e9g\u00fcket.<\/p>\n\n\n\n<h3 class=\"wp-block-heading\">Infrastrukt\u00fara \u00e9s kieg\u00e9sz\u00edt\u0151 szolg\u00e1ltat\u00e1sok<\/h3>\n\n\n\n<p>Az ipari kapuik h\u00e1rom szintes, szekcion\u00e1lt kialak\u00edt\u00e1s\u00faak, m\u00e9reteik <strong>4&#215;4,5 m\u00e9ter<\/strong>, amelyek lehet\u0151v\u00e9 teszik a nagyobb m\u00e9ret\u0171 \u00e1ruk k\u00f6nny\u0171 be- \u00e9s kirakod\u00e1s\u00e1t. Ezen k\u00edv\u00fcl n\u00e9gy liftes rakod\u00f3platform is rendelkez\u00e9sre \u00e1ll, amelyek <strong>10 tonna teherb\u00edr\u00e1ssal \u00e9s dokkol\u00f3kapuval (2,75&#215;3 m\u00e9ter)<\/strong> rendelkeznek. \u00cdgy a rakod\u00e1si folyamatok gyorsan \u00e9s hat\u00e9konyan v\u00e9gezhet\u0151k el. Ez k\u00fcl\u00f6n\u00f6sen fontos a t\u00falm\u00e9retes \u00e9s t\u00fals\u00falyos \u00e1ruk kezel\u00e9s\u00e9n\u00e9l, ahol a pontoss\u00e1g \u00e9s a gyorsas\u00e1g alapvet\u0151 k\u00f6vetelm\u00e9ny.<\/p>\n\n\n\n<p>A biztons\u00e1got t\u0171zjelz\u0151-, h\u0151- \u00e9s f\u00fcstelvezet\u0151 rendszer\u00fck biztos\u00edtja, amely megfelel a legszigor\u00fabb biztons\u00e1gi el\u0151\u00edr\u00e1soknak. Ezen rendszerek folyamatos fel\u00fcgyelete \u00e9s karbantart\u00e1sa garant\u00e1lja, hogy a rakt\u00e1rakban t\u00e1rolt \u00e1ruk maxim\u00e1lis biztons\u00e1gban legyenek.<\/p>\n\n\n\n<p>Tov\u00e1bb\u00e1 rakt\u00e1raik <strong>12 m\u00e9teres belmagass\u00e1ggal<\/strong> rendelkeznek, ami lehet\u0151v\u00e9 teszi a t\u00e9r optim\u00e1lis kihaszn\u00e1l\u00e1s\u00e1t \u00e9s a magasrakt\u00e1roz\u00e1st. Az <strong>5 tonna\/m\u00b2 padl\u00f3terhel\u00e9s<\/strong> biztos\u00edtja, hogy a legnehezebb \u00e1ruk is biztons\u00e1gosan t\u00e1rolhat\u00f3k \u00e9s mozgathat\u00f3k legyenek. Az iroda- \u00e9s szoci\u00e1lis blokkok k\u00e9nyelmet \u00e9s funkcionalit\u00e1st ny\u00fajtanak \u00fcgyfeleik sz\u00e1m\u00e1ra, lehet\u0151s\u00e9get biztos\u00edtva a helysz\u00edni adminisztr\u00e1ci\u00f3ra \u00e9s a pihen\u00e9sre.<\/p>\n\n\n\n<figure class=\"wp-block-embed is-type-video is-provider-youtube wp-block-embed-youtube wp-embed-aspect-16-9 wp-has-aspect-ratio\"><div class=\"wp-block-embed__wrapper\">\n<iframe loading=\"lazy\" title=\"Ghibli - Rep\u00fcl\u0151t\u00e9ri logisztikai k\u00f6zpont - Debrecen Airport\" width=\"640\" height=\"360\" src=\"https:\/\/www.youtube.com\/embed\/gxO4nJwb-Ns?feature=oembed\" frameborder=\"0\" allow=\"accelerometer; autoplay; clipboard-write; encrypted-media; gyroscope; picture-in-picture; web-share\" referrerpolicy=\"strict-origin-when-cross-origin\" allowfullscreen><\/iframe>\n<\/div><\/figure>\n\n\n\n<p><\/p>\n\n\n\n<p>A Ghibli Logisztikai -\u00e9s sz\u00e1ll\u00edtm\u00e1nyoz\u00f3 c\u00e9g rakt\u00e1rai a legmodernebb infrastrukt\u00far\u00e1val \u00e9s kieg\u00e9sz\u00edt\u0151 szolg\u00e1ltat\u00e1sokkal rendelkeznek. Ezzel biztos\u00edtj\u00e1k az \u00e1ruk biztons\u00e1gos \u00e9s hat\u00e9kony kezel\u00e9s\u00e9t. Rakt\u00e1raik korszer\u0171, alacsony fogyaszt\u00e1s\u00fa LED vil\u00e1g\u00edt\u00e1ssal vannak felszerelve, ami nemcsak energiahat\u00e9kony, hanem k\u00f6rnyezetbar\u00e1t megold\u00e1s is. Ez a vil\u00e1g\u00edt\u00e1si rendszer garant\u00e1lja a megfelel\u0151 megvil\u00e1g\u00edt\u00e1st a nap b\u00e1rmely szak\u00e1ban, el\u0151seg\u00edtve a munkav\u00e9gz\u00e9st \u00e9s n\u00f6velve a biztons\u00e1got.<\/p>\n\n\n\n<p>A rakt\u00e1rter\u00fclet k\u00f6zvetlen\u00fcl kapcsol\u00f3dik a Debreceni Nemzetk\u00f6zi Rep\u00fcl\u0151t\u00e9rhez, valamint az iparv\u00e1g\u00e1nyokhoz is. Mindez lehet\u0151v\u00e9 teszi az \u00e1ruk gyors \u00e9s hat\u00e9kony sz\u00e1ll\u00edt\u00e1s\u00e1t l\u00e9gi \u00e9s vas\u00fati \u00faton egyar\u00e1nt. Az aut\u00f3p\u00e1lya \u00e9s f\u0151\u00fatvonalak k\u00f6zels\u00e9ge szint\u00e9n biztos\u00edtja a rugalmas k\u00f6z\u00fati hozz\u00e1f\u00e9r\u00e9st, \u00edgy \u00fcgyfeleik b\u00e1rmely sz\u00e1ll\u00edt\u00e1si m\u00f3dot k\u00f6nnyed\u00e9n ig\u00e9nybe vehetnek.<\/p>\n\n\n\n<p>Rakt\u00e1raink nyergesvontat\u00f3kkal \u00e9s t\u00falm\u00e9retes j\u00e1rm\u0171vekkel is k\u00f6nnyen megk\u00f6zel\u00edthet\u0151k, ami k\u00fcl\u00f6n\u00f6sen fontos azoknak a c\u00e9geknek, amelyek nagyobb m\u00e9ret\u0171 \u00e1rukat mozgatnak. A kiv\u00e1l\u00f3 infrastrukt\u00fara \u00e9s az egyszer\u0171 hozz\u00e1f\u00e9r\u00e9s biztos\u00edtja, hogy a rakt\u00e1rb\u00e9rl\u00e9s Debrecenben minden logisztikai ig\u00e9nyt kiel\u00e9g\u00edtsen.<\/p>\n\n\n\n<p><strong><em>B\u00e9reljen rakt\u00e1rter\u00fcletet kiemelten kedvez\u0151 konstrukci\u00f3ban Debrecenben<\/em><\/strong>, ahol a korszer\u0171 infrastrukt\u00fara \u00e9s a strat\u00e9giai elhelyezked\u00e9s egyar\u00e1nt garant\u00e1lja a hat\u00e9kony logisztikai megold\u00e1sokat!<\/p>\n","protected":false},"excerpt":{"rendered":"<p>A Ghibli Logisztikai -\u00e9s sz\u00e1ll\u00edtm\u00e1nyoz\u00f3 c\u00e9g hossz\u00fa \u00e9vek \u00f3ta ny\u00fajt megb\u00edzhat\u00f3 \u00e9s professzion\u00e1lis logisztikai szolg\u00e1ltat\u00e1sokat \u00fcgyfeleinek. A k\u00f6vetkez\u0151 \u00e9vekben Debrecen logisztikai potenci\u00e1lja jelent\u0151sen n\u00f6vekedni fog, mivel sz\u00e1mos nagy k\u00ednai \u00e9s koreai v\u00e1llalat telep\u00fcl ide, valamint a BMW \u00faj gy\u00e1ra is itt \u00e9p\u00fcl. Ezzel p\u00e1rhuzamosan c\u00e9g\u00fcnk is fejl\u0151dik: 2025 els\u0151 negyed\u00e9v\u00e9ben tov\u00e1bbi 20.000 m\u00b2-rel b\u0151v\u00edtj\u00fck rakt\u00e1rkapacit\u00e1sunkat&#8230;<\/p>\n","protected":false},"author":2,"featured_media":6991,"comment_status":"closed","ping_status":"closed","sticky":false,"template":"","format":"standard","meta":{"_acf_changed":false,"footnotes":""},"categories":[40],"tags":[83,84],"class_list":["post-6983","post","type-post","status-publish","format-standard","has-post-thumbnail","hentry","category-blog","tag-debrecen","tag-raktarberles"],"acf":[],"_links":{"self":[{"href":"https:\/\/ghibli.hu\/en\/wp-json\/wp\/v2\/posts\/6983","targetHints":{"allow":["GET"]}}],"collection":[{"href":"https:\/\/ghibli.hu\/en\/wp-json\/wp\/v2\/posts"}],"about":[{"href":"https:\/\/ghibli.hu\/en\/wp-json\/wp\/v2\/types\/post"}],"author":[{"embeddable":true,"href":"https:\/\/ghibli.hu\/en\/wp-json\/wp\/v2\/users\/2"}],"replies":[{"embeddable":true,"href":"https:\/\/ghibli.hu\/en\/wp-json\/wp\/v2\/comments?post=6983"}],"version-history":[{"count":0,"href":"https:\/\/ghibli.hu\/en\/wp-json\/wp\/v2\/posts\/6983\/revisions"}],"wp:featuredmedia":[{"embeddable":true,"href":"https:\/\/ghibli.hu\/en\/wp-json\/wp\/v2\/media\/6991"}],"wp:attachment":[{"href":"https:\/\/ghibli.hu\/en\/wp-json\/wp\/v2\/media?parent=6983"}],"wp:term":[{"taxonomy":"category","embeddable":true,"href":"https:\/\/ghibli.hu\/en\/wp-json\/wp\/v2\/categories?post=6983"},{"taxonomy":"post_tag","embeddable":true,"href":"https:\/\/ghibli.hu\/en\/wp-json\/wp\/v2\/tags?post=6983"}],"curies":[{"name":"wp","href":"https:\/\/api.w.org\/{rel}","templated":true}]}}