{"id":7027,"date":"2024-07-12T10:07:00","date_gmt":"2024-07-12T08:07:00","guid":{"rendered":"https:\/\/ghibli.hu\/?p=7027"},"modified":"2024-07-12T10:07:00","modified_gmt":"2024-07-12T08:07:00","slug":"milyen-engedely-szukseges-a-belfoldi-fuvarozo-szamara","status":"publish","type":"post","link":"https:\/\/ghibli.hu\/en\/blog\/milyen-engedely-szukseges-a-belfoldi-fuvarozo-szamara\/","title":{"rendered":"Milyen enged\u00e9ly sz\u00fcks\u00e9ges a belf\u00f6ldi fuvaroz\u00f3 sz\u00e1m\u00e1ra?"},"content":{"rendered":"\n<p>A belf\u00f6ldi fuvaroz\u00e1s kiemelked\u0151 szerepet j\u00e1tszik a magyar gazdas\u00e1gban, hiszen a k\u00fcl\u00f6nb\u00f6z\u0151 \u00e1ruk sz\u00e1ll\u00edt\u00e1sa elengedhetetlen a v\u00e1llalkoz\u00e1sok m\u0171k\u00f6d\u00e9s\u00e9hez \u00e9s a fogyaszt\u00f3k ig\u00e9nyeinek kiel\u00e9g\u00edt\u00e9s\u00e9hez. Legyen sz\u00f3 \u00e9lelmiszerr\u0151l, \u00e9p\u00edt\u0151anyagr\u00f3l vagy ipari term\u00e9kekr\u0151l, a belf\u00f6ldi <a href=\"https:\/\/ghibli.hu\/fuvarozoknak\/\">fuvaroz\u00f3k<\/a> biztos\u00edtj\u00e1k, hogy ezek az \u00e1ruk eljussanak a megfelel\u0151 helyekre, id\u0151ben \u00e9s biztons\u00e1gban. Azonban ahhoz, hogy egy fuvaroz\u00f3 c\u00e9g leg\u00e1lisan \u00e9s hat\u00e9konyan m\u0171k\u00f6dhessen, elengedhetetlen a megfelel\u0151 enged\u00e9lyek beszerz\u00e9se.<\/p>\n\n\n\n<h3 class=\"wp-block-heading\">A belf\u00f6ldi fuvaroz\u00f3 enged\u00e9ly\u00e9nek fogalma<\/h3>\n\n\n\n<p>A belf\u00f6ldi fuvaroz\u00f3 enged\u00e9lye alapvet\u0151 k\u00f6vetelm\u00e9ny minden olyan v\u00e1llalkoz\u00e1s sz\u00e1m\u00e1ra, amely \u00e1rusz\u00e1ll\u00edt\u00e1ssal foglalkozik Magyarorsz\u00e1g ter\u00fclet\u00e9n bel\u00fcl. Ez az enged\u00e9ly igazolja, hogy a fuvaroz\u00f3 c\u00e9g megfelel a jogszab\u00e1lyok \u00e1ltal el\u0151\u00edrt k\u00f6vetelm\u00e9nyeknek, \u00e9s jogosult \u00e1rufuvaroz\u00e1si szolg\u00e1ltat\u00e1st ny\u00fajtani. Az enged\u00e9ly birtokl\u00e1sa nemcsak a hat\u00f3s\u00e1gok fel\u00e9 tan\u00fas\u00edtja a c\u00e9g szakmai alkalmass\u00e1g\u00e1t \u00e9s megb\u00edzhat\u00f3s\u00e1g\u00e1t, hanem a partnerek \u00e9s \u00fcgyfelek sz\u00e1m\u00e1ra is bizalmat sugall.<\/p>\n\n\n\n<p>A belf\u00f6ldi fuvaroz\u00f3 enged\u00e9lye olyan tev\u00e9kenys\u00e9gekre vonatkozik, mint az \u00e1ruk sz\u00e1ll\u00edt\u00e1sa a gy\u00e1rt\u00f3kt\u00f3l a kiskeresked\u0151kig, az \u00e9p\u00edt\u0151anyagok mozgat\u00e1sa az \u00e9p\u00edtkez\u00e9si helysz\u00ednekre, vagy ak\u00e1r az online rendel\u00e9sek kisz\u00e1ll\u00edt\u00e1sa a v\u00e9gs\u0151 fogyaszt\u00f3khoz. Az enged\u00e9ly megszerz\u00e9se \u00e9s fenntart\u00e1sa sor\u00e1n a v\u00e1llalkoz\u00e1soknak be kell tartaniuk a 1999. \u00e9vi LXXVI. t\u00f6rv\u00e9ny el\u0151\u00edr\u00e1sait, amely a k\u00f6zleked\u00e9si szolg\u00e1ltat\u00e1sokr\u00f3l sz\u00f3l. Ezen t\u00falmen\u0151en az Eur\u00f3pai Uni\u00f3 szab\u00e1lyoz\u00e1sai is befoly\u00e1solj\u00e1k a belf\u00f6ldi fuvaroz\u00f3i enged\u00e9lyek rendszer\u00e9t, k\u00fcl\u00f6n\u00f6s tekintettel a szabad szolg\u00e1ltat\u00e1sny\u00fajt\u00e1s \u00e9s a tisztess\u00e9ges verseny biztos\u00edt\u00e1s\u00e1ra.<\/p>\n\n\n\n<figure class=\"wp-block-image size-full is-resized\"><img decoding=\"async\" width=\"600\" height=\"400\" src=\"https:\/\/ghibli.hu\/wp-content\/uploads\/2024\/08\/belfoldi-fuvarozo-vezetes.jpg\" alt=\"\" class=\"wp-image-7037\" style=\"width:1130px;height:auto\" title=\"\" srcset=\"https:\/\/ghibli.hu\/wp-content\/uploads\/2024\/08\/belfoldi-fuvarozo-vezetes.jpg 600w, https:\/\/ghibli.hu\/wp-content\/uploads\/2024\/08\/belfoldi-fuvarozo-vezetes-300x200.jpg 300w\" sizes=\"(max-width: 600px) 100vw, 600px\" \/><figcaption><\/figcaption><\/figure>\n\n\n\n<p><\/p>\n\n\n\n<h3 class=\"wp-block-heading\">Az enged\u00e9ly megszerz\u00e9s\u00e9nek felt\u00e9telei<\/h3>\n\n\n\n<p>A belf\u00f6ldi fuvaroz\u00f3i enged\u00e9ly megszerz\u00e9s\u00e9hez sz\u00e1mos felt\u00e9telnek kell megfelelni, amelyek c\u00e9lja, hogy biztos\u00edts\u00e1k a fuvaroz\u00f3 v\u00e1llalkoz\u00e1sok szakmai alkalmass\u00e1g\u00e1t, p\u00e9nz\u00fcgyi stabilit\u00e1s\u00e1t \u00e9s j\u00f3 h\u00edrnev\u00e9t. Ezek a felt\u00e9telek nemcsak a v\u00e1llalkoz\u00e1sok m\u0171k\u00f6d\u00e9s\u00e9nek jogszer\u0171s\u00e9g\u00e9t garant\u00e1lj\u00e1k, hanem a szolg\u00e1ltat\u00e1sok min\u0151s\u00e9g\u00e9t \u00e9s biztons\u00e1g\u00e1t is.<\/p>\n\n\n\n<h4 class=\"wp-block-heading\">Szakmai alkalmass\u00e1g<\/h4>\n\n\n\n<p>Az egyik legfontosabb k\u00f6vetelm\u00e9ny a szakmai alkalmass\u00e1g igazol\u00e1sa. Ez azt jelenti, hogy a v\u00e1llalkoz\u00e1s vezet\u0151j\u00e9nek vagy az \u00e1ltala kijel\u00f6lt szakmai ir\u00e1ny\u00edt\u00f3nak rendelkeznie kell megfelel\u0151 szakir\u00e1ny\u00fa v\u00e9gzetts\u00e9ggel vagy relev\u00e1ns szakmai tapasztalattal. Magyarorsz\u00e1gon \u00e1ltal\u00e1ban elfogadott a k\u00f6zleked\u00e9si szakir\u00e1ny\u00fa diploma, de a gyakorlatban szerzett tapasztalat is elegend\u0151 lehet, amennyiben az igazolhat\u00f3. A szakmai alkalmass\u00e1g biztos\u00edtja, hogy a fuvaroz\u00f3 ismeri a <a href=\"https:\/\/tudasbazis.sulinet.hu\/hu\/szakkepzes\/kereskedelem-es-marketing\/kereskedelmi-es-marketing-modulok\/logisztikai-alapfogalmak\/a-logisztikai-folyamatok-osszefoglalo-attekintese\" target=\"_blank\" rel=\"noopener\">sz\u00e1ll\u00edt\u00e1si \u00e9s logisztikai folyamatokat<\/a>, valamint a vonatkoz\u00f3 jogszab\u00e1lyokat \u00e9s el\u0151\u00edr\u00e1sokat.<\/p>\n\n\n\n<h4 class=\"wp-block-heading\">P\u00e9nz\u00fcgyi felt\u00e9telek<\/h4>\n\n\n\n<p>A p\u00e9nz\u00fcgyi stabilit\u00e1s szint\u00e9n alapvet\u0151 k\u00f6vetelm\u00e9ny az enged\u00e9ly megszerz\u00e9s\u00e9hez. A fuvaroz\u00f3 v\u00e1llalkoz\u00e1snak igazolnia kell, hogy rendelkezik a m\u0171k\u00f6d\u00e9s\u00e9hez sz\u00fcks\u00e9ges p\u00e9nz\u00fcgyi forr\u00e1sokkal. Ez mag\u00e1ban foglalja a sz\u00fcks\u00e9ges biztos\u00edt\u00e9kok megl\u00e9t\u00e9t, mint p\u00e9ld\u00e1ul a felel\u0151ss\u00e9gbiztos\u00edt\u00e1s \u00e9s a j\u00e1rm\u0171vekre k\u00f6t\u00f6tt biztos\u00edt\u00e1sok. Ezen t\u00falmen\u0151en a c\u00e9gnek bizony\u00edtania kell, hogy k\u00e9pes fedezni a m\u0171k\u00f6d\u00e9s\u00e9vel j\u00e1r\u00f3 k\u00f6lts\u00e9geket, bele\u00e9rtve az \u00fczemanyagk\u00f6lts\u00e9geket, a karbantart\u00e1si k\u00f6lts\u00e9geket \u00e9s a munkav\u00e1llal\u00f3i b\u00e9reket is.<\/p>\n\n\n\n<h4 class=\"wp-block-heading\">J\u00f3 h\u00edrn\u00e9v<\/h4>\n\n\n\n<p>A j\u00f3 h\u00edrn\u00e9v meg\u0151rz\u00e9se \u00e9s igazol\u00e1sa szint\u00e9n elengedhetetlen az enged\u00e9ly megszerz\u00e9s\u00e9hez. A v\u00e1llalkoz\u00e1s vezet\u0151inek \u00e9s tulajdonosainak b\u0171ntetlen el\u0151\u00e9lettel kell rendelkezni\u00fck, valamint nem lehetnek olyan kor\u00e1bbi jogs\u00e9rt\u00e9seik, amelyek a fuvaroz\u00f3i tev\u00e9kenys\u00e9g gyakorl\u00e1s\u00e1t kiz\u00e1rn\u00e1k. A j\u00f3 h\u00edrn\u00e9v biztos\u00edtja, hogy a fuvaroz\u00f3 v\u00e1llalkoz\u00e1s megb\u00edzhat\u00f3 \u00e9s felel\u0151s partnerk\u00e9nt jelenik meg az \u00fczleti \u00e9letben.<\/p>\n\n\n\n<h3 class=\"wp-block-heading\">A belf\u00f6ldi fuvaroz\u00f3 enged\u00e9ly t\u00edpusai<\/h3>\n\n\n\n<p>A belf\u00f6ldi fuvaroz\u00f3i enged\u00e9ly t\u00f6bbf\u00e9le lehet, att\u00f3l f\u00fcgg\u0151en, hogy a fuvaroz\u00f3 milyen t\u00edpus\u00fa \u00e1rusz\u00e1ll\u00edt\u00e1st k\u00edv\u00e1n v\u00e9gezni. Az egyes enged\u00e9lyt\u00edpusok k\u00fcl\u00f6nb\u00f6z\u0151 k\u00f6vetelm\u00e9nyeket \u00e9s felt\u00e9teleket tartalmaznak, \u00edgy fontos, hogy a v\u00e1llalkoz\u00e1sok pontosan tiszt\u00e1ban legyenek azzal, melyik enged\u00e9lyre van sz\u00fcks\u00e9g\u00fck tev\u00e9kenys\u00e9g\u00fckh\u00f6z.<\/p>\n\n\n\n<figure class=\"wp-block-image size-full is-resized\"><img decoding=\"async\" width=\"600\" height=\"400\" src=\"https:\/\/ghibli.hu\/wp-content\/uploads\/2024\/08\/belfoldi-fuvarozo-aruszallitas.jpg\" alt=\"\" class=\"wp-image-7035\" style=\"width:1130px;height:auto\" title=\"\" srcset=\"https:\/\/ghibli.hu\/wp-content\/uploads\/2024\/08\/belfoldi-fuvarozo-aruszallitas.jpg 600w, https:\/\/ghibli.hu\/wp-content\/uploads\/2024\/08\/belfoldi-fuvarozo-aruszallitas-300x200.jpg 300w\" sizes=\"(max-width: 600px) 100vw, 600px\" \/><figcaption><\/figcaption><\/figure>\n\n\n\n<p><\/p>\n\n\n\n<h4 class=\"wp-block-heading\">Szem\u00e9lysz\u00e1ll\u00edt\u00e1si enged\u00e9ly<\/h4>\n\n\n\n<p>A szem\u00e9lysz\u00e1ll\u00edt\u00e1si enged\u00e9ly olyan v\u00e1llalkoz\u00e1sok sz\u00e1m\u00e1ra sz\u00fcks\u00e9ges, amelyek belf\u00f6ldi k\u00f6z\u00fati szem\u00e9lysz\u00e1ll\u00edt\u00e1ssal foglalkoznak. Ide tartozik p\u00e9ld\u00e1ul a menetrend szerinti aut\u00f3buszj\u00e1ratok, a k\u00fcl\u00f6nj\u00e1rati aut\u00f3busz-szolg\u00e1ltat\u00e1sok, valamint a taxiszolg\u00e1ltat\u00e1sok. Az enged\u00e9ly megszerz\u00e9s\u00e9hez sz\u00fcks\u00e9ges felt\u00e9telek k\u00f6z\u00f6tt szerepel a j\u00e1rm\u0171vek m\u0171szaki alkalmass\u00e1g\u00e1nak biztos\u00edt\u00e1sa, a sof\u0151r\u00f6k megfelel\u0151 k\u00e9pzetts\u00e9ge \u00e9s a szolg\u00e1ltat\u00e1sok biztons\u00e1gos m\u0171k\u00f6dtet\u00e9se.<\/p>\n\n\n\n<h4 class=\"wp-block-heading\">\u00c1rufuvaroz\u00e1si enged\u00e9ly<\/h4>\n\n\n\n<p>Az \u00e1rufuvaroz\u00e1si enged\u00e9ly azoknak a v\u00e1llalkoz\u00e1soknak sz\u00fcks\u00e9ges, amelyek k\u00fcl\u00f6nb\u00f6z\u0151 t\u00edpus\u00fa \u00e1ruk sz\u00e1ll\u00edt\u00e1s\u00e1t v\u00e9gzik Magyarorsz\u00e1g ter\u00fclet\u00e9n bel\u00fcl. Ez mag\u00e1ban foglalja az \u00e9lelmiszerek, ipari term\u00e9kek, \u00e9p\u00edt\u0151anyagok, \u00e9s m\u00e1s k\u00fcl\u00f6nb\u00f6z\u0151 \u00e1ruk sz\u00e1ll\u00edt\u00e1s\u00e1t. Az \u00e1rufuvaroz\u00e1si enged\u00e9ly megszerz\u00e9s\u00e9hez a fuvaroz\u00f3 v\u00e1llalkoz\u00e1snak bizony\u00edtania kell a megfelel\u0151 j\u00e1rm\u0171park \u00e9s a sz\u00e1ll\u00edt\u00e1shoz sz\u00fcks\u00e9ges eszk\u00f6z\u00f6k megl\u00e9t\u00e9t, valamint a p\u00e9nz\u00fcgyi \u00e9s szakmai alkalmass\u00e1got.<\/p>\n\n\n\n<h4 class=\"wp-block-heading\">K\u00fcl\u00f6nleges enged\u00e9lyek<\/h4>\n\n\n\n<p>Bizonyos esetekben a fuvaroz\u00f3knak k\u00fcl\u00f6nleges enged\u00e9lyekre is sz\u00fcks\u00e9g\u00fck lehet, p\u00e9ld\u00e1ul a vesz\u00e9lyes \u00e1ruk sz\u00e1ll\u00edt\u00e1s\u00e1hoz (ADR enged\u00e9ly). Ezek az enged\u00e9lyek speci\u00e1lis felt\u00e9teleket \u00e9s el\u0151\u00edr\u00e1sokat tartalmaznak, amelyek c\u00e9lja a sz\u00e1ll\u00edt\u00e1si folyamatok biztons\u00e1g\u00e1nak \u00e9s k\u00f6rnyezetv\u00e9delmi szempontoknak val\u00f3 megfelel\u00e9s biztos\u00edt\u00e1sa. Az ilyen t\u00edpus\u00fa enged\u00e9lyek megszerz\u00e9s\u00e9hez a fuvaroz\u00f3knak speci\u00e1lis k\u00e9pz\u00e9seken kell r\u00e9szt venni\u00fck, \u00e9s k\u00fcl\u00f6nleges biztons\u00e1gi int\u00e9zked\u00e9seket kell bevezetni\u00fck.<\/p>\n\n\n\n<h3 class=\"wp-block-heading\">Az enged\u00e9lyez\u00e9si folyamat<\/h3>\n\n\n\n<p>A belf\u00f6ldi fuvaroz\u00f3i enged\u00e9ly megszerz\u00e9se t\u00f6bb l\u00e9p\u00e9sb\u0151l \u00e1ll\u00f3 folyamat, amely sor\u00e1n a v\u00e1llalkoz\u00e1snak sz\u00e1mos dokumentumot kell beny\u00fajtania \u00e9s k\u00fcl\u00f6nb\u00f6z\u0151 hat\u00f3s\u00e1gi elj\u00e1r\u00e1sokon kell \u00e1tesnie. Az enged\u00e9lyez\u00e9si folyamat r\u00e9szletes ismerete \u00e9s a sz\u00fcks\u00e9ges el\u0151k\u00e9sz\u00fcletek elv\u00e9gz\u00e9se elengedhetetlen a sikeres k\u00e9relemhez.<\/p>\n\n\n\n<h4 class=\"wp-block-heading\">K\u00e9relem beny\u00fajt\u00e1sa<\/h4>\n\n\n\n<p>Az enged\u00e9lyez\u00e9si folyamat els\u0151 l\u00e9p\u00e9se a k\u00e9relem beny\u00fajt\u00e1sa a megfelel\u0151 hat\u00f3s\u00e1ghoz. Magyarorsz\u00e1gon a k\u00f6z\u00fati \u00e1rufuvaroz\u00f3i enged\u00e9lyeket a Nemzeti K\u00f6zleked\u00e9si Hat\u00f3s\u00e1g (NKH) b\u00edr\u00e1lja el. A k\u00e9relem beny\u00fajt\u00e1sakor a v\u00e1llalkoz\u00e1snak meg kell adnia az alapvet\u0151 adatokat, p\u00e9ld\u00e1ul a c\u00e9g nev\u00e9t, sz\u00e9khely\u00e9t, tev\u00e9kenys\u00e9gi k\u00f6r\u00e9t \u00e9s a k\u00e9relmezett enged\u00e9ly t\u00edpus\u00e1t.<\/p>\n\n\n\n<h4 class=\"wp-block-heading\">Sz\u00fcks\u00e9ges dokumentumok<\/h4>\n\n\n\n<p>A k\u00e9relemhez csatolni kell sz\u00e1mos dokumentumot, amelyek igazolj\u00e1k a v\u00e1llalkoz\u00e1s szakmai \u00e9s p\u00e9nz\u00fcgyi alkalmass\u00e1g\u00e1t, valamint j\u00f3 h\u00edrnev\u00e9t. Ezek a dokumentumok t\u00f6bbek k\u00f6z\u00f6tt a k\u00f6vetkez\u0151ket tartalmazz\u00e1k:<\/p>\n\n\n\n<ul class=\"wp-block-list\">\n<li>A v\u00e1llalkoz\u00e1s alap\u00edt\u00f3 okiratai<\/li>\n\n\n\n<li>A szakmai alkalmass\u00e1got igazol\u00f3 dokumentumok (pl. v\u00e9gzetts\u00e9gi bizony\u00edtv\u00e1nyok, szakmai tapasztalatot igazol\u00f3 iratok)<\/li>\n\n\n\n<li>P\u00e9nz\u00fcgyi stabilit\u00e1st igazol\u00f3 dokumentumok (pl. banki igazol\u00e1sok, biztos\u00edt\u00e1si k\u00f6tv\u00e9nyek)<\/li>\n\n\n\n<li>A c\u00e9gvezet\u0151k \u00e9s tulajdonosok erk\u00f6lcsi bizony\u00edtv\u00e1nya<\/li>\n<\/ul>\n\n\n\n<h4 class=\"wp-block-heading\">Hat\u00f3s\u00e1gi elj\u00e1r\u00e1s menete<\/h4>\n\n\n\n<p>Miut\u00e1n a k\u00e9relem \u00e9s a sz\u00fcks\u00e9ges dokumentumok beny\u00fajt\u00e1sra ker\u00fcltek, a hat\u00f3s\u00e1g megkezdi az elj\u00e1r\u00e1st. Ennek sor\u00e1n ellen\u0151rzik a beny\u00fajtott dokumentumok hiteless\u00e9g\u00e9t \u00e9s megfelel\u0151s\u00e9g\u00e9t. Sz\u00fcks\u00e9g eset\u00e9n a hat\u00f3s\u00e1g tov\u00e1bbi inform\u00e1ci\u00f3kat k\u00e9rhet be a v\u00e1llalkoz\u00e1st\u00f3l, vagy helysz\u00edni szeml\u00e9t tarthat a c\u00e9g telephely\u00e9n. A hat\u00f3s\u00e1gi elj\u00e1r\u00e1s sor\u00e1n kiemelt figyelmet ford\u00edtanak a szakmai \u00e9s p\u00e9nz\u00fcgyi alkalmass\u00e1g igazol\u00e1s\u00e1ra, valamint a j\u00f3 h\u00edrn\u00e9v megl\u00e9t\u00e9re.<\/p>\n\n\n\n<h4 class=\"wp-block-heading\">V\u00e1rhat\u00f3 id\u0151tartam<\/h4>\n\n\n\n<p>Az enged\u00e9lyez\u00e9si elj\u00e1r\u00e1s id\u0151tartama v\u00e1ltoz\u00f3, azonban \u00e1ltal\u00e1ban n\u00e9h\u00e1ny h\u00e9tt\u0151l n\u00e9h\u00e1ny h\u00f3napig terjedhet, att\u00f3l f\u00fcgg\u0151en, hogy mennyire \u00f6sszetett a k\u00e9relem, \u00e9s hogy sz\u00fcks\u00e9g van-e tov\u00e1bbi dokumentumok vagy inform\u00e1ci\u00f3k beszerz\u00e9s\u00e9re. Az elj\u00e1r\u00e1s v\u00e9gezt\u00e9vel a hat\u00f3s\u00e1g d\u00f6nt\u00e9st hoz a k\u00e9relem elfogad\u00e1s\u00e1r\u00f3l vagy elutas\u00edt\u00e1s\u00e1r\u00f3l. Pozit\u00edv d\u00f6nt\u00e9s eset\u00e9n a v\u00e1llalkoz\u00e1s megkapja a belf\u00f6ldi fuvaroz\u00f3i enged\u00e9lyt, amely feljogos\u00edtja \u0151t a jogszab\u00e1lyoknak megfelel\u0151 \u00e1rufuvaroz\u00e1si tev\u00e9kenys\u00e9g v\u00e9gz\u00e9s\u00e9re.<\/p>\n\n\n\n<p><\/p>\n\n\n\n<figure class=\"wp-block-image size-full is-resized\"><img decoding=\"async\" width=\"600\" height=\"400\" src=\"https:\/\/ghibli.hu\/wp-content\/uploads\/2024\/08\/belfoldi-fuvarozo-kamion.jpg\" alt=\"\" class=\"wp-image-7036\" style=\"width:1130px;height:auto\" title=\"\" srcset=\"https:\/\/ghibli.hu\/wp-content\/uploads\/2024\/08\/belfoldi-fuvarozo-kamion.jpg 600w, https:\/\/ghibli.hu\/wp-content\/uploads\/2024\/08\/belfoldi-fuvarozo-kamion-300x200.jpg 300w\" sizes=\"(max-width: 600px) 100vw, 600px\" \/><figcaption><\/figcaption><\/figure>\n\n\n\n<p><\/p>\n\n\n\n<p>A belf\u00f6ldi fuvaroz\u00f3 enged\u00e9ly\u00e9nek megszerz\u00e9se \u00e9s fenntart\u00e1sa nemcsak jogszab\u00e1lyi k\u00f6vetelm\u00e9ny, hanem a v\u00e1llalkoz\u00e1sok piaci versenyk\u00e9pess\u00e9g\u00e9nek alapja is. A megfelel\u0151 enged\u00e9lyek birtok\u00e1ban a fuvaroz\u00f3 c\u00e9gek bizalmat \u00e9p\u00edthetnek ki partnereik \u00e9s \u00fcgyfeleik k\u00f6r\u00e9ben, hozz\u00e1j\u00e1rulva ezzel a hossz\u00fa t\u00e1v\u00fa \u00fczleti sikerhez. A jogszab\u00e1lyoknak \u00e9s el\u0151\u00edr\u00e1soknak val\u00f3 folyamatos megfelel\u00e9s biztos\u00edtja a szolg\u00e1ltat\u00e1sok magas sz\u00ednvonal\u00e1t \u00e9s a sz\u00e1ll\u00edt\u00e1si folyamatok zavartalans\u00e1g\u00e1t, ami elengedhetetlen a gazdas\u00e1g g\u00f6rd\u00fcl\u00e9keny m\u0171k\u00f6d\u00e9s\u00e9hez.<\/p>\n\n\n\n<p><\/p>\n","protected":false},"excerpt":{"rendered":"<p>A belf\u00f6ldi fuvaroz\u00e1s kiemelked\u0151 szerepet j\u00e1tszik a magyar gazdas\u00e1gban, hiszen a k\u00fcl\u00f6nb\u00f6z\u0151 \u00e1ruk sz\u00e1ll\u00edt\u00e1sa elengedhetetlen a v\u00e1llalkoz\u00e1sok m\u0171k\u00f6d\u00e9s\u00e9hez \u00e9s a fogyaszt\u00f3k ig\u00e9nyeinek kiel\u00e9g\u00edt\u00e9s\u00e9hez. Legyen sz\u00f3 \u00e9lelmiszerr\u0151l, \u00e9p\u00edt\u0151anyagr\u00f3l vagy ipari term\u00e9kekr\u0151l, a belf\u00f6ldi fuvaroz\u00f3k biztos\u00edtj\u00e1k, hogy ezek az \u00e1ruk eljussanak a megfelel\u0151 helyekre, id\u0151ben \u00e9s biztons\u00e1gban. Azonban ahhoz, hogy egy fuvaroz\u00f3 c\u00e9g leg\u00e1lisan \u00e9s hat\u00e9konyan m\u0171k\u00f6dhessen,&#8230;<\/p>\n","protected":false},"author":2,"featured_media":7034,"comment_status":"closed","ping_status":"closed","sticky":false,"template":"","format":"standard","meta":{"_acf_changed":false,"footnotes":""},"categories":[40],"tags":[],"class_list":["post-7027","post","type-post","status-publish","format-standard","has-post-thumbnail","hentry","category-blog"],"acf":[],"_links":{"self":[{"href":"https:\/\/ghibli.hu\/en\/wp-json\/wp\/v2\/posts\/7027","targetHints":{"allow":["GET"]}}],"collection":[{"href":"https:\/\/ghibli.hu\/en\/wp-json\/wp\/v2\/posts"}],"about":[{"href":"https:\/\/ghibli.hu\/en\/wp-json\/wp\/v2\/types\/post"}],"author":[{"embeddable":true,"href":"https:\/\/ghibli.hu\/en\/wp-json\/wp\/v2\/users\/2"}],"replies":[{"embeddable":true,"href":"https:\/\/ghibli.hu\/en\/wp-json\/wp\/v2\/comments?post=7027"}],"version-history":[{"count":0,"href":"https:\/\/ghibli.hu\/en\/wp-json\/wp\/v2\/posts\/7027\/revisions"}],"wp:featuredmedia":[{"embeddable":true,"href":"https:\/\/ghibli.hu\/en\/wp-json\/wp\/v2\/media\/7034"}],"wp:attachment":[{"href":"https:\/\/ghibli.hu\/en\/wp-json\/wp\/v2\/media?parent=7027"}],"wp:term":[{"taxonomy":"category","embeddable":true,"href":"https:\/\/ghibli.hu\/en\/wp-json\/wp\/v2\/categories?post=7027"},{"taxonomy":"post_tag","embeddable":true,"href":"https:\/\/ghibli.hu\/en\/wp-json\/wp\/v2\/tags?post=7027"}],"curies":[{"name":"wp","href":"https:\/\/api.w.org\/{rel}","templated":true}]}}