{"id":7290,"date":"2024-11-15T09:49:00","date_gmt":"2024-11-15T08:49:00","guid":{"rendered":"https:\/\/ghibli.hu\/?p=7290"},"modified":"2024-11-15T09:49:00","modified_gmt":"2024-11-15T08:49:00","slug":"nemzetkozi-csomagkuldo-utmutato-a-megbizhato-szallitashoz","status":"publish","type":"post","link":"https:\/\/ghibli.hu\/en\/blog\/nemzetkozi-csomagkuldo-utmutato-a-megbizhato-szallitashoz\/","title":{"rendered":"Nemzetk\u00f6zi csomagk\u00fcld\u0151 \u2013 \u00datmutat\u00f3 a megb\u00edzhat\u00f3 sz\u00e1ll\u00edt\u00e1shoz"},"content":{"rendered":"\n<p>A globaliz\u00e1lt vil\u00e1gban a hat\u00e1rok lassan elmos\u00f3dnak, \u00e9s egyre term\u00e9szetesebb\u00e9 v\u00e1lik, hogy a k\u00fcl\u00f6nb\u00f6z\u0151 orsz\u00e1gok k\u00f6z\u00f6tt gyorsan \u00e9s megb\u00edzhat\u00f3an k\u00fcld\u00fcnk csomagokat. Legyen sz\u00f3 egy csal\u00e1dtagnak k\u00fcld\u00f6tt aj\u00e1nd\u00e9kr\u00f3l, egy v\u00e1llalkoz\u00e1s \u00fcgyf\u00e9lnek sz\u00e1nt term\u00e9k\u00e9r\u0151l, vagy egy fontos dokumentum sz\u00e1ll\u00edt\u00e1s\u00e1r\u00f3l, a nemzetk\u00f6zi csomagk\u00fcld\u0151 szolg\u00e1ltat\u00e1sok kulcsszerepet t\u00f6ltenek be a modern \u00e9letben.<\/p>\n\n\n\n<p>Azonban nem mindegy, hogy melyik szolg\u00e1ltat\u00f3t v\u00e1lasztjuk, hiszen a sz\u00e1ll\u00edt\u00e1s gyorsas\u00e1ga, \u00e1ra \u00e9s megb\u00edzhat\u00f3s\u00e1ga nagyban befoly\u00e1solja, hogy el\u00e9gedettek lesz\u00fcnk-e a szolg\u00e1ltat\u00e1ssal. Ez\u00e9rt fontos, hogy alaposan t\u00e1j\u00e9koz\u00f3djunk, \u00e9s olyan szolg\u00e1ltat\u00f3t v\u00e1lasszunk, amely megfelel az ig\u00e9nyeinknek. Ebben a blogcikkben bemutatjuk, mire \u00e9rdemes figyelni, milyen el\u0151ny\u00f6ket ny\u00fajthatnak a nemzetk\u00f6zi csomagk\u00fcld\u0151k, \u00e9s hogyan biztos\u00edthatjuk, hogy k\u00fcldem\u00e9ny\u00fcnk id\u0151ben \u00e9s biztons\u00e1gban \u00e9rkezzen meg c\u00e9lj\u00e1hoz.<\/p>\n\n\n\n<h3 class=\"wp-block-heading\">Mi\u00e9rt \u00e9rdemes nemzetk\u00f6zi csomagk\u00fcld\u0151t haszn\u00e1lni?<\/h3>\n\n\n\n<p>Az elm\u00falt \u00e9vekben az online kereskedelem \u00e9s a globaliz\u00e1ci\u00f3 jelent\u0151sen \u00e1talak\u00edtotta a v\u00e1s\u00e1rl\u00e1si szok\u00e1sainkat. Ma m\u00e1r egyre t\u00f6bben rendel\u00fcnk k\u00fclf\u00f6ldr\u0151l, vagy k\u00fcld\u00fcnk csomagot egy m\u00e1sik orsz\u00e1gba, ak\u00e1r mag\u00e1n-, ak\u00e1r \u00fczleti c\u00e9llal. A <strong><a href=\"https:\/\/ghibli.hu\/szolgaltatasaink\/teljeskoru-logisztikai-szolgaltatas\/\">nemzetk\u00f6zi csomagk\u00fcld\u0151 szolg\u00e1ltat\u00e1sok<\/a><\/strong> lehet\u0151v\u00e9 teszik, hogy a vil\u00e1g b\u00e1rmely pontj\u00e1ra gyorsan \u00e9s biztons\u00e1gosan eljuttassunk b\u00e1rmilyen k\u00fcldem\u00e9nyt.<\/p>\n\n\n\n<p>Mag\u00e1nszem\u00e9lyek sz\u00e1m\u00e1ra ezek a szolg\u00e1ltat\u00e1sok k\u00fcl\u00f6n\u00f6sen hasznosak lehetnek \u00fcnnepek vagy k\u00fcl\u00f6nleges alkalmak idej\u00e9n, amikor aj\u00e1nd\u00e9kokat szeretn\u00e9nk eljuttatni szeretteinkhez, ak\u00e1r kontinenseken \u00e1t\u00edvel\u0151en. <strong>\u00dczleti szempontb\u00f3l<\/strong> pedig a nemzetk\u00f6zi csomagk\u00fcld\u00e9s alapvet\u0151 felt\u00e9tele annak, hogy egy v\u00e1llalkoz\u00e1s kiszolg\u00e1lhassa a nemzetk\u00f6zi \u00fcgyfeleket, ezzel n\u00f6velve piaci jelenl\u00e9t\u00e9t \u00e9s versenyk\u00e9pess\u00e9g\u00e9t. A megfelel\u0151 csomagk\u00fcld\u0151 partner kiv\u00e1laszt\u00e1sa teh\u00e1t nemcsak k\u00e9nyelmet, hanem \u00fczleti sikereket is jelenthet.<\/p>\n\n\n\n<p><\/p>\n\n\n\n<figure class=\"wp-block-image size-full is-resized\"><img decoding=\"async\" width=\"600\" height=\"400\" src=\"https:\/\/ghibli.hu\/wp-content\/uploads\/2024\/12\/nemzetkozi-csomagkuldo-kep01.jpg\" alt=\"\" class=\"wp-image-7294\" style=\"width:874px;height:auto\" title=\"\" srcset=\"https:\/\/ghibli.hu\/wp-content\/uploads\/2024\/12\/nemzetkozi-csomagkuldo-kep01.jpg 600w, https:\/\/ghibli.hu\/wp-content\/uploads\/2024\/12\/nemzetkozi-csomagkuldo-kep01-300x200.jpg 300w\" sizes=\"(max-width: 600px) 100vw, 600px\" \/><figcaption><\/figcaption><\/figure>\n\n\n\n<p><\/p>\n\n\n\n<h3 class=\"wp-block-heading\">Szolg\u00e1ltat\u00f3k kiv\u00e1laszt\u00e1sa \u2013 Milyen szempontokat \u00e9rdemes figyelembe venni?<\/h3>\n\n\n\n<p>A megfelel\u0151 nemzetk\u00f6zi csomagk\u00fcld\u0151 szolg\u00e1ltat\u00f3 kiv\u00e1laszt\u00e1sa sz\u00e1mos szempontot ig\u00e9nyel, hiszen a k\u00fcldem\u00e9ny id\u0151ben t\u00f6rt\u00e9n\u0151 meg\u00e9rkez\u00e9se \u00e9s \u00e9ps\u00e9ge alapvet\u0151 elv\u00e1r\u00e1s. Az els\u0151 \u00e9s tal\u00e1n legfontosabb t\u00e9nyez\u0151 a <a href=\"https:\/\/ripost.hu\/mani\/2018\/12\/melyik-orszagbol-mennyi-ido-alatt-erkeznek-meg-a-csomagok\" target=\"_blank\" rel=\"noopener\">sz\u00e1ll\u00edt\u00e1si id\u0151<\/a>. Ha s\u00fcrg\u0151s a csomag \u00e9rkez\u00e9se, p\u00e9ld\u00e1ul egy \u00fczleti dokumentum eset\u00e9n, akkor olyan szolg\u00e1ltat\u00f3t kell v\u00e1lasztani, amely garant\u00e1lja a gyors k\u00e9zbes\u00edt\u00e9st.<\/p>\n\n\n\n<p>Az \u00e1rak szint\u00e9n meghat\u00e1roz\u00f3ak lehetnek. A szolg\u00e1ltat\u00f3k d\u00edjszab\u00e1sa nagy elt\u00e9r\u00e9seket mutathat, ez\u00e9rt \u00e9rdemes el\u0151zetesen ut\u00e1nan\u00e9zni, hogy az alapd\u00edjon t\u00fal milyen rejtett k\u00f6lts\u00e9gekkel kell sz\u00e1molni. Ide tartozhatnak p\u00e9ld\u00e1ul a v\u00e1mkezel\u00e9si d\u00edjak, biztos\u00edt\u00e1si k\u00f6lts\u00e9gek, vagy k\u00fcl\u00f6nleges csomagok eset\u00e9n felsz\u00e1m\u00edtott extra d\u00edjak.<\/p>\n\n\n\n<p>Egy m\u00e1sik fontos szempont a csomagbiztos\u00edt\u00e1s \u00e9s a nyomk\u00f6vet\u00e9si lehet\u0151s\u00e9g. \u00c9rt\u00e9kes k\u00fcldem\u00e9nyek eset\u00e9n elengedhetetlen, hogy a csomagot biztos\u00edtsuk, \u00edgy k\u00e1resem\u00e9ny eset\u00e9n k\u00e1rt\u00e9r\u00edt\u00e9sre sz\u00e1m\u00edthatunk. A nyomk\u00f6vet\u00e9si rendszer lehet\u0151v\u00e9 teszi, hogy val\u00f3s id\u0151ben k\u00f6vethess\u00fck a csomag \u00fatj\u00e1t, ami k\u00fcl\u00f6n\u00f6sen megnyugtat\u00f3 mind a mag\u00e1nszem\u00e9lyek, mind az \u00fczleti \u00fcgyfelek sz\u00e1m\u00e1ra. A megfelel\u0151 szolg\u00e1ltat\u00f3 teh\u00e1t nemcsak gyors \u00e9s megfizethet\u0151, hanem megb\u00edzhat\u00f3 \u00e9s \u00e1tl\u00e1that\u00f3 is.<\/p>\n\n\n\n<h3 class=\"wp-block-heading\">Gyakori probl\u00e9m\u00e1k \u00e9s azok elker\u00fcl\u00e9se<\/h3>\n\n\n\n<p>A nemzetk\u00f6zi csomagk\u00fcld\u0151 szolg\u00e1ltat\u00e1sok ig\u00e9nybev\u00e9tele sor\u00e1n el\u0151fordulhatnak v\u00e1ratlan probl\u00e9m\u00e1k, amelyek k\u00e9s\u00e9seket, k\u00f6lts\u00e9gn\u00f6veked\u00e9st vagy ak\u00e1r a csomag elveszt\u00e9s\u00e9t is eredm\u00e9nyezhetik. Az egyik leggyakoribb akad\u00e1ly a v\u00e1mkezel\u00e9s, amely szigor\u00fa szab\u00e1lyokat k\u00f6vetel meg. A pontatlan vagy hi\u00e1nyos dokument\u00e1ci\u00f3 komoly k\u00e9s\u00e9seket okozhat, ez\u00e9rt mindig gondoskodjunk arr\u00f3l, hogy a v\u00e1mhoz sz\u00fcks\u00e9ges nyomtatv\u00e1nyok \u2013 p\u00e9ld\u00e1ul sz\u00e1ml\u00e1k, nyilatkozatok \u2013 megfelel\u0151en ki legyenek t\u00f6ltve.<\/p>\n\n\n\n<p>Egy m\u00e1sik gyakori probl\u00e9ma az, ha a csomag elveszik vagy megs\u00e9r\u00fcl a sz\u00e1ll\u00edt\u00e1s sor\u00e1n. Ennek elker\u00fcl\u00e9se \u00e9rdek\u00e9ben mindig v\u00e1lasszunk olyan szolg\u00e1ltat\u00f3t, amely biztos\u00edt\u00e1st k\u00edn\u00e1l a k\u00fcldem\u00e9nyre. Ez k\u00fcl\u00f6n\u00f6sen fontos \u00e9rt\u00e9kes vagy t\u00f6r\u00e9keny t\u00e1rgyak eset\u00e9ben. Emellett \u00e9rdemes \u00fcgyelni a <strong>megfelel\u0151 csomagol\u00e1sra<\/strong>: haszn\u00e1ljunk er\u0151s dobozokat, \u00fct\u00e9s\u00e1ll\u00f3 b\u00e9l\u00e9st, \u00e9s gondoskodjunk arr\u00f3l, hogy a c\u00edmz\u00e9s pontos \u00e9s j\u00f3l olvashat\u00f3 legyen.<\/p>\n\n\n\n<p><\/p>\n\n\n\n<figure class=\"wp-block-image size-full is-resized\"><img decoding=\"async\" width=\"600\" height=\"400\" src=\"https:\/\/ghibli.hu\/wp-content\/uploads\/2024\/12\/nemzetkozi-csomagkuldo-kep02.jpg\" alt=\"\" class=\"wp-image-7293\" style=\"width:874px;height:auto\" title=\"\" srcset=\"https:\/\/ghibli.hu\/wp-content\/uploads\/2024\/12\/nemzetkozi-csomagkuldo-kep02.jpg 600w, https:\/\/ghibli.hu\/wp-content\/uploads\/2024\/12\/nemzetkozi-csomagkuldo-kep02-300x200.jpg 300w\" sizes=\"(max-width: 600px) 100vw, 600px\" \/><figcaption><\/figcaption><\/figure>\n\n\n\n<p><\/p>\n\n\n\n<p>K\u00e9s\u00e9sek szint\u00e9n el\u0151fordulhatnak, k\u00fcl\u00f6n\u00f6sen a szezon\u00e1lis cs\u00facsid\u0151szakokban, mint p\u00e9ld\u00e1ul a kar\u00e1csonyi id\u0151szak. Ha fontos a hat\u00e1rid\u0151, v\u00e1lasszunk expressz sz\u00e1ll\u00edt\u00e1st, \u00e9s k\u00fcldj\u00fck el a csomagot id\u0151ben. A modern nemzetk\u00f6zi csomagk\u00fcld\u0151 c\u00e9gek \u00fcgyf\u00e9lszolg\u00e1lata \u00e1ltal\u00e1ban seg\u00edts\u00e9get ny\u00fajt a probl\u00e9m\u00e1k kezel\u00e9s\u00e9ben, ez\u00e9rt ha b\u00e1rmilyen fennakad\u00e1st tapasztalunk, \u00e9rdemes kapcsolatba l\u00e9pni vel\u00fck. A megfelel\u0151 el\u0151k\u00e9sz\u00fcletek \u00e9s a k\u00f6r\u00fcltekint\u0151 v\u00e1laszt\u00e1s garant\u00e1lhatj\u00e1k, hogy csomagunk z\u00f6kken\u0151mentesen \u00e9r c\u00e9lba.<\/p>\n\n\n\n<h3 class=\"wp-block-heading\">K\u00f6rnyezettudatoss\u00e1g a csomagk\u00fcld\u00e9sben<\/h3>\n\n\n\n<p>A fenntarthat\u00f3s\u00e1g egyre nagyobb szerepet kap a <a href=\"https:\/\/ghibli.hu\/blog\/logisztikai-szolgaltatas-miert-van-ra-szukseg\/\">logisztikai ipar\u00e1gban<\/a>, \u00edgy a nemzetk\u00f6zi csomagk\u00fcld\u0151 szolg\u00e1ltat\u00f3k is l\u00e9p\u00e9seket tesznek a k\u00f6rnyezetbar\u00e1t megold\u00e1sok ir\u00e1ny\u00e1ba. Az elm\u00falt \u00e9vekben sz\u00e1mos c\u00e9g vezette be azokat az \u00faj\u00edt\u00e1sokat, amelyek cs\u00f6kkentik az \u00f6kol\u00f3giai l\u00e1bnyomot, p\u00e9ld\u00e1ul fenntarthat\u00f3 csomagol\u00f3anyagok, hat\u00e9konyabb sz\u00e1ll\u00edt\u00e1si \u00fatvonalak, vagy alternat\u00edv energi\u00e1t haszn\u00e1l\u00f3 j\u00e1rm\u0171vek alkalmaz\u00e1s\u00e1val.<\/p>\n\n\n\n<p>Egyes szolg\u00e1ltat\u00f3k lehet\u0151s\u00e9get k\u00edn\u00e1lnak \u00fcgyfeleiknek arra, hogy karbonsemleges sz\u00e1ll\u00edt\u00e1st v\u00e1lasszanak, amely mag\u00e1ban foglalja a sz\u00e9n-dioxid-kibocs\u00e1t\u00e1s kompenz\u00e1l\u00e1s\u00e1t k\u00fcl\u00f6nf\u00e9le k\u00f6rnyezetv\u00e9delmi projektek t\u00e1mogat\u00e1s\u00e1val. Ha fontos sz\u00e1munkra a k\u00f6rnyezetv\u00e9delem, \u00e9rdemes el\u0151nyben r\u00e9szes\u00edteni azokat a szolg\u00e1ltat\u00f3kat, amelyek elk\u00f6telezettek a z\u00f6ld logisztika ir\u00e1nt.<\/p>\n\n\n\n<p>Egy\u00e9ni szinten is hozz\u00e1j\u00e1rulhatunk a fenntarthat\u00f3s\u00e1ghoz. Haszn\u00e1ljunk \u00fajrahasznos\u00edtott vagy leboml\u00f3 csomagol\u00f3anyagot, \u00e9s minimaliz\u00e1ljuk a felesleges csomagol\u00e1st. Emellett, ha lehets\u00e9ges, v\u00e1lasszunk olyan sz\u00e1ll\u00edt\u00e1si lehet\u0151s\u00e9get, amely konszolid\u00e1lt k\u00fcldem\u00e9nyekkel dolgozik, \u00edgy cs\u00f6kkentve az egy csomagra jut\u00f3 energiafelhaszn\u00e1l\u00e1st.<\/p>\n\n\n\n<p>A k\u00f6rnyezettudatoss\u00e1g teh\u00e1t nemcsak a szolg\u00e1ltat\u00f3k, hanem a felhaszn\u00e1l\u00f3k r\u00e9sz\u00e9r\u0151l is figyelmet ig\u00e9nyel. Egy j\u00f3l megv\u00e1lasztott, fenntarthat\u00f3 nemzetk\u00f6zi csomagk\u00fcld\u0151 szolg\u00e1ltat\u00e1ssal nemcsak a k\u00fcldem\u00e9ny\u00fcnket juttathatjuk c\u00e9lba, hanem a k\u00f6rnyezet meg\u00f3v\u00e1s\u00e1hoz is hozz\u00e1j\u00e1rulhatunk.<\/p>\n\n\n\n<p><\/p>\n\n\n\n<figure class=\"wp-block-image size-full is-resized\"><img decoding=\"async\" width=\"600\" height=\"400\" src=\"https:\/\/ghibli.hu\/wp-content\/uploads\/2024\/12\/nemzetkozi-csomagkuldo-kep03.jpg\" alt=\"\" class=\"wp-image-7292\" style=\"width:874px;height:auto\" title=\"\" srcset=\"https:\/\/ghibli.hu\/wp-content\/uploads\/2024\/12\/nemzetkozi-csomagkuldo-kep03.jpg 600w, https:\/\/ghibli.hu\/wp-content\/uploads\/2024\/12\/nemzetkozi-csomagkuldo-kep03-300x200.jpg 300w\" sizes=\"(max-width: 600px) 100vw, 600px\" \/><figcaption><\/figcaption><\/figure>\n\n\n\n<p><\/p>\n\n\n\n<p>A nemzetk\u00f6zi csomagk\u00fcld\u0151 szolg\u00e1ltat\u00e1sok ma m\u00e1r n\u00e9lk\u00fcl\u00f6zhetetlen r\u00e9sz\u00e9t k\u00e9pezik mindennapi \u00e9let\u00fcnknek, legyen sz\u00f3 mag\u00e1nszem\u00e9lyek szem\u00e9lyes k\u00fcldem\u00e9nyeir\u0151l vagy v\u00e1llalkoz\u00e1sok glob\u00e1lis \u00fcgyf\u00e9lk\u00f6r\u00e9nek kiszolg\u00e1l\u00e1s\u00e1r\u00f3l. A megfelel\u0151 szolg\u00e1ltat\u00f3 kiv\u00e1laszt\u00e1sa kulcsfontoss\u00e1g\u00fa, hiszen a gyorsas\u00e1g, a megb\u00edzhat\u00f3s\u00e1g \u00e9s a k\u00f6lts\u00e9gek egyar\u00e1nt meghat\u00e1rozz\u00e1k, mennyire lesz\u00fcnk el\u00e9gedettek a sz\u00e1ll\u00edt\u00e1ssal.<\/p>\n\n\n\n<p>A g\u00f6rd\u00fcl\u00e9keny nemzetk\u00f6zi csomagk\u00fcld\u00e9shez alapos tervez\u00e9s \u00e9s megfelel\u0151 el\u0151k\u00e9sz\u00fcletek sz\u00fcks\u00e9gesek. Emellett ne feledkezz\u00fcnk meg a fenntarthat\u00f3s\u00e1g fontoss\u00e1g\u00e1r\u00f3l sem. Egyre t\u00f6bb nemzetk\u00f6zi csomagk\u00fcld\u0151 szolg\u00e1ltat\u00f3 k\u00edn\u00e1l k\u00f6rnyezetbar\u00e1t megold\u00e1sokat, amelyeket \u00e9rdemes el\u0151nyben r\u00e9szes\u00edteni, hogy a k\u00e9nyelmes sz\u00e1ll\u00edt\u00e1s mellett a bolyg\u00f3nk v\u00e9delm\u00e9hez is hozz\u00e1j\u00e1ruljunk.<\/p>\n\n\n\n<p>Ha a fentieket szem el\u0151tt tartjuk, biztosak lehet\u00fcnk abban, hogy a csomagk\u00fcld\u00e9s nemcsak egyszer\u0171, hanem biztons\u00e1gos \u00e9s hat\u00e9kony folyamat lesz \u2013 legyen sz\u00f3 egy k\u00f6zeli orsz\u00e1gba k\u00fcld\u00f6tt aj\u00e1nd\u00e9kr\u00f3l vagy egy m\u00e1sik kontinensre sz\u00e1ll\u00edtott fontos \u00fczleti k\u00fcldem\u00e9nyr\u0151l.<\/p>\n\n\n\n<p><\/p>\n","protected":false},"excerpt":{"rendered":"<p>A globaliz\u00e1lt vil\u00e1gban a hat\u00e1rok lassan elmos\u00f3dnak, \u00e9s egyre term\u00e9szetesebb\u00e9 v\u00e1lik, hogy a k\u00fcl\u00f6nb\u00f6z\u0151 orsz\u00e1gok k\u00f6z\u00f6tt gyorsan \u00e9s megb\u00edzhat\u00f3an k\u00fcld\u00fcnk csomagokat. Legyen sz\u00f3 egy csal\u00e1dtagnak k\u00fcld\u00f6tt aj\u00e1nd\u00e9kr\u00f3l, egy v\u00e1llalkoz\u00e1s \u00fcgyf\u00e9lnek sz\u00e1nt term\u00e9k\u00e9r\u0151l, vagy egy fontos dokumentum sz\u00e1ll\u00edt\u00e1s\u00e1r\u00f3l, a nemzetk\u00f6zi csomagk\u00fcld\u0151 szolg\u00e1ltat\u00e1sok kulcsszerepet t\u00f6ltenek be a modern \u00e9letben. Azonban nem mindegy, hogy melyik szolg\u00e1ltat\u00f3t v\u00e1lasztjuk, hiszen&#8230;<\/p>\n","protected":false},"author":2,"featured_media":7295,"comment_status":"closed","ping_status":"closed","sticky":false,"template":"","format":"standard","meta":{"_acf_changed":false,"footnotes":""},"categories":[40],"tags":[46,44,76,50],"class_list":["post-7290","post","type-post","status-publish","format-standard","has-post-thumbnail","hentry","category-blog","tag-aruszallitas","tag-logisztikai-szolgaltatas","tag-nemzetkozi-szallitmanyozas","tag-specialis-aruszallitas"],"acf":[],"_links":{"self":[{"href":"https:\/\/ghibli.hu\/en\/wp-json\/wp\/v2\/posts\/7290","targetHints":{"allow":["GET"]}}],"collection":[{"href":"https:\/\/ghibli.hu\/en\/wp-json\/wp\/v2\/posts"}],"about":[{"href":"https:\/\/ghibli.hu\/en\/wp-json\/wp\/v2\/types\/post"}],"author":[{"embeddable":true,"href":"https:\/\/ghibli.hu\/en\/wp-json\/wp\/v2\/users\/2"}],"replies":[{"embeddable":true,"href":"https:\/\/ghibli.hu\/en\/wp-json\/wp\/v2\/comments?post=7290"}],"version-history":[{"count":0,"href":"https:\/\/ghibli.hu\/en\/wp-json\/wp\/v2\/posts\/7290\/revisions"}],"wp:featuredmedia":[{"embeddable":true,"href":"https:\/\/ghibli.hu\/en\/wp-json\/wp\/v2\/media\/7295"}],"wp:attachment":[{"href":"https:\/\/ghibli.hu\/en\/wp-json\/wp\/v2\/media?parent=7290"}],"wp:term":[{"taxonomy":"category","embeddable":true,"href":"https:\/\/ghibli.hu\/en\/wp-json\/wp\/v2\/categories?post=7290"},{"taxonomy":"post_tag","embeddable":true,"href":"https:\/\/ghibli.hu\/en\/wp-json\/wp\/v2\/tags?post=7290"}],"curies":[{"name":"wp","href":"https:\/\/api.w.org\/{rel}","templated":true}]}}