{"id":7302,"date":"2024-11-25T11:45:00","date_gmt":"2024-11-25T10:45:00","guid":{"rendered":"https:\/\/ghibli.hu\/?p=7302"},"modified":"2024-11-25T11:45:00","modified_gmt":"2024-11-25T10:45:00","slug":"logisztikai-cegek-jelentosege-kelet-magyarorszagon","status":"publish","type":"post","link":"https:\/\/ghibli.hu\/en\/blog\/logisztikai-cegek-jelentosege-kelet-magyarorszagon\/","title":{"rendered":"Logisztikai c\u00e9gek jelent\u0151s\u00e9ge Kelet-Magyarorsz\u00e1gon"},"content":{"rendered":"\n<p>Kelet-Magyarorsz\u00e1g gazdas\u00e1gi fejl\u0151d\u00e9se az ut\u00f3bbi \u00e9vekben jelent\u0151s lend\u00fcletet kapott, amelyben kiemelked\u0151 szerepet j\u00e1tszanak a t\u00e9rs\u00e9gben m\u0171k\u00f6d\u0151 logisztikai c\u00e9gek. A r\u00e9gi\u00f3 f\u00f6ldrajzi elhelyezked\u00e9se, hat\u00e1r menti kapcsolatai \u00e9s folyamatosan fejl\u0151d\u0151 infrastrukt\u00far\u00e1ja egyed\u00fcl\u00e1ll\u00f3 lehet\u0151s\u00e9geket k\u00edn\u00e1l a logisztikai szektor sz\u00e1m\u00e1ra. Az \u00e1rusz\u00e1ll\u00edt\u00e1s, rakt\u00e1roz\u00e1s \u00e9s disztrib\u00faci\u00f3 optimaliz\u00e1l\u00e1s\u00e1val ezek a v\u00e1llalatok nem csup\u00e1n a helyi gazdas\u00e1got er\u0151s\u00edtik, hanem hozz\u00e1j\u00e1rulnak Kelet-Magyarorsz\u00e1g nemzetk\u00f6zi gazdas\u00e1gi integr\u00e1ci\u00f3j\u00e1hoz is.<\/p>\n\n\n\n<p>A cikk c\u00e9lja, hogy bemutassa a ezen c\u00e9gek kulcsszerep\u00e9t a t\u00e9rs\u00e9g gazdas\u00e1gi \u00e9s t\u00e1rsadalmi \u00e9let\u00e9ben. Kiemelj\u00fck azokat az el\u0151ny\u00f6ket, amelyeket a logisztikai szektor ny\u00fajt a r\u00e9gi\u00f3 sz\u00e1m\u00e1ra, \u00e9s felt\u00e1rjuk a j\u00f6v\u0151beli lehet\u0151s\u00e9geket, amelyek tov\u00e1bb er\u0151s\u00edthetik Kelet-Magyarorsz\u00e1g poz\u00edci\u00f3j\u00e1t a hazai \u00e9s nemzetk\u00f6zi piacon.<\/p>\n\n\n\n<h2 class=\"wp-block-heading\"><strong>A logisztikai c\u00e9gek szerepe a gazdas\u00e1gban<\/strong><\/h2>\n\n\n\n<p>A logisztikai c\u00e9gek jelent\u0151s\u00e9ge Kelet-Magyarorsz\u00e1g gazdas\u00e1g\u00e1ban vitathatatlan. Ezek a v\u00e1llalatok alapvet\u0151 szerepet t\u00f6ltenek be az \u00e1rusz\u00e1ll\u00edt\u00e1s, a k\u00e9szletez\u00e9s \u00e9s az ell\u00e1t\u00e1si l\u00e1ncok hat\u00e9kony m\u0171k\u00f6dtet\u00e9s\u00e9ben. Az \u00e1ltaluk ny\u00fajtott szolg\u00e1ltat\u00e1sok nemcsak a helyi termel\u0151k \u00e9s v\u00e1llalkoz\u00e1sok sz\u00e1m\u00e1ra elengedhetetlenek, hanem a nemzetk\u00f6zi piacok el\u00e9r\u00e9s\u00e9ben is kulcsfontoss\u00e1g\u00faak. Ezeknek a c\u00e9geknek a seg\u00edts\u00e9g\u00e9vel a r\u00e9gi\u00f3ban el\u0151\u00e1ll\u00edtott term\u00e9kek gyorsabban \u00e9s gazdas\u00e1gosabban jutnak el a hazai \u00e9s k\u00fclf\u00f6ldi fogyaszt\u00f3khoz, ami jelent\u0151sen n\u00f6veli a versenyk\u00e9pess\u00e9get.<\/p>\n\n\n\n<p>Kelet-Magyarorsz\u00e1gon k\u00fcl\u00f6n\u00f6sen fontos a logisztikai c\u00e9gek jelenl\u00e9te olyan ipar\u00e1gak t\u00e1mogat\u00e1s\u00e1ban, mint az aut\u00f3ipar, az \u00e9lelmiszer-feldolgoz\u00e1s vagy a mez\u0151gazdas\u00e1g. Ezek a szektorok nagy mennyis\u00e9g\u0171 \u00e1rut mozgatnak nap mint nap, amelyhez n\u00e9lk\u00fcl\u00f6zhetetlen a j\u00f3l szervezett logisztikai h\u00e1tt\u00e9r. A helyi gazdas\u00e1g dinamizmus\u00e1t tov\u00e1bb fokozza, hogy ezek a c\u00e9gek nemcsak sz\u00e1ll\u00edtm\u00e1nyoz\u00e1si szolg\u00e1ltat\u00e1sokat ny\u00fajtanak, hanem komplex megold\u00e1sokat k\u00edn\u00e1lnak, p\u00e9ld\u00e1ul rakt\u00e1roz\u00e1st, v\u00e1mkezel\u00e9st \u00e9s modern technol\u00f3gi\u00e1kra \u00e9p\u00fcl\u0151 logisztikai rendszerek ki\u00e9p\u00edt\u00e9s\u00e9t is.<\/p>\n\n\n\n<p><\/p>\n\n\n\n<figure class=\"wp-block-image size-full is-resized\"><img decoding=\"async\" width=\"600\" height=\"400\" src=\"https:\/\/ghibli.hu\/wp-content\/uploads\/2024\/12\/logisztikai-cegek-kep03.jpg\" alt=\"\" class=\"wp-image-7305\" style=\"width:1130px;height:auto\" title=\"\" srcset=\"https:\/\/ghibli.hu\/wp-content\/uploads\/2024\/12\/logisztikai-cegek-kep03.jpg 600w, https:\/\/ghibli.hu\/wp-content\/uploads\/2024\/12\/logisztikai-cegek-kep03-300x200.jpg 300w\" sizes=\"(max-width: 600px) 100vw, 600px\" \/><figcaption><\/figcaption><\/figure>\n\n\n\n<p><\/p>\n\n\n\n<h3 class=\"wp-block-heading\"><strong>Kelet-Magyarorsz\u00e1g el\u0151nyei a logisztikai c\u00e9gek sz\u00e1m\u00e1ra<\/strong><\/h3>\n\n\n\n<p>Kelet-Magyarorsz\u00e1g sz\u00e1mos el\u0151nnyel szolg\u00e1l a logisztikai c\u00e9gek sz\u00e1m\u00e1ra, amelyek hozz\u00e1j\u00e1rulnak a szektor dinamikus fejl\u0151d\u00e9s\u00e9hez. A t\u00e9rs\u00e9g egyik legfontosabb vonzereje a f\u00f6ldrajzi elhelyezked\u00e9se: k\u00f6zel tal\u00e1lhat\u00f3 a szomsz\u00e9dos orsz\u00e1gok hat\u00e1raihoz, \u00edgy ide\u00e1lis csom\u00f3pontot jelent a nemzetk\u00f6zi \u00e1ruforgalom sz\u00e1m\u00e1ra. Az olyan hat\u00e1r\u00e1tkel\u0151k, mint <a href=\"https:\/\/hu.wikipedia.org\/wiki\/Z%C3%A1hony\" target=\"_blank\" rel=\"noopener\">Z\u00e1hony<\/a> vagy \u00c1rt\u00e1nd, lehet\u0151v\u00e9 teszik, hogy a logisztikai c\u00e9gek gyorsan \u00e9s hat\u00e9konyan kapcsol\u00f3djanak be a kelet-nyugati kereskedelmi \u00fatvonalakba.<\/p>\n\n\n\n<p>Az infrastruktur\u00e1lis fejleszt\u00e9sek szint\u00e9n kulcsszerepet j\u00e1tszanak a r\u00e9gi\u00f3 logisztikai vonzerej\u00e9nek n\u00f6vel\u00e9s\u00e9ben. Az \u00faj aut\u00f3p\u00e1ly\u00e1k, gyorsforgalmi utak \u00e9s vas\u00fati h\u00e1l\u00f3zatok fejleszt\u00e9se lehet\u0151v\u00e9 teszi az \u00e1rusz\u00e1ll\u00edt\u00e1s gyorsabb \u00e9s megb\u00edzhat\u00f3bb lebonyol\u00edt\u00e1s\u00e1t. Ezen k\u00edv\u00fcl a logisztikai c\u00e9gek sz\u00e1m\u00e1ra k\u00fcl\u00f6n\u00f6sen \u00e9rt\u00e9kesek a korm\u00e1nyzati t\u00e1mogat\u00e1sok \u00e9s a p\u00e1ly\u00e1zati forr\u00e1sok, amelyek \u00f6szt\u00f6nzik az \u00faj beruh\u00e1z\u00e1sokat \u00e9s a modern technol\u00f3gi\u00e1k bevezet\u00e9s\u00e9t. Az ipari parkok \u00e9s <a href=\"https:\/\/ghibli.hu\/blog\/raktarberles-debrecenben-a-ghibli-kft-logisztikai-megoldasai\/\">logisztikai k\u00f6zpontok<\/a> megjelen\u00e9se szint\u00e9n megk\u00f6nny\u00edti a c\u00e9gek m\u0171k\u00f6d\u00e9s\u00e9t, hiszen ezek a l\u00e9tes\u00edtm\u00e9nyek ide\u00e1lis helysz\u00edneket biztos\u00edtanak a rakt\u00e1roz\u00e1shoz, az \u00e1rukezel\u00e9shez \u00e9s az adminisztrat\u00edv feladatok ell\u00e1t\u00e1s\u00e1hoz.<\/p>\n\n\n\n<p>Kelet-Magyarorsz\u00e1g el\u0151nyei k\u00f6z\u00e9 tartozik az is, hogy a logisztikai c\u00e9gek k\u00f6nnyed\u00e9n tal\u00e1lnak k\u00e9pzett munkaer\u0151t a t\u00e9rs\u00e9gben. A helyi szakk\u00e9pz\u0151 int\u00e9zm\u00e9nyek \u00e9s egyetemek logisztikai \u00e9s sz\u00e1ll\u00edtm\u00e1nyoz\u00e1si k\u00e9pz\u00e9seket k\u00edn\u00e1lnak, \u00edgy biztos\u00edtva a szektor sz\u00e1m\u00e1ra az ut\u00e1np\u00f3tl\u00e1st. Mindezek az el\u0151ny\u00f6k egy\u00fcttesen teszik Kelet-Magyarorsz\u00e1got a logisztikai c\u00e9gek sz\u00e1m\u00e1ra vonz\u00f3 c\u00e9lpontt\u00e1.<\/p>\n\n\n\n<h3 class=\"wp-block-heading\"><strong>Munkahely teremt\u00e9s \u00e9s t\u00e1rsadalmi hat\u00e1sok<\/strong><\/h3>\n\n\n\n<p>A logisztikai c\u00e9gek egyik legjelent\u0151sebb t\u00e1rsadalmi hat\u00e1sa a munkahelyteremt\u00e9s. Kelet-Magyarorsz\u00e1gon, ahol a foglalkoztat\u00e1si lehet\u0151s\u00e9gek korl\u00e1tozottabbak, a logisztikai szektor kiemelked\u0151 szerepet j\u00e1tszik a helyi k\u00f6z\u00f6ss\u00e9gek gazdas\u00e1gi meger\u0151s\u00edt\u00e9s\u00e9ben. A logisztikai v\u00e1llalatok \u00e1ltal k\u00edn\u00e1lt \u00e1ll\u00e1sok soksz\u00edn\u0171ek. A rakt\u00e1ri munk\u00e1t\u00f3l kezdve a g\u00e9pj\u00e1rm\u0171vezet\u0151i poz\u00edci\u00f3kon \u00e1t eg\u00e9szen az adminisztr\u00e1ci\u00f3s \u00e9s vezet\u0151i feladatokig. Ez nemcsak az alacsonyabb k\u00e9pzetts\u00e9g\u0171 munkav\u00e1llal\u00f3knak ny\u00fajt lehet\u0151s\u00e9geket, hanem a magasan k\u00e9pzett szakemberek sz\u00e1m\u00e1ra is vonz\u00f3 karrierutakat k\u00edn\u00e1l.<\/p>\n\n\n\n<p>A munkahelyek l\u00e9trehoz\u00e1s\u00e1n t\u00fal a logisztikai c\u00e9gek hozz\u00e1j\u00e1rulnak a helyi gazdas\u00e1g \u00e9l\u00e9nk\u00edt\u00e9s\u00e9hez is. Az itt dolgoz\u00f3 emberek keresetei a r\u00e9gi\u00f3 gazdas\u00e1g\u00e1ba \u00e1ramlanak vissza, ami a helyi v\u00e1llalkoz\u00e1sok sz\u00e1m\u00e1ra is tov\u00e1bbi lehet\u0151s\u00e9geket teremt. Emellett a fiatalok sz\u00e1m\u00e1ra is perspekt\u00edv\u00e1t ny\u00fajtanak. A modern logisztikai rendszerekhez sz\u00fcks\u00e9ges digit\u00e1lis \u00e9s technol\u00f3giai tud\u00e1s ir\u00e1nti kereslet egyre n\u0151. Ez seg\u00edthet a fiatalok megtart\u00e1s\u00e1ban, cs\u00f6kkentve a r\u00e9gi\u00f3b\u00f3l val\u00f3 elv\u00e1ndorl\u00e1st.<\/p>\n\n\n\n<p><\/p>\n\n\n\n<figure class=\"wp-block-image size-full is-resized\"><img decoding=\"async\" width=\"600\" height=\"400\" src=\"https:\/\/ghibli.hu\/wp-content\/uploads\/2024\/12\/logisztikai-cegek-kep01.jpg\" alt=\"\" class=\"wp-image-7307\" style=\"width:1130px;height:auto\" title=\"\" srcset=\"https:\/\/ghibli.hu\/wp-content\/uploads\/2024\/12\/logisztikai-cegek-kep01.jpg 600w, https:\/\/ghibli.hu\/wp-content\/uploads\/2024\/12\/logisztikai-cegek-kep01-300x200.jpg 300w\" sizes=\"(max-width: 600px) 100vw, 600px\" \/><figcaption><\/figcaption><\/figure>\n\n\n\n<p><\/p>\n\n\n\n<p>T\u00e1rsadalmi szempontb\u00f3l a logisztikai c\u00e9gek jelenl\u00e9te hozz\u00e1j\u00e1rul a k\u00f6z\u00f6ss\u00e9gek fejl\u0151d\u00e9s\u00e9hez. Az infrastrukt\u00fara fejleszt\u00e9se, az ipari parkok ki\u00e9p\u00edt\u00e9se \u00e9s a logisztikai k\u00f6zpontok l\u00e9trehoz\u00e1sa a helyi lakosok \u00e9letmin\u0151s\u00e9g\u00e9re is pozit\u00edv hat\u00e1ssal van. Ezen t\u00falmen\u0151en a logisztikai c\u00e9gek gyakran r\u00e9szt vesznek k\u00f6z\u00f6ss\u00e9gi programokban \u00e9s szponzor\u00e1lj\u00e1k a helyi kezdem\u00e9nyez\u00e9seket, er\u0151s\u00edtve ezzel t\u00e1rsadalmi szerepv\u00e1llal\u00e1sukat.<\/p>\n\n\n\n<h3 class=\"wp-block-heading\"><strong>J\u00f6v\u0151beli kil\u00e1t\u00e1sok \u00e9s fejleszt\u00e9si lehet\u0151s\u00e9gek<\/strong><\/h3>\n\n\n\n<p>Kelet-Magyarorsz\u00e1g logisztikai szektora el\u0151tt sz\u00e1mos \u00edg\u00e9retes fejl\u0151d\u00e9si lehet\u0151s\u00e9g \u00e1ll, amelyeket a modern technol\u00f3gi\u00e1k \u00e9s a n\u00f6vekv\u0151 piaci ig\u00e9nyek is t\u00e1mogatnak. Az automatiz\u00e1ci\u00f3 \u00e9s a digitaliz\u00e1ci\u00f3 rohamos fejl\u0151d\u00e9se alapjaiban alak\u00edtja \u00e1t a logisztikai c\u00e9gek m\u0171k\u00f6d\u00e9s\u00e9t. Az intelligens rakt\u00e1roz\u00e1si rendszerek, az \u00f6nvezet\u0151 j\u00e1rm\u0171vek, valamint a mesters\u00e9ges intelligenci\u00e1ra \u00e9p\u00fcl\u0151 sz\u00e1ll\u00edtm\u00e1nyoz\u00e1si megold\u00e1sok nemcsak hat\u00e9konyabb\u00e1, hanem gazdas\u00e1gosabb\u00e1 is tehetik a c\u00e9gek m\u0171k\u00f6d\u00e9s\u00e9t.<\/p>\n\n\n\n<p>A r\u00e9gi\u00f3 j\u00f6v\u0151je szempontj\u00e1b\u00f3l kulcsfontoss\u00e1g\u00fa a megl\u00e9v\u0151 infrastrukt\u00fara tov\u00e1bbi fejleszt\u00e9se. Az \u00faj aut\u00f3p\u00e1ly\u00e1k \u00e9s vas\u00fati \u00f6sszek\u00f6ttet\u00e9sek \u00e9p\u00edt\u00e9se nemcsak a helyi, hanem a nemzetk\u00f6zi \u00e1rusz\u00e1ll\u00edt\u00e1s szempontj\u00e1b\u00f3l is elengedhetetlen. Ugyanakkor a logisztikai c\u00e9geknek fontos feladata, hogy kihaszn\u00e1lj\u00e1k az okos technol\u00f3gi\u00e1k \u00e1ltal k\u00edn\u00e1lt lehet\u0151s\u00e9geke. P\u00e9ld\u00e1ul az adatvez\u00e9relt d\u00f6nt\u00e9shozatalt, amely n\u00f6veli a hat\u00e9konys\u00e1got \u00e9s cs\u00f6kkenti a k\u00f6lts\u00e9geket.<\/p>\n\n\n\n<p>A fenntarthat\u00f3s\u00e1g is egyre nagyobb szerepet kap a j\u00f6v\u0151ben. A k\u00f6rnyezetbar\u00e1t technol\u00f3gi\u00e1kba val\u00f3 beruh\u00e1z\u00e1s nemcsak a c\u00e9gek hossz\u00fa t\u00e1v\u00fa m\u0171k\u00f6d\u00e9s\u00e9t seg\u00edti el\u0151, hanem fontos szerepet j\u00e1tszik abban is, hogy Kelet-Magyarorsz\u00e1g z\u00f6ld gazdas\u00e1gi k\u00f6zpontt\u00e1 v\u00e1ljon. A z\u00f6ld logisztikai innov\u00e1ci\u00f3k, mint p\u00e9ld\u00e1ul a meg\u00fajul\u00f3 energi\u00e1k haszn\u00e1lata vagy a kibocs\u00e1t\u00e1scs\u00f6kkent\u00e9si strat\u00e9gi\u00e1k, nemcsak a v\u00e1llalatok versenyk\u00e9pess\u00e9g\u00e9t n\u00f6velik, hanem hozz\u00e1j\u00e1rulnak a r\u00e9gi\u00f3 fenntarthat\u00f3 fejl\u0151d\u00e9s\u00e9hez is.<\/p>\n\n\n\n<p>Tov\u00e1bb\u00e1, Kelet-Magyarorsz\u00e1g sz\u00e1m\u00e1ra fontos c\u00e9l lehet \u00faj ipar\u00e1gak \u00e9s befektet\u0151k bevonz\u00e1sa, amelyek kihaszn\u00e1lhatj\u00e1k a t\u00e9rs\u00e9g kiv\u00e1l\u00f3 logisztikai adotts\u00e1gait. Az ilyen jelleg\u0171 fejleszt\u00e9sek nemcsak a gazdas\u00e1gi n\u00f6veked\u00e9st \u00f6szt\u00f6nzik, hanem tov\u00e1bbi munkahelyeket \u00e9s innov\u00e1ci\u00f3s lehet\u0151s\u00e9geket is teremtenek. A logisztikai c\u00e9gek teh\u00e1t nemcsak a jelen gazdas\u00e1g\u00e1nak pill\u00e9rei, hanem a j\u00f6v\u0151beli fejl\u0151d\u00e9s motorjai is lehetnek a t\u00e9rs\u00e9gben.<\/p>\n\n\n\n<p><\/p>\n\n\n\n<figure class=\"wp-block-image size-full is-resized\"><img decoding=\"async\" width=\"600\" height=\"400\" src=\"https:\/\/ghibli.hu\/wp-content\/uploads\/2024\/12\/logisztikai-cegek-kep02.jpg\" alt=\"\" class=\"wp-image-7306\" style=\"width:1130px;height:auto\" title=\"\" srcset=\"https:\/\/ghibli.hu\/wp-content\/uploads\/2024\/12\/logisztikai-cegek-kep02.jpg 600w, https:\/\/ghibli.hu\/wp-content\/uploads\/2024\/12\/logisztikai-cegek-kep02-300x200.jpg 300w\" sizes=\"(max-width: 600px) 100vw, 600px\" \/><figcaption><\/figcaption><\/figure>\n\n\n\n<p><\/p>\n\n\n\n<p>Kelet-Magyarorsz\u00e1g gazdas\u00e1gi fejl\u0151d\u00e9s\u00e9ben a logisztikai c\u00e9gek kulcsszerepet j\u00e1tszanak. A r\u00e9gi\u00f3 f\u00f6ldrajzi elhelyezked\u00e9se, infrastruktur\u00e1lis fejleszt\u00e9sei \u00e9s a helyi munkaer\u0151 rendelkez\u00e9sre \u00e1ll\u00e1sa mind hozz\u00e1j\u00e1rulnak ahhoz, hogy a logisztikai szektor dinamikusan n\u00f6vekedjen, \u00e9s er\u0151s\u00edtse a t\u00e9rs\u00e9g versenyk\u00e9pess\u00e9g\u00e9t. Ezek a v\u00e1llalatok nemcsak az \u00e1rusz\u00e1ll\u00edt\u00e1s hat\u00e9konys\u00e1g\u00e1t n\u00f6velik, hanem jelent\u0151s t\u00e1rsadalmi hat\u00e1st is gyakorolnak munkahelyteremt\u00e9s, technol\u00f3giai innov\u00e1ci\u00f3 \u00e9s fenntarthat\u00f3 m\u0171k\u00f6d\u00e9s r\u00e9v\u00e9n.<\/p>\n\n\n\n<p>A logisztikai szektor j\u00f6v\u0151j\u00e9t a modern technol\u00f3gi\u00e1k \u00e9s a fenntarthat\u00f3s\u00e1gi szempontok hat\u00e1rozz\u00e1k meg. Ezek m\u00e9g ink\u00e1bb el\u0151t\u00e9rbe helyezik a r\u00e9gi\u00f3 lehet\u0151s\u00e9geit. A z\u00f6ld logisztikai megold\u00e1sok, a digitaliz\u00e1ci\u00f3 \u00e9s az \u00faj ipar\u00e1gak bevonz\u00e1sa mind hozz\u00e1j\u00e1rulhatnak ahhoz, hogy Kelet-Magyarorsz\u00e1g m\u00e9g ink\u00e1bb k\u00f6zponti szerepet t\u00f6lts\u00f6n be a hazai \u00e9s nemzetk\u00f6zi \u00e1ruforgalomban.<\/p>\n\n\n\n<p>Ez\u00e9rt k\u00fcl\u00f6n\u00f6sen fontos, hogy a logisztikai c\u00e9gek \u00e9s a helyi k\u00f6z\u00f6ss\u00e9gek tov\u00e1bbra is egy\u00fcttm\u0171k\u00f6djenek a r\u00e9gi\u00f3 fejleszt\u00e9s\u00e9ben. Az itt rejl\u0151 lehet\u0151s\u00e9gek kiakn\u00e1z\u00e1s\u00e1val Kelet-Magyarorsz\u00e1g nemcsak a gazdas\u00e1gi n\u00f6veked\u00e9s egyik motorja lehet, hanem p\u00e9ld\u00e1t mutathat a fenntarthat\u00f3 \u00e9s innovat\u00edv logisztikai megold\u00e1sok ter\u00e9n is.<\/p>\n\n\n\n<p><\/p>\n\n\n\n<p><\/p>\n","protected":false},"excerpt":{"rendered":"<p>Kelet-Magyarorsz\u00e1g gazdas\u00e1gi fejl\u0151d\u00e9se az ut\u00f3bbi \u00e9vekben jelent\u0151s lend\u00fcletet kapott, amelyben kiemelked\u0151 szerepet j\u00e1tszanak a t\u00e9rs\u00e9gben m\u0171k\u00f6d\u0151 logisztikai c\u00e9gek. A r\u00e9gi\u00f3 f\u00f6ldrajzi elhelyezked\u00e9se, hat\u00e1r menti kapcsolatai \u00e9s folyamatosan fejl\u0151d\u0151 infrastrukt\u00far\u00e1ja egyed\u00fcl\u00e1ll\u00f3 lehet\u0151s\u00e9geket k\u00edn\u00e1l a logisztikai szektor sz\u00e1m\u00e1ra. Az \u00e1rusz\u00e1ll\u00edt\u00e1s, rakt\u00e1roz\u00e1s \u00e9s disztrib\u00faci\u00f3 optimaliz\u00e1l\u00e1s\u00e1val ezek a v\u00e1llalatok nem csup\u00e1n a helyi gazdas\u00e1got er\u0151s\u00edtik, hanem hozz\u00e1j\u00e1rulnak Kelet-Magyarorsz\u00e1g nemzetk\u00f6zi&#8230;<\/p>\n","protected":false},"author":2,"featured_media":7304,"comment_status":"closed","ping_status":"closed","sticky":false,"template":"","format":"standard","meta":{"_acf_changed":false,"footnotes":""},"categories":[40],"tags":[46,44,76,82],"class_list":["post-7302","post","type-post","status-publish","format-standard","has-post-thumbnail","hentry","category-blog","tag-aruszallitas","tag-logisztikai-szolgaltatas","tag-nemzetkozi-szallitmanyozas","tag-vasuti-szallitmanyozas"],"acf":[],"_links":{"self":[{"href":"https:\/\/ghibli.hu\/en\/wp-json\/wp\/v2\/posts\/7302","targetHints":{"allow":["GET"]}}],"collection":[{"href":"https:\/\/ghibli.hu\/en\/wp-json\/wp\/v2\/posts"}],"about":[{"href":"https:\/\/ghibli.hu\/en\/wp-json\/wp\/v2\/types\/post"}],"author":[{"embeddable":true,"href":"https:\/\/ghibli.hu\/en\/wp-json\/wp\/v2\/users\/2"}],"replies":[{"embeddable":true,"href":"https:\/\/ghibli.hu\/en\/wp-json\/wp\/v2\/comments?post=7302"}],"version-history":[{"count":0,"href":"https:\/\/ghibli.hu\/en\/wp-json\/wp\/v2\/posts\/7302\/revisions"}],"wp:featuredmedia":[{"embeddable":true,"href":"https:\/\/ghibli.hu\/en\/wp-json\/wp\/v2\/media\/7304"}],"wp:attachment":[{"href":"https:\/\/ghibli.hu\/en\/wp-json\/wp\/v2\/media?parent=7302"}],"wp:term":[{"taxonomy":"category","embeddable":true,"href":"https:\/\/ghibli.hu\/en\/wp-json\/wp\/v2\/categories?post=7302"},{"taxonomy":"post_tag","embeddable":true,"href":"https:\/\/ghibli.hu\/en\/wp-json\/wp\/v2\/tags?post=7302"}],"curies":[{"name":"wp","href":"https:\/\/api.w.org\/{rel}","templated":true}]}}