{"id":7329,"date":"2024-12-15T14:51:00","date_gmt":"2024-12-15T13:51:00","guid":{"rendered":"https:\/\/ghibli.hu\/?p=7329"},"modified":"2024-12-15T14:51:00","modified_gmt":"2024-12-15T13:51:00","slug":"az-adr-osztalyok-szerepe-veszelyes-aruk-fuvarozasakor","status":"publish","type":"post","link":"https:\/\/ghibli.hu\/en\/blog\/az-adr-osztalyok-szerepe-veszelyes-aruk-fuvarozasakor\/","title":{"rendered":"Az ADR oszt\u00e1lyok szerepe vesz\u00e9lyes \u00e1ruk fuvaroz\u00e1sakor"},"content":{"rendered":"\n<p>A vesz\u00e9lyes \u00e1ruk <a href=\"https:\/\/ghibli.hu\/blog\/a-kozuti-szallitmanyozas-kihivasai\/\">k\u00f6z\u00fati sz\u00e1ll\u00edt\u00e1sa<\/a> k\u00fcl\u00f6n\u00f6s figyelmet \u00e9s szak\u00e9rtelmet ig\u00e9nyel, hiszen egy esetleges baleset sor\u00e1n nem csak a k\u00f6zvetlen r\u00e9sztvev\u0151k, de a k\u00f6rnyezet \u00e9s a lakoss\u00e1g is vesz\u00e9lybe ker\u00fclhet. A biztons\u00e1gos sz\u00e1ll\u00edt\u00e1s alapj\u00e1t az ADR oszt\u00e1lyok megfelel\u0151 ismerete \u00e9s alkalmaz\u00e1sa jelenti, amely seg\u00edt a vesz\u00e9lyes anyagok pontos kategoriz\u00e1l\u00e1s\u00e1ban \u00e9s a sz\u00fcks\u00e9ges \u00f3vint\u00e9zked\u00e9sek meghat\u00e1roz\u00e1s\u00e1ban. A nemzetk\u00f6zi el\u0151\u00edr\u00e1sok szigor\u00fa betart\u00e1sa nem csak jogszab\u00e1lyi k\u00f6telezetts\u00e9g, hanem egyben garancia is arra, hogy a vesz\u00e9lyes \u00e1ruk sz\u00e1ll\u00edt\u00e1sa a lehet\u0151 legbiztons\u00e1gosabb m\u00f3don t\u00f6rt\u00e9njen. A sz\u00e1ll\u00edtm\u00e1nyoz\u00f3 c\u00e9gek, sof\u0151r\u00f6k \u00e9s biztons\u00e1gi tan\u00e1csad\u00f3k sz\u00e1m\u00e1ra elengedhetetlen ezen szab\u00e1lyoz\u00e1sok naprak\u00e9sz ismerete, hiszen munk\u00e1juk sor\u00e1n nap mint nap tal\u00e1lkoznak a k\u00fcl\u00f6nb\u00f6z\u0151 vesz\u00e9lyess\u00e9gi oszt\u00e1lyokba sorolt anyagokkal.<\/p>\n\n\n\n<h3 class=\"wp-block-heading\"><strong>Az ADR rendszer l\u00e9trej\u00f6tte<\/strong><\/h3>\n\n\n\n<p>Az ADR oszt\u00e1lyok rendszere hossz\u00fa fejl\u0151d\u00e9s eredm\u00e9nyek\u00e9nt j\u00f6tt l\u00e9tre. A vesz\u00e9lyes \u00e1ruk nemzetk\u00f6zi k\u00f6z\u00fati sz\u00e1ll\u00edt\u00e1s\u00e1r\u00f3l sz\u00f3l\u00f3 eur\u00f3pai meg\u00e1llapod\u00e1st (ADR) 1957-ben \u00edrt\u00e1k al\u00e1 Genfben, az ENSZ Eur\u00f3pai Gazdas\u00e1gi Bizotts\u00e1g\u00e1nak \u00e9gisze alatt. A szab\u00e1lyoz\u00e1s megsz\u00fclet\u00e9s\u00e9t t\u00f6bb s\u00falyos k\u00f6z\u00fati baleset is s\u00fcrgette, amelyek r\u00e1vil\u00e1g\u00edtottak a egys\u00e9ges biztons\u00e1gi el\u0151\u00edr\u00e1sok sz\u00fcks\u00e9gess\u00e9g\u00e9re. Az \u00e9vtizedek sor\u00e1n a rendszer folyamatosan fejl\u0151d\u00f6tt \u00e9s finomodott, reag\u00e1lva az \u00faj kih\u00edv\u00e1sokra \u00e9s technol\u00f3giai v\u00e1ltoz\u00e1sokra. Az eredetileg eur\u00f3pai szabv\u00e1nyk\u00e9nt indul\u00f3 rendszer m\u00e1ra glob\u00e1lis hat\u00e1ssal b\u00edr, hiszen sz\u00e1mos Eur\u00f3p\u00e1n k\u00edv\u00fcli orsz\u00e1g is \u00e1tvette vagy adapt\u00e1lta az ADR el\u0151\u00edr\u00e1sait. A jogszab\u00e1ly k\u00e9t\u00e9vente friss\u00fcl, biztos\u00edtva ezzel a naprak\u00e9sz \u00e9s hat\u00e9kony szab\u00e1lyoz\u00e1st a vesz\u00e9lyes \u00e1ruk fuvaroz\u00e1s\u00e1ban.<\/p>\n\n\n\n<h3 class=\"wp-block-heading\"><strong>Az ADR oszt\u00e1lyok alapjai<\/strong><\/h3>\n\n\n\n<p>A vesz\u00e9lyes anyagok sz\u00e1ll\u00edt\u00e1s\u00e1nak biztons\u00e1gos lebonyol\u00edt\u00e1s\u00e1t az ADR oszt\u00e1lyok j\u00f3l \u00e1tgondolt rendszere teszi lehet\u0151v\u00e9. A szab\u00e1lyoz\u00e1s 9 f\u0151 vesz\u00e9lyess\u00e9gi oszt\u00e1lyt k\u00fcl\u00f6nb\u00f6ztet meg, amelyek mindegyike specifikus kock\u00e1zati t\u00e9nyez\u0151ket \u00e9s kezel\u00e9si el\u0151\u00edr\u00e1sokat tartalmaz. Az oszt\u00e1lyoz\u00e1si rendszer figyelembe veszi az anyagok fizikai \u00e9s k\u00e9miai tulajdons\u00e1gait, valamint a sz\u00e1ll\u00edt\u00e1s sor\u00e1n jelentkez\u0151 potenci\u00e1lis vesz\u00e9lyeket. A besorol\u00e1s nem csak az els\u0151dleges, hanem a m\u00e1sodlagos vesz\u00e9lyeket is figyelembe veszi, hiszen egy anyag gyakran t\u00f6bb t\u00edpus\u00fa kock\u00e1zatot is hordozhat. A rendszer rugalmass\u00e1ga lehet\u0151v\u00e9 teszi az \u00faj, kor\u00e1bban nem szab\u00e1lyozott anyagok megfelel\u0151 kategoriz\u00e1l\u00e1s\u00e1t is, ami k\u00fcl\u00f6n\u00f6sen fontos a folyamatosan fejl\u0151d\u0151 vegyipar \u00e9s gy\u00f3gyszeripar ter\u00fclet\u00e9n.<\/p>\n\n\n\n<figure class=\"wp-block-image size-full is-resized\"><img decoding=\"async\" width=\"600\" height=\"400\" src=\"https:\/\/ghibli.hu\/wp-content\/uploads\/2024\/12\/adr-osztalyok-kamion.jpg\" alt=\"\" class=\"wp-image-7332\" style=\"width:874px;height:auto\" title=\"\" srcset=\"https:\/\/ghibli.hu\/wp-content\/uploads\/2024\/12\/adr-osztalyok-kamion.jpg 600w, https:\/\/ghibli.hu\/wp-content\/uploads\/2024\/12\/adr-osztalyok-kamion-300x200.jpg 300w\" sizes=\"(max-width: 600px) 100vw, 600px\" \/><figcaption><\/figcaption><\/figure>\n\n\n\n<p><\/p>\n\n\n\n<h2 class=\"wp-block-heading\"><strong>R\u00e9szletes oszt\u00e1lybesorol\u00e1s I.<\/strong><\/h2>\n\n\n\n<p>Az ADR oszt\u00e1lyok els\u0151 h\u00e1rom kateg\u00f3ri\u00e1ja a leggyakrabban sz\u00e1ll\u00edtott vesz\u00e9lyes anyagokat foglalja mag\u00e1ban. Az 1. oszt\u00e1lyba tartoznak a robban\u00f3anyagok \u00e9s pirotechnikai term\u00e9kek, amelyek sz\u00e1ll\u00edt\u00e1sa k\u00fcl\u00f6n\u00f6sen szigor\u00fa el\u0151\u00edr\u00e1sokhoz k\u00f6t\u00f6tt. Itt tal\u00e1lhat\u00f3k p\u00e9ld\u00e1ul a t\u0171zij\u00e1t\u00e9kok, ipari robban\u00f3szerek \u00e9s a l\u0151szerek. A 2. oszt\u00e1ly a g\u00e1zokat foglalja mag\u00e1ban, bele\u00e9rtve a s\u0171r\u00edtett, cseppfoly\u00f3s\u00edtott \u00e9s nyom\u00e1s alatt oldott g\u00e1zokat. Ide tartoznak p\u00e9ld\u00e1ul az ipari g\u00e1zok, mint az oxig\u00e9n vagy a prop\u00e1n-but\u00e1n. A 3. oszt\u00e1ly a gy\u00fal\u00e9kony foly\u00e9kony anyagokat tartalmazza, mint p\u00e9ld\u00e1ul a benzin, kerozin vagy k\u00fcl\u00f6nb\u00f6z\u0151 old\u00f3szerek. Mindh\u00e1rom oszt\u00e1ly eset\u00e9ben kulcsfontoss\u00e1g\u00fa a megfelel\u0151 csomagol\u00e1s, jel\u00f6l\u00e9s \u00e9s a sz\u00e1ll\u00edt\u00e1si k\u00f6r\u00fclm\u00e9nyek szigor\u00fa betart\u00e1sa.<\/p>\n\n\n\n<h2 class=\"wp-block-heading\"><strong>R\u00e9szletes oszt\u00e1lybesorol\u00e1s II.<\/strong><\/h2>\n\n\n\n<p>A k\u00f6vetkez\u0151 h\u00e1rom ADR oszt\u00e1lyok tov\u00e1bbi kritikus vesz\u00e9lyes anyagcsoportokat fednek le. A 4. oszt\u00e1lyba tartoznak a gy\u00fal\u00e9kony szil\u00e1rd anyagok, az \u00f6ngyullad\u00e1sra hajlamos anyagok, valamint a v\u00edzzel \u00e9rintkezve gy\u00fal\u00e9kony g\u00e1zokat fejleszt\u0151 anyagok, mint p\u00e9ld\u00e1ul a f\u00e9mporok vagy a karbid. Az 5. oszt\u00e1ly az oxid\u00e1l\u00f3 anyagokat \u00e9s szerves peroxidokat foglalja mag\u00e1ban, amelyek k\u00fcl\u00f6n\u00f6sen reakt\u00edvak lehetnek m\u00e1s anyagokkal \u00e9rintkezve. A 6. oszt\u00e1lyba tartoznak a m\u00e9rgez\u0151 \u00e9s fert\u0151z\u0151 anyagok, bele\u00e9rtve a k\u00fcl\u00f6nb\u00f6z\u0151 vegyszereket, n\u00f6v\u00e9nyv\u00e9d\u0151 szereket \u00e9s a biol\u00f3giai kock\u00e1zatot jelent\u0151 anyagokat. Ezen oszt\u00e1lyok mindegyik\u00e9n\u00e9l kiemelt jelent\u0151s\u00e9g\u0171 a sz\u00e1ll\u00edt\u00f3j\u00e1rm\u0171vek megfelel\u0151 felszerel\u00e9se \u00e9s a szem\u00e9lyzet speci\u00e1lis k\u00e9pz\u00e9se.<\/p>\n\n\n\n<figure class=\"wp-block-image size-full is-resized\"><img decoding=\"async\" width=\"600\" height=\"400\" src=\"https:\/\/ghibli.hu\/wp-content\/uploads\/2024\/12\/adr-osztalyok-jelzes.jpg\" alt=\"\" class=\"wp-image-7334\" style=\"width:874px;height:auto\" title=\"\" srcset=\"https:\/\/ghibli.hu\/wp-content\/uploads\/2024\/12\/adr-osztalyok-jelzes.jpg 600w, https:\/\/ghibli.hu\/wp-content\/uploads\/2024\/12\/adr-osztalyok-jelzes-300x200.jpg 300w\" sizes=\"(max-width: 600px) 100vw, 600px\" \/><figcaption><\/figcaption><\/figure>\n\n\n\n<p><\/p>\n\n\n\n<h2 class=\"wp-block-heading\"><strong>R\u00e9szletes oszt\u00e1lybesorol\u00e1s III.<\/strong><\/h2>\n\n\n\n<p>Az utols\u00f3 h\u00e1rom ADR oszt\u00e1lyok a speci\u00e1lis kezel\u00e9st ig\u00e9nyl\u0151 anyagokat tartalmazz\u00e1k. A 7. oszt\u00e1lyba tartozik minden <a href=\"https:\/\/www.elftsv.hu\/svonline\/docs\/kulonsz\/2019sv\/1_2_7_KaS.pdf\" target=\"_blank\" rel=\"noopener\">radioakt\u00edv anyag<\/a>, amelyek sz\u00e1ll\u00edt\u00e1sa k\u00fcl\u00f6nleges enged\u00e9lyekhez \u00e9s rendk\u00edv\u00fcl szigor\u00fa biztons\u00e1gi el\u0151\u00edr\u00e1sokhoz k\u00f6t\u00f6tt. Ide tartoznak az orvosi \u00e9s ipari c\u00e9l\u00fa izot\u00f3pok, valamint a nukle\u00e1ris f\u0171t\u0151elemek. A 8. oszt\u00e1ly a mar\u00f3 anyagokat foglalja mag\u00e1ban, mint p\u00e9ld\u00e1ul a savak \u00e9s l\u00fagok, amelyek k\u00fcl\u00f6nleges csomagol\u00e1st \u00e9s sz\u00e1ll\u00edt\u00e1si felt\u00e9teleket ig\u00e9nyelnek. A 9. oszt\u00e1ly pedig az egy\u00e9b vesz\u00e9lyes anyagokat \u00e9s t\u00e1rgyakat tartalmazza, amelyek az el\u0151z\u0151 oszt\u00e1lyokba nem sorolhat\u00f3k be, de sz\u00e1ll\u00edt\u00e1suk sor\u00e1n k\u00fcl\u00f6n\u00f6s figyelmet ig\u00e9nyelnek. Ide tartoznak p\u00e9ld\u00e1ul a l\u00edtium akkumul\u00e1torok vagy a k\u00f6rnyezetre vesz\u00e9lyes anyagok.<\/p>\n\n\n\n<p><\/p>\n\n\n\n<p>Az ADR oszt\u00e1lyok ismerete \u00e9s alkalmaz\u00e1sa a mindennapi logisztikai gyakorlatban elengedhetetlen. A rendszer nem csup\u00e1n elm\u00e9leti szab\u00e1lyrendszer, hanem a biztons\u00e1gos sz\u00e1ll\u00edt\u00e1s gyakorlati alapja. A j\u00e1rm\u0171vezet\u0151knek folyamatosan k\u00e9pz\u00e9seken kell r\u00e9szt venni\u00fck, hogy naprak\u00e9sz tud\u00e1ssal rendelkezzenek a k\u00fcl\u00f6nb\u00f6z\u0151 vesz\u00e9lyes anyagok kezel\u00e9s\u00e9r\u0151l. A technol\u00f3gia fejl\u0151d\u00e9s\u00e9vel \u00faj kih\u00edv\u00e1sok jelennek meg, p\u00e9ld\u00e1ul az elektromos j\u00e1rm\u0171vek akkumul\u00e1torainak sz\u00e1ll\u00edt\u00e1sa vagy az \u00fajrahasznos\u00edtott vesz\u00e9lyes anyagok kezel\u00e9se. A j\u00f6v\u0151ben v\u00e1rhat\u00f3an tov\u00e1bb szigorodnak az el\u0151\u00edr\u00e1sok, k\u00fcl\u00f6n\u00f6s tekintettel a k\u00f6rnyezetv\u00e9delmi szempontokra. A vesz\u00e9lyes \u00e1ruk sz\u00e1ll\u00edt\u00e1sa \u00edgy tov\u00e1bbra is egy dinamikusan fejl\u0151d\u0151 ter\u00fclet marad, ahol a biztons\u00e1g \u00e9s a hat\u00e9konys\u00e1g egyens\u00faly\u00e1nak megteremt\u00e9se jelenti a legnagyobb kih\u00edv\u00e1st.<\/p>\n\n\n\n<p><\/p>\n","protected":false},"excerpt":{"rendered":"<p>A vesz\u00e9lyes \u00e1ruk k\u00f6z\u00fati sz\u00e1ll\u00edt\u00e1sa k\u00fcl\u00f6n\u00f6s figyelmet \u00e9s szak\u00e9rtelmet ig\u00e9nyel, hiszen egy esetleges baleset sor\u00e1n nem csak a k\u00f6zvetlen r\u00e9sztvev\u0151k, de a k\u00f6rnyezet \u00e9s a lakoss\u00e1g is vesz\u00e9lybe ker\u00fclhet. <\/p>\n","protected":false},"author":2,"featured_media":7335,"comment_status":"closed","ping_status":"closed","sticky":false,"template":"","format":"standard","meta":{"_acf_changed":false,"footnotes":""},"categories":[40],"tags":[87,46,55,50,56,88],"class_list":["post-7329","post","type-post","status-publish","format-standard","has-post-thumbnail","hentry","category-blog","tag-adr","tag-aruszallitas","tag-kozuti-szallitmanyozas","tag-specialis-aruszallitas","tag-szallitmanyozas","tag-veszelyes-aruk"],"acf":[],"_links":{"self":[{"href":"https:\/\/ghibli.hu\/en\/wp-json\/wp\/v2\/posts\/7329","targetHints":{"allow":["GET"]}}],"collection":[{"href":"https:\/\/ghibli.hu\/en\/wp-json\/wp\/v2\/posts"}],"about":[{"href":"https:\/\/ghibli.hu\/en\/wp-json\/wp\/v2\/types\/post"}],"author":[{"embeddable":true,"href":"https:\/\/ghibli.hu\/en\/wp-json\/wp\/v2\/users\/2"}],"replies":[{"embeddable":true,"href":"https:\/\/ghibli.hu\/en\/wp-json\/wp\/v2\/comments?post=7329"}],"version-history":[{"count":0,"href":"https:\/\/ghibli.hu\/en\/wp-json\/wp\/v2\/posts\/7329\/revisions"}],"wp:featuredmedia":[{"embeddable":true,"href":"https:\/\/ghibli.hu\/en\/wp-json\/wp\/v2\/media\/7335"}],"wp:attachment":[{"href":"https:\/\/ghibli.hu\/en\/wp-json\/wp\/v2\/media?parent=7329"}],"wp:term":[{"taxonomy":"category","embeddable":true,"href":"https:\/\/ghibli.hu\/en\/wp-json\/wp\/v2\/categories?post=7329"},{"taxonomy":"post_tag","embeddable":true,"href":"https:\/\/ghibli.hu\/en\/wp-json\/wp\/v2\/tags?post=7329"}],"curies":[{"name":"wp","href":"https:\/\/api.w.org\/{rel}","templated":true}]}}