{"id":7340,"date":"2024-12-23T15:07:09","date_gmt":"2024-12-23T14:07:09","guid":{"rendered":"https:\/\/ghibli.hu\/?p=7340"},"modified":"2024-12-23T15:07:09","modified_gmt":"2024-12-23T14:07:09","slug":"minden-amit-a-cbam-jelenteserol-tudni-erdemes","status":"publish","type":"post","link":"https:\/\/ghibli.hu\/en\/blog\/minden-amit-a-cbam-jelenteserol-tudni-erdemes\/","title":{"rendered":"Minden, amit a CBAM jelent\u00e9s\u00e9r\u0151l tudni \u00e9rdemes"},"content":{"rendered":"\n<p>Az Eur\u00f3pai Uni\u00f3 kl\u00edmav\u00e9delmi t\u00f6rekv\u00e9seinek egyik legjelent\u0151sebb m\u00e9rf\u00f6ldk\u00f6ve a nemr\u00e9giben bevezetett karbon hat\u00e1rkiegyenl\u00edt\u00e9si mechanizmus, amelynek r\u00e9szleteit a CBAM jelent\u00e9s foglalja \u00f6ssze. Ez az \u00fatt\u00f6r\u0151 kezdem\u00e9nyez\u00e9s alapjaiban v\u00e1ltoztatja meg az EU \u00e9s kereskedelmi partnerei k\u00f6z\u00f6tti \u00e1ruforgalom szab\u00e1lyoz\u00e1s\u00e1t, k\u00fcl\u00f6n\u00f6s tekintettel a magas sz\u00e9n-dioxid-kibocs\u00e1t\u00e1ssal j\u00e1r\u00f3 term\u00e9kek importj\u00e1ra. A mechanizmus bevezet\u00e9s\u00e9nek id\u0151z\u00edt\u00e9se nem v\u00e9letlen: az EU 2050-re kit\u0171z\u00f6tt kl\u00edmasemlegess\u00e9gi c\u00e9ljainak el\u00e9r\u00e9se \u00e9rdek\u00e9ben m\u00e1r most hat\u00e1rozott l\u00e9p\u00e9seket kell tenni. A rendszer nemcsak a k\u00f6rnyezetv\u00e9delem szempontj\u00e1b\u00f3l jelent\u0151s, hanem gazdas\u00e1gi szempontb\u00f3l is \u00faj fejezetet nyit az eur\u00f3pai kereskedelemben.<\/p>\n\n\n\n<h3 class=\"wp-block-heading\"><strong>A CBAM m\u0171k\u00f6d\u00e9s\u00e9nek alapjai<\/strong><\/h3>\n\n\n\n<p>A karbon hat\u00e1rkiegyenl\u00edt\u00e9si mechanizmus l\u00e9nyeg\u00e9ben egy olyan kiegyenl\u00edt\u0151 rendszer, amely biztos\u00edtja, hogy az EU-ba import\u00e1lt term\u00e9kek ugyanolyan m\u00e9rt\u00e9k\u0171 sz\u00e9ndioxid-k\u00f6lts\u00e9gekkel szembes\u00fcljenek, mint az EU-ban el\u0151\u00e1ll\u00edtott \u00e1ruk. A CBAM jelent\u00e9s r\u00e9szletesen szab\u00e1lyozza, hogy mely term\u00e9kek tartoznak a rendszer hat\u00e1lya al\u00e1: els\u0151k\u00e9nt olyan karbon-intenz\u00edv \u00e1gazatok term\u00e9kei ker\u00fcltek be, mint a cement, a m\u0171tr\u00e1gya, a vas \u00e9s ac\u00e9l, az alum\u00ednium, valamint a villamosenergia. Az import\u0151r\u00f6k f\u0151 feladata, hogy nyomon k\u00f6vess\u00e9k \u00e9s jelents\u00e9k az import\u00e1lt term\u00e9kek el\u0151\u00e1ll\u00edt\u00e1sa sor\u00e1n keletkezett k\u00f6zvetlen \u00e9s k\u00f6zvetett kibocs\u00e1t\u00e1sokat, majd ezek alapj\u00e1n megv\u00e1s\u00e1rolj\u00e1k a sz\u00fcks\u00e9ges CBAM-tan\u00fas\u00edtv\u00e1nyokat.<\/p>\n\n\n\n<h3 class=\"wp-block-heading\"><strong>\u00c1tmeneti id\u0151szak \u00e9s bevezet\u00e9s<\/strong><\/h3>\n\n\n\n<p>Az EU a fokozatos \u00e1tmenet mellett d\u00f6nt\u00f6tt, hogy az \u00e9rintett v\u00e1llalkoz\u00e1sok megfelel\u0151en fel tudjanak k\u00e9sz\u00fclni az \u00faj k\u00f6vetelm\u00e9nyekre. A CBAM jelent\u00e9s alapj\u00e1n 2023. okt\u00f3ber 1-j\u00e9t\u0151l kezd\u0151d\u00f6tt az \u00e1tmeneti id\u0151szak, amely sor\u00e1n az import\u0151r\u00f6knek m\u00e1r jelenteni\u00fck kell a be\u00e9rkez\u0151 term\u00e9kek karbonintenzit\u00e1s\u00e1t, de fizet\u00e9si k\u00f6telezetts\u00e9g\u00fck m\u00e9g nincs. Ez a gyakorl\u00e1si peri\u00f3dus 2026. janu\u00e1r 1-j\u00e9ig tart, amikor is megkezd\u0151dik a rendszer teljes k\u00f6r\u0171 m\u0171k\u00f6d\u00e9se. A jelent\u00e9st\u00e9teli k\u00f6telezetts\u00e9g negyed\u00e9ves alapon t\u00f6rt\u00e9nik, \u00e9s az import\u0151r\u00f6knek r\u00e9szletes dokument\u00e1ci\u00f3t kell vezetni\u00fck a term\u00e9kek sz\u00e1rmaz\u00e1s\u00e1r\u00f3l, gy\u00e1rt\u00e1si folyamatair\u00f3l \u00e9s a kapcsol\u00f3d\u00f3 kibocs\u00e1t\u00e1sokr\u00f3l. A hat\u00e1rid\u0151k betart\u00e1sa kulcsfontoss\u00e1g\u00fa, mivel a k\u00e9sedelmes vagy hi\u00e1nyos jelent\u00e9st\u00e9tel szankci\u00f3kkal j\u00e1rhat.<\/p>\n\n\n\n<figure class=\"wp-block-image size-full is-resized\"><img decoding=\"async\" width=\"600\" height=\"400\" src=\"https:\/\/ghibli.hu\/wp-content\/uploads\/2024\/12\/cbam-jelentes-kamion.jpg\" alt=\"\" class=\"wp-image-7343\" style=\"width:874px;height:auto\" title=\"\" srcset=\"https:\/\/ghibli.hu\/wp-content\/uploads\/2024\/12\/cbam-jelentes-kamion.jpg 600w, https:\/\/ghibli.hu\/wp-content\/uploads\/2024\/12\/cbam-jelentes-kamion-300x200.jpg 300w\" sizes=\"(max-width: 600px) 100vw, 600px\" \/><figcaption><\/figcaption><\/figure>\n\n\n\n<p><\/p>\n\n\n\n<h2 class=\"wp-block-heading\"><strong>\u00c9rintett szektorok \u00e9s term\u00e9kek<\/strong><\/h2>\n\n\n\n<p>A karbon hat\u00e1rkiegyenl\u00edt\u00e9si mechanizmus els\u0151 k\u00f6rben azokat az ipar\u00e1gakat c\u00e9lozza meg, amelyek k\u00fcl\u00f6n\u00f6sen magas sz\u00e9n-dioxid-kibocs\u00e1t\u00e1ssal m\u0171k\u00f6dnek. A CBAM jelent\u00e9s pontos term\u00e9kkateg\u00f3ri\u00e1kat \u00e9s <a href=\"https:\/\/nmhh.hu\/veglegestorles\/vamtarifaszamok\" target=\"_blank\" rel=\"noopener\">v\u00e1mtarifasz\u00e1mokat<\/a> hat\u00e1roz meg, amelyek alapj\u00e1n egy\u00e9rtelm\u0171en beazonos\u00edthat\u00f3, hogy mely term\u00e9kek tartoznak a szab\u00e1lyoz\u00e1s hat\u00e1lya al\u00e1. A cement szektorban p\u00e9ld\u00e1ul a klinker \u00e9s a cementpor tartozik ide, m\u00edg a m\u0171tr\u00e1gya kateg\u00f3ri\u00e1ban az amm\u00f3nia \u00e9s a nitr\u00e1tok a legfontosabb \u00e9rintett term\u00e9kek. A vas- \u00e9s ac\u00e9liparban a nyersvas, az ac\u00e9l\u00f6ntv\u00e9nyek \u00e9s k\u00fcl\u00f6nb\u00f6z\u0151 f\u00e9lk\u00e9sz term\u00e9kek tartoznak a szab\u00e1lyoz\u00e1s al\u00e1, az alum\u00edniumiparban pedig a primer alum\u00ednium \u00e9s bizonyos alum\u00edniumterm\u00e9kek. A villamosenergia-import teljes eg\u00e9sz\u00e9ben a rendszer hat\u00e1lya al\u00e1 tartozik, f\u00fcggetlen\u00fcl az el\u0151\u00e1ll\u00edt\u00e1s m\u00f3dj\u00e1t\u00f3l.<\/p>\n\n\n\n<h3 class=\"wp-block-heading\"><strong>Gyakorlati megval\u00f3s\u00edt\u00e1s<\/strong><\/h3>\n\n\n\n<p>A konkr\u00e9t bevezet\u00e9s \u00e9s m\u0171k\u00f6dtet\u00e9s komoly felk\u00e9sz\u00fcl\u00e9st ig\u00e9nyel mind az import\u0151r\u00f6k, mind a hat\u00f3s\u00e1gok r\u00e9sz\u00e9r\u0151l. A CBAM jelent\u00e9s r\u00e9szletes \u00fatmutat\u00e1st ad a fizetend\u0151 \u00f6sszeg kisz\u00e1m\u00edt\u00e1s\u00e1nak m\u00f3dj\u00e1r\u00f3l, amely sor\u00e1n figyelembe kell venni az import\u00e1lt term\u00e9k teljes karbonl\u00e1bnyom\u00e1t, bele\u00e9rtve a k\u00f6zvetlen \u00e9s k\u00f6zvetett kibocs\u00e1t\u00e1sokat is. Az import\u0151r\u00f6knek olyan nyilv\u00e1ntart\u00e1si rendszert kell kialak\u00edtaniuk, amely k\u00e9pes k\u00f6vetni \u00e9s dokument\u00e1lni minden be\u00e9rkez\u0151 sz\u00e1ll\u00edtm\u00e1ny sz\u00e1rmaz\u00e1si hely\u00e9t, gy\u00e1rt\u00e1si folyamat\u00e1t \u00e9s kapcsol\u00f3d\u00f3 kibocs\u00e1t\u00e1sait. Az Eur\u00f3pai Bizotts\u00e1g egy k\u00f6zponti IT platformot hozott l\u00e9tre, ahol az \u00e9rintett v\u00e1llalkoz\u00e1sok regisztr\u00e1lhatnak \u00e9s teljes\u00edthetik jelent\u00e9st\u00e9teli k\u00f6telezetts\u00e9geiket. A rendszer haszn\u00e1lata k\u00f6telez\u0151, \u00e9s minden tranzakci\u00f3t ebben kell r\u00f6gz\u00edteni, bele\u00e9rtve a CBAM-tan\u00fas\u00edtv\u00e1nyok beszerz\u00e9s\u00e9t \u00e9s bev\u00e1lt\u00e1s\u00e1t is.<\/p>\n\n\n\n<figure class=\"wp-block-image size-full is-resized\"><img decoding=\"async\" width=\"600\" height=\"400\" src=\"https:\/\/ghibli.hu\/wp-content\/uploads\/2024\/12\/cbam-jelentes-jovo.jpg\" alt=\"\" class=\"wp-image-7342\" style=\"width:874px;height:auto\" title=\"\" srcset=\"https:\/\/ghibli.hu\/wp-content\/uploads\/2024\/12\/cbam-jelentes-jovo.jpg 600w, https:\/\/ghibli.hu\/wp-content\/uploads\/2024\/12\/cbam-jelentes-jovo-300x200.jpg 300w\" sizes=\"(max-width: 600px) 100vw, 600px\" \/><figcaption><\/figcaption><\/figure>\n\n\n\n<p><\/p>\n\n\n\n<h2 class=\"wp-block-heading\"><strong>Hat\u00e1sok \u00e9s k\u00f6vetkezm\u00e9nyek<\/strong><\/h2>\n\n\n\n<p>Az \u00faj szab\u00e1lyoz\u00e1s bevezet\u00e9se jelent\u0151s gazdas\u00e1gi \u00e9s k\u00f6rnyezeti v\u00e1ltoz\u00e1sokat hoz mag\u00e1val. A CBAM jelent\u00e9s el\u0151rejelz\u00e9sei szerint a rendszer k\u00f6z\u00e9pt\u00e1von befoly\u00e1solja az EU kereskedelmi kapcsolatait, k\u00fcl\u00f6n\u00f6sen azokkal az orsz\u00e1gokkal, ahol kev\u00e9sb\u00e9 szigor\u00fa k\u00f6rnyezetv\u00e9delmi szab\u00e1lyoz\u00e1s van \u00e9rv\u00e9nyben. Az import\u00e1rak v\u00e1rhat\u00f3 emelked\u00e9se \u00f6szt\u00f6n\u00f6zheti a tiszt\u00e1bb technol\u00f3gi\u00e1k bevezet\u00e9s\u00e9t a partnerorsz\u00e1gokban, valamint az EU-n bel\u00fcli gy\u00e1rt\u00e1s versenyk\u00e9pess\u00e9g\u00e9nek javul\u00e1s\u00e1t. A k\u00f6rnyezeti el\u0151ny\u00f6k k\u00f6z\u00f6tt szerepel a glob\u00e1lis kibocs\u00e1t\u00e1s cs\u00f6kken\u00e9se, hiszen a rendszer motiv\u00e1lja a k\u00fclf\u00f6ldi gy\u00e1rt\u00f3kat a karbonszeg\u00e9ny technol\u00f3gi\u00e1k alkalmaz\u00e1s\u00e1ra. Az \u00e9rintett szektorokban m\u0171k\u00f6d\u0151 v\u00e1llalatok kezdeti alkalmazkod\u00e1si neh\u00e9zs\u00e9gekre sz\u00e1m\u00edthatnak, de hossz\u00fa t\u00e1von a tiszt\u00e1bb technol\u00f3gi\u00e1kba t\u00f6rt\u00e9n\u0151 beruh\u00e1z\u00e1sok versenyel\u0151nyt jelenthetnek.<\/p>\n\n\n\n<p>A karbon hat\u00e1rkiegyenl\u00edt\u00e9si mechanizmus bevezet\u00e9se egy\u00e9rtelm\u0171en jelzi az EU elk\u00f6telezetts\u00e9g\u00e9t a kl\u00edmav\u00e9delem mellett. A CBAM jelent\u00e9s \u00e1ltal felv\u00e1zolt rendszer egy komplex, de sz\u00fcks\u00e9ges l\u00e9p\u00e9s a glob\u00e1lis kibocs\u00e1t\u00e1s-cs\u00f6kkent\u00e9s fel\u00e9. A k\u00f6vetkez\u0151 \u00e9vekben v\u00e1rhat\u00f3an tov\u00e1bbi term\u00e9kcsoportokkal b\u0151v\u00fcl majd a szab\u00e1lyoz\u00e1s hat\u00e1lya, \u00e9s m\u00e1s orsz\u00e1gok is fontolgatj\u00e1k hasonl\u00f3 mechanizmusok bevezet\u00e9s\u00e9t. Az \u00e9rintett v\u00e1llalatoknak \u00e9rdemes m\u00e1r most megkezdeni\u00fck a felk\u00e9sz\u00fcl\u00e9st: \u00e1t kell tekinteni\u00fck besz\u00e1ll\u00edt\u00f3i l\u00e1ncukat, fejleszteni\u00fck kell monitoring rendszereiket, \u00e9s \u00e9rdemes megfontolniuk a tiszt\u00e1bb technol\u00f3gi\u00e1kba val\u00f3 beruh\u00e1z\u00e1st. A sikeres alkalmazkod\u00e1s kulcsa a proakt\u00edv hozz\u00e1\u00e1ll\u00e1s \u00e9s a folyamatos k\u00e9pz\u00e9s, hiszen a k\u00f6rnyezetv\u00e9delmi szempontok egyre nagyobb szerepet j\u00e1tszanak majd a <a href=\"https:\/\/ghibli.hu\/blog\/nemzetkozi-szallitmanyozas\/\">nemzetk\u00f6zi sz\u00e1ll\u00edtm\u00e1nyoz\u00e1sban<\/a>.<\/p>\n\n\n\n<p><\/p>\n","protected":false},"excerpt":{"rendered":"<p>Az Eur\u00f3pai Uni\u00f3 kl\u00edmav\u00e9delmi t\u00f6rekv\u00e9seinek egyik legjelent\u0151sebb m\u00e9rf\u00f6ldk\u00f6ve a nemr\u00e9giben bevezetett karbon hat\u00e1rkiegyenl\u00edt\u00e9si mechanizmus, amelynek r\u00e9szleteit a CBAM jelent\u00e9s foglalja \u00f6ssze. Ez az \u00fatt\u00f6r\u0151 kezdem\u00e9nyez\u00e9s alapjaiban v\u00e1ltoztatja meg az EU \u00e9s kereskedelmi partnerei k\u00f6z\u00f6tti \u00e1ruforgalom szab\u00e1lyoz\u00e1s\u00e1t, k\u00fcl\u00f6n\u00f6s tekintettel a magas sz\u00e9n-dioxid-kibocs\u00e1t\u00e1ssal j\u00e1r\u00f3 term\u00e9kek importj\u00e1ra. A mechanizmus bevezet\u00e9s\u00e9nek id\u0151z\u00edt\u00e9se nem v\u00e9letlen: az EU 2050-re kit\u0171z\u00f6tt kl\u00edmasemlegess\u00e9gi&#8230;<\/p>\n","protected":false},"author":2,"featured_media":7344,"comment_status":"closed","ping_status":"closed","sticky":false,"template":"","format":"standard","meta":{"_acf_changed":false,"footnotes":""},"categories":[40],"tags":[46,89,55,76,56],"class_list":["post-7340","post","type-post","status-publish","format-standard","has-post-thumbnail","hentry","category-blog","tag-aruszallitas","tag-cbam","tag-kozuti-szallitmanyozas","tag-nemzetkozi-szallitmanyozas","tag-szallitmanyozas"],"acf":[],"_links":{"self":[{"href":"https:\/\/ghibli.hu\/en\/wp-json\/wp\/v2\/posts\/7340","targetHints":{"allow":["GET"]}}],"collection":[{"href":"https:\/\/ghibli.hu\/en\/wp-json\/wp\/v2\/posts"}],"about":[{"href":"https:\/\/ghibli.hu\/en\/wp-json\/wp\/v2\/types\/post"}],"author":[{"embeddable":true,"href":"https:\/\/ghibli.hu\/en\/wp-json\/wp\/v2\/users\/2"}],"replies":[{"embeddable":true,"href":"https:\/\/ghibli.hu\/en\/wp-json\/wp\/v2\/comments?post=7340"}],"version-history":[{"count":0,"href":"https:\/\/ghibli.hu\/en\/wp-json\/wp\/v2\/posts\/7340\/revisions"}],"wp:featuredmedia":[{"embeddable":true,"href":"https:\/\/ghibli.hu\/en\/wp-json\/wp\/v2\/media\/7344"}],"wp:attachment":[{"href":"https:\/\/ghibli.hu\/en\/wp-json\/wp\/v2\/media?parent=7340"}],"wp:term":[{"taxonomy":"category","embeddable":true,"href":"https:\/\/ghibli.hu\/en\/wp-json\/wp\/v2\/categories?post=7340"},{"taxonomy":"post_tag","embeddable":true,"href":"https:\/\/ghibli.hu\/en\/wp-json\/wp\/v2\/tags?post=7340"}],"curies":[{"name":"wp","href":"https:\/\/api.w.org\/{rel}","templated":true}]}}