{"id":7405,"date":"2025-01-06T11:50:50","date_gmt":"2025-01-06T10:50:50","guid":{"rendered":"https:\/\/ghibli.hu\/?p=7405"},"modified":"2025-01-06T11:50:50","modified_gmt":"2025-01-06T10:50:50","slug":"belfoldi-arufuvarozoi-engedely-minden-amit-tudni-erdemes","status":"publish","type":"post","link":"https:\/\/ghibli.hu\/en\/blog\/belfoldi-arufuvarozoi-engedely-minden-amit-tudni-erdemes\/","title":{"rendered":"Belf\u00f6ldi \u00e1rufuvaroz\u00f3i enged\u00e9ly \u2013 Minden, amit tudni \u00e9rdemes"},"content":{"rendered":"\n<p>Az \u00e1rufuvaroz\u00e1s az orsz\u00e1g gazdas\u00e1g\u00e1nak egyik kulcsfontoss\u00e1g\u00fa ter\u00fclete, amely napi szinten biztos\u00edtja a term\u00e9kek \u00e9s \u00e1ruk eljuttat\u00e1s\u00e1t a megfelel\u0151 helyekre. Ahhoz, hogy egy v\u00e1llalkoz\u00e1s leg\u00e1lisan v\u00e9gezhesse ezt a tev\u00e9kenys\u00e9get, belf\u00f6ldi \u00e1rufuvaroz\u00f3i enged\u00e9lyre van sz\u00fcks\u00e9g. Ennek megszerz\u00e9se nemcsak jogi k\u00f6vetelm\u00e9ny, hanem garancia is arra, hogy a v\u00e1llalkoz\u00e1s megfelel a szakmai \u00e9s min\u0151s\u00e9gi el\u0151\u00edr\u00e1soknak.&nbsp;<\/p>\n\n\n\n<h2 class=\"wp-block-heading\">Mi az a belf\u00f6ldi \u00e1rufuvaroz\u00f3i enged\u00e9ly?<\/h2>\n\n\n\n<p>Az \u00e1rufuvaroz\u00f3i enged\u00e9ly hivatalos dokumentum, amely jogot biztos\u00edt belf\u00f6ld\u00f6n t\u00f6rt\u00e9n\u0151, <strong><a href=\"https:\/\/ghibli.hu\/szolgaltatasaink\/kozuti-szallitmanyozas\/\">kereskedelmi c\u00e9l\u00fa \u00e1rufuvaroz\u00e1s<\/a><\/strong> v\u00e9gz\u00e9s\u00e9re. Az enged\u00e9ly birtokl\u00e1sa biztos\u00edtja, hogy a tev\u00e9kenys\u00e9g a jogszab\u00e1lyoknak megfelel\u0151en zajlik, valamint n\u00f6veli a v\u00e1llalkoz\u00e1s hiteless\u00e9g\u00e9t az \u00fczleti partnerek \u00e9s \u00fcgyfelek szem\u00e9ben. A k\u00f6zleked\u00e9si hat\u00f3s\u00e1g \u00e1ltal kiadott enged\u00e9ly olyan v\u00e1llalkoz\u00e1sok sz\u00e1m\u00e1ra elengedhetetlen, amelyek a sz\u00e1ll\u00edtm\u00e1nyoz\u00e1st hivat\u00e1sszer\u0171en, nem saj\u00e1t c\u00e9lra v\u00e9gzik.<\/p>\n\n\n\n<h2 class=\"wp-block-heading\">Az enged\u00e9ly megszerz\u00e9s\u00e9nek felt\u00e9telei<\/h2>\n\n\n\n<p>Az ig\u00e9nyl\u00e9shez t\u00f6bb szempontnak kell megfelelni:<\/p>\n\n\n\n<ul class=\"wp-block-list\">\n<li><strong>V\u00e1llalkoz\u00f3i jog\u00e1ll\u00e1s megl\u00e9te:<\/strong> Csak olyan jogi szem\u00e9lyek \u00e9s egy\u00e9ni v\u00e1llalkoz\u00f3k ig\u00e9nyelhetik az enged\u00e9lyt, akik hivatalosan bejegyzett gazdas\u00e1gi tev\u00e9kenys\u00e9get v\u00e9geznek.<\/li>\n\n\n\n<li><strong>Szakmai k\u00e9pes\u00edt\u00e9s:<\/strong> Legal\u00e1bb egy szem\u00e9lynek a v\u00e1llalkoz\u00e1sban rendelkeznie kell megfelel\u0151 szakmai k\u00e9pes\u00edt\u00e9ssel, p\u00e9ld\u00e1ul k\u00f6zleked\u00e9si szakemberi vizsg\u00e1val vagy \u00e1rufuvaroz\u00f3i tan\u00fas\u00edtv\u00e1nnyal.<\/li>\n\n\n\n<li><strong>P\u00e9nz\u00fcgyi h\u00e1tt\u00e9r igazol\u00e1sa:<\/strong> Az ig\u00e9nyl\u0151nek bizony\u00edtania kell, hogy rendelkezik a tev\u00e9kenys\u00e9g elind\u00edt\u00e1s\u00e1hoz \u00e9s fenntart\u00e1s\u00e1hoz sz\u00fcks\u00e9ges p\u00e9nz\u00fcgyi fedezettel.<\/li>\n\n\n\n<li><strong>G\u00e9pj\u00e1rm\u0171park:<\/strong> A sz\u00e1ll\u00edt\u00e1shoz haszn\u00e1lt j\u00e1rm\u0171veknek m\u0171szakilag megfelel\u0151 \u00e1llapotban kell lenni\u00fck, \u00e9s rendelkezni\u00fck kell a sz\u00fcks\u00e9ges biztos\u00edt\u00e1sokkal (p\u00e9ld\u00e1ul k\u00f6telez\u0151 g\u00e9pj\u00e1rm\u0171-felel\u0151ss\u00e9gbiztos\u00edt\u00e1s).<\/li>\n<\/ul>\n\n\n\n<figure class=\"wp-block-image size-full\"><img decoding=\"async\" width=\"600\" height=\"400\" src=\"https:\/\/ghibli.hu\/wp-content\/uploads\/2025\/01\/arufuvarozo-engedely-1.jpg\" alt=\"Belf\u00f6ldi \u00e1rufuvaroz\u00f3i enged\u00e9ly\" class=\"wp-image-7407\" title=\"\" srcset=\"https:\/\/ghibli.hu\/wp-content\/uploads\/2025\/01\/arufuvarozo-engedely-1.jpg 600w, https:\/\/ghibli.hu\/wp-content\/uploads\/2025\/01\/arufuvarozo-engedely-1-300x200.jpg 300w\" sizes=\"(max-width: 600px) 100vw, 600px\" \/><figcaption><\/figcaption><\/figure>\n\n\n\n<h2 class=\"wp-block-heading\">Az enged\u00e9lykiv\u00e1lt\u00e1s l\u00e9p\u00e9sei<\/h2>\n\n\n\n<p>A folyamat \u00f6sszetett, de megfelel\u0151 el\u0151k\u00e9sz\u00fcletekkel g\u00f6rd\u00fcl\u00e9kenyen lebonyol\u00edthat\u00f3.<\/p>\n\n\n\n<ol class=\"wp-block-list\">\n<li><strong>Dokumentumok \u00f6sszegy\u0171jt\u00e9se:<\/strong> A sz\u00fcks\u00e9ges iratok k\u00f6z\u00f6tt szerepel a v\u00e1llalkoz\u00f3i igazol\u00e1s, a g\u00e9pj\u00e1rm\u0171vekre vonatkoz\u00f3 m\u0171szaki dokument\u00e1ci\u00f3, valamint a biztos\u00edt\u00e1sok igazol\u00e1sa.<\/li>\n\n\n\n<li><strong>K\u00e9relmez\u00e9s beny\u00fajt\u00e1sa:<\/strong> Az illet\u00e9kes k\u00f6zleked\u00e9si hat\u00f3s\u00e1gn\u00e1l lehet beny\u00fajtani az ig\u00e9nyl\u00e9st, ak\u00e1r szem\u00e9lyesen, ak\u00e1r online fel\u00fcleten kereszt\u00fcl.<\/li>\n\n\n\n<li><strong>Elb\u00edr\u00e1l\u00e1s:<\/strong> A hat\u00f3s\u00e1g ellen\u0151rzi, hogy a v\u00e1llalkoz\u00e1s megfelel-e a jogszab\u00e1lyi el\u0151\u00edr\u00e1soknak.<\/li>\n\n\n\n<li><strong>Enged\u00e9ly kiad\u00e1sa:<\/strong> Az enged\u00e9ly \u00e9rv\u00e9nyess\u00e9ge id\u0151h\u00f6z k\u00f6t\u00f6tt, amelyet a hat\u00f3s\u00e1g rendszeresen ellen\u0151riz.<\/li>\n<\/ol>\n\n\n\n<h2 class=\"wp-block-heading\">A belf\u00f6ldi \u00e1rufuvaroz\u00f3i enged\u00e9ly el\u0151nyei<\/h2>\n\n\n\n<p>Az enged\u00e9ly megl\u00e9te sz\u00e1mos el\u0151nnyel j\u00e1r, amelyek hozz\u00e1j\u00e1rulnak a v\u00e1llalkoz\u00e1s siker\u00e9hez \u00e9s hossz\u00fa t\u00e1v\u00fa fenntarthat\u00f3s\u00e1g\u00e1hoz. Els\u0151sorban jogi biztons\u00e1got ny\u00fajt, hiszen az enged\u00e9llyel rendelkez\u0151 v\u00e1llalkoz\u00e1sok tev\u00e9kenys\u00e9ge a hat\u00e1lyos jogszab\u00e1lyoknak megfelel\u0151en zajlik. Ez nemcsak a szab\u00e1lytalans\u00e1gokb\u00f3l ered\u0151 b\u00edrs\u00e1gok \u00e9s jogi probl\u00e9m\u00e1k elker\u00fcl\u00e9s\u00e9t biztos\u00edtja, hanem a c\u00e9g m\u0171k\u00f6d\u00e9s\u00e9t is stabil alapokra helyezi.<\/p>\n\n\n\n<p>Ezenk\u00edv\u00fcl n\u00f6veli a v\u00e1llalkoz\u00e1s hiteless\u00e9g\u00e9t az \u00fczleti partnerek \u00e9s az \u00fcgyfelek szem\u00e9ben. Egy <strong><a href=\"https:\/\/ghibli.hu\/fuvarozoknak\/\">enged\u00e9llyel rendelkez\u0151 fuvaroz\u00f3<\/a><\/strong> megb\u00edzhat\u00f3s\u00e1got \u00e9s professzionalizmust sug\u00e1roz, ami fontos t\u00e9nyez\u0151 a hossz\u00fa t\u00e1v\u00fa \u00fczleti kapcsolatok ki\u00e9p\u00edt\u00e9s\u00e9ben. Az \u00fcgyfelek sz\u00e1m\u00e1ra ez garancia arra, hogy az \u00e1rusz\u00e1ll\u00edt\u00e1s a t\u00f6rv\u00e9nyi el\u0151\u00edr\u00e1soknak megfelel\u0151en, magas sz\u00ednvonalon t\u00f6rt\u00e9nik.<\/p>\n\n\n\n<figure class=\"wp-block-image size-full\"><img decoding=\"async\" width=\"600\" height=\"400\" src=\"https:\/\/ghibli.hu\/wp-content\/uploads\/2025\/01\/arufuvarozo-engedely-2.jpg\" alt=\"Belf\u00f6ldi \u00e1rufuvaroz\u00f3i enged\u00e9ly 2, Ghibli\" class=\"wp-image-7406\" title=\"\" srcset=\"https:\/\/ghibli.hu\/wp-content\/uploads\/2025\/01\/arufuvarozo-engedely-2.jpg 600w, https:\/\/ghibli.hu\/wp-content\/uploads\/2025\/01\/arufuvarozo-engedely-2-300x200.jpg 300w\" sizes=\"(max-width: 600px) 100vw, 600px\" \/><figcaption><\/figcaption><\/figure>\n\n\n\n<p>Tov\u00e1bb\u00e1 az enged\u00e9ly birtok\u00e1ban a v\u00e1llalkoz\u00e1sok sz\u00e9lesebb \u00fczleti lehet\u0151s\u00e9geket \u00e9rhetnek el. Lehet\u0151v\u00e9 v\u00e1lik a nagyobb \u00e9s <strong><a href=\"https:\/\/ghibli.hu\/szolgaltatasaink\/teljeskoru-logisztikai-szolgaltatas\/\">komplexebb sz\u00e1ll\u00edtm\u00e1nyoz\u00e1si projektek<\/a><\/strong> v\u00e1llal\u00e1sa, ami \u00faj piacok megnyit\u00e1s\u00e1t \u00e9s stabilabb m\u0171k\u00f6d\u00e9st eredm\u00e9nyezhet. Egy ilyen enged\u00e9llyel rendelkez\u0151 c\u00e9g rugalmasabban tud alkalmazkodni az \u00fczleti k\u00f6rnyezet v\u00e1ltoz\u00e1saihoz, mik\u00f6zben \u00faj n\u00f6veked\u00e9si lehet\u0151s\u00e9geket is kihaszn\u00e1lhat. Az enged\u00e9ly teh\u00e1t nemcsak jogi k\u00f6telezetts\u00e9g, hanem egy olyan eszk\u00f6z is, amely el\u0151seg\u00edti a v\u00e1llalkoz\u00e1s hossz\u00fa t\u00e1v\u00fa siker\u00e9t \u00e9s piaci poz\u00edci\u00f3j\u00e1nak er\u0151s\u00edt\u00e9s\u00e9t.<\/p>\n\n\n\n<h2 class=\"wp-block-heading\">N\u00e9h\u00e1ny gyakori k\u00e9rd\u00e9s<\/h2>\n\n\n\n<p>Meddig \u00e9rv\u00e9nyes a belf\u00f6ldi \u00e1rufuvaroz\u00f3i enged\u00e9ly, \u00e9s hogyan lehet meg\u00faj\u00edtani?<br>Az \u00e9rv\u00e9nyess\u00e9gi id\u0151 v\u00e1ltoz\u00f3 lehet, \u00e1ltal\u00e1ban t\u00f6bb \u00e9vre sz\u00f3l. A lej\u00e1rat el\u0151tt id\u0151ben gondoskodni kell a meg\u00faj\u00edt\u00e1s\u00e1r\u00f3l, ami mag\u00e1ban foglalhatja a sz\u00fcks\u00e9ges dokumentumok friss\u00edt\u00e9s\u00e9t \u00e9s a hat\u00f3s\u00e1gi d\u00edjak befizet\u00e9s\u00e9t. A meg\u00faj\u00edt\u00e1s pontos menet\u00e9t az illet\u00e9kes hat\u00f3s\u00e1gok el\u0151\u00edr\u00e1sai szab\u00e1lyozz\u00e1k.<\/p>\n\n\n\n<p><strong>Mi t\u00f6rt\u00e9nik, ha nem hosszabb\u00edtj\u00e1k meg id\u0151ben?<\/strong><br>A meghosszabb\u00edt\u00e1s elmulaszt\u00e1sa s\u00falyos k\u00f6vetkezm\u00e9nyekkel j\u00e1rhat, mivel az enged\u00e9ly hi\u00e1nya jogszab\u00e1lys\u00e9rt\u00e9st jelent. Ez nemcsak p\u00e9nzb\u00edrs\u00e1got vonhat maga ut\u00e1n, hanem ak\u00e1r a fuvaroz\u00f3i tev\u00e9kenys\u00e9g ideiglenes felf\u00fcggeszt\u00e9s\u00e9t is, ami jelent\u0151s \u00fczleti vesztes\u00e9geket okozhat. A hat\u00f3s\u00e1gok az enged\u00e9ly n\u00e9lk\u00fcli m\u0171k\u00f6d\u00e9st szigor\u00faan ellen\u0151rzik, ez\u00e9rt fontos id\u0151ben kezdem\u00e9nyezni a meg\u00faj\u00edt\u00e1si folyamatot, hogy a v\u00e1llalkoz\u00e1s m\u0171k\u00f6d\u00e9se zavartalan maradjon.<\/p>\n\n\n\n<p><strong>Kell-e minden egyes g\u00e9pj\u00e1rm\u0171re k\u00fcl\u00f6n enged\u00e9ly?<\/strong><br>Igen, a j\u00e1rm\u0171park minden egyes j\u00e1rm\u0171v\u00e9nek k\u00fcl\u00f6n enged\u00e9llyel kell rendelkeznie, amely megfelel a m\u0171szaki el\u0151\u00edr\u00e1soknak \u00e9s a biztos\u00edt\u00e1si k\u00f6vetelm\u00e9nyeknek. Ez azt jelenti, hogy minden teherg\u00e9pj\u00e1rm\u0171vet k\u00fcl\u00f6n kell regisztr\u00e1lni, \u00e9s biztos\u00edtani kell, hogy az \u00f6sszes sz\u00fcks\u00e9ges dokumentum \u2013 p\u00e9ld\u00e1ul m\u0171szaki vizsga, biztos\u00edt\u00e1s \u2013 naprak\u00e9sz legyen.<\/p>\n\n\n\n<p><strong>Milyen t\u00edpus\u00fa j\u00e1rm\u0171vekre vonatkozik a belf\u00f6ldi \u00e1rufuvaroz\u00f3i enged\u00e9ly?<\/strong><strong><br><\/strong>\u00c1ltal\u00e1ban a 3,5 tonna \u00f6sszt\u00f6meget meghalad\u00f3 teherg\u00e9pj\u00e1rm\u0171vekre vonatkozik, amelyeket \u00e1rusz\u00e1ll\u00edt\u00e1si c\u00e9lra haszn\u00e1lnak. A k\u00f6nnyebb, 3,5 tonn\u00e1n\u00e1l kisebb j\u00e1rm\u0171vekkel v\u00e9gzett fuvaroz\u00e1shoz \u00e1ltal\u00e1ban nem sz\u00fcks\u00e9ges k\u00fcl\u00f6n enged\u00e9ly, de bizonyos esetekben \u00e9rdemes t\u00e1j\u00e9koz\u00f3dni a helyi szab\u00e1lyoz\u00e1sokr\u00f3l.<\/p>\n\n\n\n<p>A belf\u00f6ldi \u00e1rufuvaroz\u00f3i enged\u00e9ly elengedhetetlen a professzion\u00e1lis \u00e1rusz\u00e1ll\u00edt\u00e1s ter\u00fclet\u00e9n. B\u00e1r a megszerz\u00e9se id\u0151t \u00e9s energi\u00e1t ig\u00e9nyel, biztos\u00edtja a v\u00e1llalkoz\u00e1s jogszer\u0171 m\u0171k\u00f6d\u00e9s\u00e9t \u00e9s hossz\u00fa t\u00e1v\u00fa siker\u00e9t. Birtok\u00e1ban a v\u00e1llalkoz\u00e1s nemcsak a szab\u00e1lyoknak felel meg, hanem megalapozza a piacon val\u00f3 hossz\u00fa t\u00e1v\u00fa jelenl\u00e9tet is. Az el\u0151k\u00e9sz\u00fcletek \u00e9s a jogszab\u00e1lyoknak val\u00f3 megfelel\u00e9s kulcsfontoss\u00e1g\u00fa, hogy a folyamat z\u00f6kken\u0151mentesen val\u00f3suljon meg.<\/p>\n","protected":false},"excerpt":{"rendered":"<p>Az \u00e1rufuvaroz\u00e1s az orsz\u00e1g gazdas\u00e1g\u00e1nak egyik kulcsfontoss\u00e1g\u00fa ter\u00fclete, amely napi szinten biztos\u00edtja a term\u00e9kek \u00e9s \u00e1ruk eljuttat\u00e1s\u00e1t a megfelel\u0151 helyekre. Ahhoz, hogy egy v\u00e1llalkoz\u00e1s leg\u00e1lisan v\u00e9gezhesse ezt a tev\u00e9kenys\u00e9get, belf\u00f6ldi \u00e1rufuvaroz\u00f3i enged\u00e9lyre van sz\u00fcks\u00e9g<\/p>\n","protected":false},"author":2,"featured_media":7406,"comment_status":"closed","ping_status":"closed","sticky":false,"template":"","format":"standard","meta":{"_acf_changed":false,"footnotes":""},"categories":[40],"tags":[46,90,60,55,76,56],"class_list":["post-7405","post","type-post","status-publish","format-standard","has-post-thumbnail","hentry","category-blog","tag-aruszallitas","tag-engedely","tag-felelossegvallalas","tag-kozuti-szallitmanyozas","tag-nemzetkozi-szallitmanyozas","tag-szallitmanyozas"],"acf":[],"_links":{"self":[{"href":"https:\/\/ghibli.hu\/en\/wp-json\/wp\/v2\/posts\/7405","targetHints":{"allow":["GET"]}}],"collection":[{"href":"https:\/\/ghibli.hu\/en\/wp-json\/wp\/v2\/posts"}],"about":[{"href":"https:\/\/ghibli.hu\/en\/wp-json\/wp\/v2\/types\/post"}],"author":[{"embeddable":true,"href":"https:\/\/ghibli.hu\/en\/wp-json\/wp\/v2\/users\/2"}],"replies":[{"embeddable":true,"href":"https:\/\/ghibli.hu\/en\/wp-json\/wp\/v2\/comments?post=7405"}],"version-history":[{"count":0,"href":"https:\/\/ghibli.hu\/en\/wp-json\/wp\/v2\/posts\/7405\/revisions"}],"wp:featuredmedia":[{"embeddable":true,"href":"https:\/\/ghibli.hu\/en\/wp-json\/wp\/v2\/media\/7406"}],"wp:attachment":[{"href":"https:\/\/ghibli.hu\/en\/wp-json\/wp\/v2\/media?parent=7405"}],"wp:term":[{"taxonomy":"category","embeddable":true,"href":"https:\/\/ghibli.hu\/en\/wp-json\/wp\/v2\/categories?post=7405"},{"taxonomy":"post_tag","embeddable":true,"href":"https:\/\/ghibli.hu\/en\/wp-json\/wp\/v2\/tags?post=7405"}],"curies":[{"name":"wp","href":"https:\/\/api.w.org\/{rel}","templated":true}]}}