{"id":7629,"date":"2025-04-17T10:49:36","date_gmt":"2025-04-17T08:49:36","guid":{"rendered":"https:\/\/ghibli.hu\/?p=7629"},"modified":"2025-04-17T10:49:36","modified_gmt":"2025-04-17T08:49:36","slug":"uj-debreceni-raktarcsarnokot-nyit-a-ghibli-logisztikai-kozpont","status":"publish","type":"post","link":"https:\/\/ghibli.hu\/en\/blog\/uj-debreceni-raktarcsarnokot-nyit-a-ghibli-logisztikai-kozpont\/","title":{"rendered":"A j\u00f6v\u0151 logisztikai megold\u00e1sai a jelenben: \u00faj, 22.000 n\u00e9gyzetm\u00e9teres logisztikai k\u00f6zpont b\u00e9relhet\u0151 Debrecenben"},"content":{"rendered":"\n<p><\/p>\n\n\n\n<h4 class=\"wp-block-heading\">\u00c1prilisban \u00faj csarnokot nyit a Ghibli Debrecenben<\/h4>\n\n\n\n<p>A magyarorsz\u00e1gi logisztikai szektor egyik meghat\u00e1roz\u00f3 szerepl\u0151je, a t\u00f6bb mint 30 \u00e9ves tapasztalattal rendelkez\u0151 <a href=\"https:\/\/ghibli.hu\">Ghibli Kft.<\/a> \u00fajabb m\u00e9rf\u00f6ldk\u0151h\u00f6z \u00e9rkezett. A v\u00e1llalat bejelentette, hogy 2025-ben, Debrecenben 22.000 n\u00e9gyzetm\u00e9teres rakt\u00e1rb\u0151v\u00edt\u00e9st hajt v\u00e9gre a XANGA&nbsp;Investment &amp; Development&nbsp;C\u00e9gcsoporttal k\u00f6z\u00f6sen, amely a legkorszer\u0171bb technol\u00f3gi\u00e1kat alkalmazva biztos\u00edtja \u00fcgyfeleik sz\u00e1m\u00e1ra a logisztikai ig\u00e9nyek teljes k\u00f6r\u0171 kiszolg\u00e1l\u00e1s\u00e1t. Az \u00faj l\u00e9tes\u00edtm\u00e9ny az elk\u00f6vetkez\u0151 \u00e9vtizedek \u00e9s a r\u00e9gi\u00f3 logisztikai kih\u00edv\u00e1saira is v\u00e1laszt ad.<\/p>\n\n\n\n<figure class=\"wp-block-image size-Image Size 500x500\"><img decoding=\"async\" src=\"https:\/\/ghibli.hu\/wp-content\/uploads\/2025\/04\/debrecen-raktarcsarnok-ghibli-kft-500x500.jpg\" alt=\"Ghibli Kft. - Rakt\u00e1rb\u00e9rl\u00e9s Debrecenben\" class=\"wp-image-7631\" title=\"\"><figcaption><\/figcaption><\/figure>\n\n\n\n<p><\/p>\n\n\n\n<h3 class=\"wp-block-heading\">Debrecen: a logisztikai csom\u00f3pont fejl\u0151d\u00e9se<\/h3>\n\n\n\n<p>A b\u0151v\u00edt\u00e9si projekt helysz\u00edn\u00e9\u00fcl Debrecen v\u00e1ros\u00e1t v\u00e1lasztott\u00e1k, amely az elm\u00falt \u00e9vekben az egyik legdinamikusabban fejl\u0151d\u0151 gazdas\u00e1gi \u00e9s logisztikai k\u00f6zpontt\u00e1 v\u00e1lt Magyarorsz\u00e1gon. A Hajd\u00fa-Bihar v\u00e1rmegyei v\u00e1ros kiemelked\u0151 infrastruktur\u00e1lis adotts\u00e1gai \u00e9s a nemzetk\u00f6zi kereskedelmi kapcsolatok el\u00e9rhet\u0151s\u00e9ge r\u00e9v\u00e9n ide\u00e1lis v\u00e1laszt\u00e1s volt a Ghibli Kft. sz\u00e1m\u00e1ra. Az \u00faj rakt\u00e1r nem csup\u00e1n a region\u00e1lis, de az eur\u00f3pai szint\u0171 logisztikai h\u00e1l\u00f3zatban is fontos szerepet fog bet\u00f6lteni. <\/p>\n\n\n\n<p><em>F\u00e1bi\u00e1n Tam\u00e1s a Ghibli Kft. strat\u00e9giai \u00e9s \u00fczletfejleszt\u00e9si igazgat\u00f3ja \u00edgy jellemezte a fejleszt\u00e9st: \u201eRengeteg gigav\u00e1llalat \u00e9rkezik Debrecenbe, nem csak a BMW, hanem a nagy k\u00ednai akkumul\u00e1torgy\u00e1rt\u00f3 v\u00e1llalatok \u00e9s az \u0151ket kiszolg\u00e1l\u00f3 besz\u00e1ll\u00edt\u00f3 c\u00e9gek is. Nek\u00fcnk nagyon fontos, hogy ezeket a v\u00e1llalatokat megfelel\u0151 id\u0151ben \u00e9s megfelel\u0151 min\u0151s\u00e9gben, a logisztikai 7M-nek megfelel\u0151en ki tudjuk szolg\u00e1lni. Harmadik \u00e9ve vagyunk jelen logisztikai k\u00f6zpontunkkal k\u00f6zvetlen\u00fcl a Debreceni Nemzetk\u00f6zi Rep\u00fcl\u0151t\u00e9r szomsz\u00e9ds\u00e1g\u00e1ban, ami egy majd 10\u00a0000 m2-es k\u00f6zpont a D\u00e9li Ipari Park ter\u00fclet\u00e9n. <\/em>M<em>ost ezt b\u0151v\u00edtj\u00fck a Xanga C\u00e9gcsoporttal egy\u00fcttm\u0171k\u00f6d\u00e9sben egy tov\u00e1bbi 22\u00a0000 m2-es rakt\u00e1rk\u00f6zponttal. Terveink szerint 2030-ra a <\/em><a href=\"https:\/\/ghibli.hu\/debrecen\"><em>debreceni rakt\u00e1rkapacit\u00e1sunk<\/em><\/a><em> el\u00e9rheti a 60-80.000 ezer m2-t, a Ghibli m\u0171k\u00f6dtet\u00e9s\u00e9vel. A szak\u00e9rt\u0151k is folyamatos fejl\u0151d\u00e9ssel sz\u00e1molnak, teh\u00e1t egy elk\u00e9peszt\u0151 n\u00f6veked\u00e9s el\u00e9 n\u00e9z a v\u00e1ros, \u00e9s rem\u00e9lj\u00fck, hogy mi is.\u201d<\/em><\/p>\n\n\n\n<p>A debreceni rakt\u00e1r helysz\u00edne logisztikai szempontb\u00f3l ide\u00e1lis, hiszen k\u00f6zvetlen kapcsolatban van az M3-as aut\u00f3p\u00e1ly\u00e1val, a D\u00e9li Ipari Parkkal, a l\u00e9gi sz\u00e1ll\u00edtm\u00e1nyoz\u00e1st a Debrecen Airport k\u00f6nny\u00edti meg, m\u00edg a vas\u00fati kapcsolat is adott a v\u00e1rost illet\u0151en.<\/p>\n\n\n\n<h3 class=\"wp-block-heading\">Korszer\u0171 megold\u00e1sok a fenntarthat\u00f3s\u00e1g jegy\u00e9ben<\/h3>\n\n\n\n<p>A b\u0151v\u00edt\u00e9s sor\u00e1n a fenntarthat\u00f3s\u00e1g \u00e9s a k\u00f6rnyezettudatoss\u00e1g alapvet\u0151 szempontk\u00e9nt jelent meg. Az \u00e9p\u00fclet kialak\u00edt\u00e1sa sor\u00e1n energiahat\u00e9kony megold\u00e1sokat alkalmaznak, bele\u00e9rtve a napenergi\u00e1t hasznos\u00edt\u00f3 rendszereket, a LED vil\u00e1g\u00edt\u00e1st, h\u0151szivatty\u00fas rendszert \u00e9s az okos rakt\u00e1rtechnol\u00f3gi\u00e1kat, amelyek jelent\u0151sen cs\u00f6kkentik az \u00fczemeltet\u00e9s k\u00f6rnyezeti terhel\u00e9s\u00e9t.<\/p>\n\n\n\n<figure class=\"wp-block-image size-Image Size 500x500\"><img decoding=\"async\" src=\"https:\/\/ghibli.hu\/wp-content\/uploads\/2025\/04\/ghibli-raktarcsarnok-debrecen-500x500.jpg\" alt=\"Debreceni rakt\u00e1rcsarnok - Ghibli Kft.\" class=\"wp-image-7632\" title=\"\"><figcaption><\/figcaption><\/figure>\n\n\n\n<p><\/p>\n\n\n\n<p>A Ghibli Kft. tervei szerint az \u00faj rakt\u00e1r nemcsak a jelenlegi \u00fcgyf\u00e9lig\u00e9nyeket el\u00e9g\u00edti ki, hanem lehet\u0151s\u00e9get biztos\u00edt a folyamatos fejl\u0151d\u00e9sre is, a legmodernebb automatiz\u00e1lt rakt\u00e1rkezel\u00e9si rendszereknek (FTL, LTL, ADR, kont\u00e9ner \u00e9s akkumul\u00e1tor t\u00e1rol\u00e1s) k\u00f6sz\u00f6nhet\u0151en. Az innovat\u00edv megold\u00e1sok hozz\u00e1j\u00e1rulnak a gyorsabb \u00e9s hat\u00e9konyabb \u00e1rukezel\u00e9shez, valamint a rakt\u00e1roz\u00e1si kapacit\u00e1sok optim\u00e1lis kihaszn\u00e1l\u00e1s\u00e1hoz.<\/p>\n\n\n\n<h3 class=\"wp-block-heading\">A Ghibli Kft. elk\u00f6telezetts\u00e9ge<\/h3>\n\n\n\n<p>A Ghibli Kft. az elm\u00falt t\u00f6bb mint h\u00e1rom \u00e9vtizedben a magyar logisztikai szektor jelent\u0151s \u00e9s meghat\u00e1roz\u00f3 szerepl\u0151j\u00e9v\u00e9 v\u00e1lt. A v\u00e1llalat folyamatos fejleszt\u00e9seivel \u00e9s innov\u00e1ci\u00f3ival meger\u0151s\u00edtette poz\u00edci\u00f3j\u00e1t a piacon, mik\u00f6zben \u00fcgyfelei sz\u00e1m\u00e1ra magas sz\u00ednvonal\u00fa, megb\u00edzhat\u00f3 \u00e9s rugalmas szolg\u00e1ltat\u00e1sokat ny\u00fajt. A mostani debreceni rakt\u00e1rb\u0151v\u00edt\u00e9ssel tov\u00e1bb k\u00edv\u00e1nj\u00e1k er\u0151s\u00edteni ezt a poz\u00edci\u00f3t. <em>Jelenleg orsz\u00e1gszerte 7 helysz\u00ednen, t\u00f6bb mint 100.000 m2 rakt\u00e1rkapacit\u00e1ssal rendelkez\u00fcnk, \u00e9s 400 f\u0151t meghalad\u00f3 Ghiblis koll\u00e9g\u00e1val b\u00fcszk\u00e9lkedhet\u00fcnk. T\u00f6bb mint 30 \u00e9v tapasztalat\u00e1val v\u00e9gz\u00fcnk <\/em><a href=\"https:\/\/ghibli.hu\/szolgaltatasaink\/kozuti-szallitmanyozas\/\"><em>k\u00f6z\u00fati<\/em><\/a><em>, <\/em><a href=\"https:\/\/ghibli.hu\/szolgaltatasaink\/tengeri-vasuti-legi-szallitmanyozas\/\"><em>l\u00e9gi, tengeri, vas\u00fati sz\u00e1ll\u00edtm\u00e1nyoz\u00e1st<\/em><\/a><em>, <\/em><a href=\"https:\/\/ghibli.hu\/szolgaltatasaink\/raktarlogisztika\/\"><em>rakt\u00e1rlogisztikai szolg\u00e1ltat\u00e1sokat<\/em><\/a><em> \u00e9s <\/em><a href=\"https:\/\/ghibli.hu\/szolgaltatasaink\/vamszolgaltatasok\/\"><em>teljes k\u00f6r\u0171 v\u00e1mszolg\u00e1ltat\u00e1sokat.<\/em><\/a><em> K\u00e9pesek vagyunk arra, hogy K\u00edn\u00e1b\u00f3l, Jap\u00e1nb\u00f3l, vagy a vil\u00e1g b\u00e1rmely r\u00e9sz\u00e9r\u0151l az \u00e1rut elsz\u00e1ll\u00edtsuk ide Magyarorsz\u00e1gra, v\u00e1mkezel\u00e9ssel \u00e9s mindenf\u00e9le egy\u00e9b tev\u00e9kenys\u00e9ggel egy\u00fctt \u00fagy, hogy az \u00fcgyf\u00e9lnek m\u00e1r csak \u00e1t kelljen vennie az \u00e1rut. \u2013 mondta Szab\u00f3 Zolt\u00e1n a Ghibli alap\u00edt\u00f3ja, \u00fcgyvezet\u0151 igazgat\u00f3ja.<\/em><\/p>\n\n\n\n<h3 class=\"wp-block-heading\">Munkahelyteremt\u00e9s \u00e9s gazdas\u00e1gi hat\u00e1sok<\/h3>\n\n\n\n<p>A projekt megval\u00f3s\u00edt\u00e1sa nemcsak a Ghibli Kft., hanem Debrecen \u00e9s a r\u00e9gi\u00f3 sz\u00e1m\u00e1ra is jelent\u0151s el\u0151ny\u00f6kkel j\u00e1r. A b\u0151v\u00edt\u00e9s v\u00e1rhat\u00f3an 50-70 \u00faj munkahelyet teremt, emellett k\u00f6zvetett m\u00f3don is hozz\u00e1j\u00e1rul a helyi gazdas\u00e1gi n\u00f6veked\u00e9shez. A v\u00e1llalat c\u00e9lja, hogy a munkav\u00e1llal\u00f3k sz\u00e1m\u00e1ra hossz\u00fa t\u00e1v\u00fa karrierlehet\u0151s\u00e9get biztos\u00edtson, modern munkak\u00f6rnyezetben.<\/p>\n\n\n\n<h3 class=\"wp-block-heading\">\u00c1prilis v\u00e9g\u00e9n megnyitja kapuit az \u00faj debreceni rakt\u00e1rcsarnok<\/h3>\n\n\n\n<p><strong>Az \u00faj, modern rakt\u00e1rkomplexum 2025. j\u00fanius 1-t\u0151l b\u00e9relhet\u0151 partnerek sz\u00e1m\u00e1ra, melyhez ig\u00e9ny eset\u00e9n a Ghibli komplex logisztikai szolg\u00e1ltat\u00e1sokat biztos\u00edt, t\u00f6bbek k\u00f6z\u00f6tt k\u00f6z\u00fati sz\u00e1ll\u00edtm\u00e1nyoz\u00e1st saj\u00e1t, helyi flott\u00e1val, l\u00e9gi \u00e9s vas\u00fati kapcsolatokat, teljes k\u00f6r\u0171 v\u00e1m\u00fcgyn\u00f6ki tev\u00e9kenys\u00e9get, v\u00e1mirodai jelenl\u00e9ttel, illetve egy\u00e9b megb\u00edz\u00f3i ig\u00e9nyekre szabott megold\u00e1sokkal.<\/strong><\/p>\n\n\n\n<p><strong>Debreceni rakt\u00e1r b\u00e9rl\u00e9ssel kapcsolatos tov\u00e1bbi inform\u00e1ci\u00f3k:<\/strong><strong>+36-30-660-8292; <\/strong><a href=\"https:\/\/ghibli.hu\/debrecen\"><strong>www.ghibli.hu\/debrecen<\/strong><\/a><strong><\/strong><\/p>\n","protected":false},"excerpt":{"rendered":"<p>\u00c1prilisban \u00faj csarnokot nyit a Ghibli Debrecenben A magyarorsz\u00e1gi logisztikai szektor egyik meghat\u00e1roz\u00f3 szerepl\u0151je, a t\u00f6bb mint 30 \u00e9ves tapasztalattal rendelkez\u0151 Ghibli Kft. \u00fajabb m\u00e9rf\u00f6ldk\u0151h\u00f6z \u00e9rkezett. A v\u00e1llalat bejelentette, hogy 2025-ben, Debrecenben 22.000 n\u00e9gyzetm\u00e9teres rakt\u00e1rb\u0151v\u00edt\u00e9st hajt v\u00e9gre a XANGA&nbsp;Investment &amp; Development&nbsp;C\u00e9gcsoporttal k\u00f6z\u00f6sen, amely a legkorszer\u0171bb technol\u00f3gi\u00e1kat alkalmazva biztos\u00edtja \u00fcgyfeleik sz\u00e1m\u00e1ra a logisztikai ig\u00e9nyek teljes k\u00f6r\u0171&#8230;<\/p>\n","protected":false},"author":2,"featured_media":7630,"comment_status":"closed","ping_status":"closed","sticky":false,"template":"","format":"standard","meta":{"_acf_changed":false,"footnotes":""},"categories":[40],"tags":[96,97,98,99,100,101],"class_list":["post-7629","post","type-post","status-publish","format-standard","has-post-thumbnail","hentry","category-blog","tag-debrecen-raktarcsarnok","tag-logisztikai-kozpont-debrecen","tag-raktar-berles","tag-raktar-logisztika","tag-raktarberles-debrecen","tag-raktarberles-hajdu-bihar-varmegye"],"acf":[],"_links":{"self":[{"href":"https:\/\/ghibli.hu\/en\/wp-json\/wp\/v2\/posts\/7629","targetHints":{"allow":["GET"]}}],"collection":[{"href":"https:\/\/ghibli.hu\/en\/wp-json\/wp\/v2\/posts"}],"about":[{"href":"https:\/\/ghibli.hu\/en\/wp-json\/wp\/v2\/types\/post"}],"author":[{"embeddable":true,"href":"https:\/\/ghibli.hu\/en\/wp-json\/wp\/v2\/users\/2"}],"replies":[{"embeddable":true,"href":"https:\/\/ghibli.hu\/en\/wp-json\/wp\/v2\/comments?post=7629"}],"version-history":[{"count":0,"href":"https:\/\/ghibli.hu\/en\/wp-json\/wp\/v2\/posts\/7629\/revisions"}],"wp:featuredmedia":[{"embeddable":true,"href":"https:\/\/ghibli.hu\/en\/wp-json\/wp\/v2\/media\/7630"}],"wp:attachment":[{"href":"https:\/\/ghibli.hu\/en\/wp-json\/wp\/v2\/media?parent=7629"}],"wp:term":[{"taxonomy":"category","embeddable":true,"href":"https:\/\/ghibli.hu\/en\/wp-json\/wp\/v2\/categories?post=7629"},{"taxonomy":"post_tag","embeddable":true,"href":"https:\/\/ghibli.hu\/en\/wp-json\/wp\/v2\/tags?post=7629"}],"curies":[{"name":"wp","href":"https:\/\/api.w.org\/{rel}","templated":true}]}}