{"id":7643,"date":"2025-04-28T18:08:37","date_gmt":"2025-04-28T16:08:37","guid":{"rendered":"https:\/\/ghibli.hu\/?p=7643"},"modified":"2025-04-28T18:08:37","modified_gmt":"2025-04-28T16:08:37","slug":"uj-logisztikai-kozpont-nyilik-a-debreceni-legikikoto-mellett-fotokkal-videoval","status":"publish","type":"post","link":"https:\/\/ghibli.hu\/en\/blog\/uj-logisztikai-kozpont-nyilik-a-debreceni-legikikoto-mellett-fotokkal-videoval\/","title":{"rendered":"\u00daj logisztikai k\u00f6zpont ny\u00edlik a debreceni l\u00e9gikik\u00f6t\u0151 mellett \u2013 fot\u00f3kkal, vide\u00f3val"},"content":{"rendered":"\n<p>\u00daj logisztikai k\u00f6zpontot nyit Debrecenben, a D\u00e9li Gazdas\u00e1gi \u00d6vezetben az \u00e1rusz\u00e1ll\u00edt\u00e1ssal \u00e9s rakt\u00e1rlogisztik\u00e1val foglalkoz\u00f3 Ghibli Kft. A nemzetk\u00f6zi rep\u00fcl\u0151t\u00e9rhez k\u00f6zeli, csaknem 23 ezer n\u00e9gyzetm\u00e9teres csarnokot a tervek szerint k\u00e9sz\u00e1ru-rakt\u00e1roz\u00e1sra haszn\u00e1lj\u00e1k majd. Egyszerre szolg\u00e1lj\u00e1k ki a helyi gazdas\u00e1got \u00e9s biztos\u00edtj\u00e1k a r\u00e9gi\u00f3s ell\u00e1t\u00e1si l\u00e1nc folyamatoss\u00e1g\u00e1t.<\/p>\n\n\n\n<p>Az utols\u00f3 sim\u00edt\u00e1sokat v\u00e9gzik a monument\u00e1lis csarnokban, amelyet a tervek szerint els\u0151sorban k\u00e9sz\u00e1ru-rakt\u00e1roz\u00e1sra haszn\u00e1l majd a k\u00f6z\u00fati, vas\u00fati, tengeri \u00e9s l\u00e9gi \u00e1rusz\u00e1ll\u00edt\u00e1ssal, illetve rakt\u00e1rlogisztik\u00e1val \u00e9s v\u00e1mszolg\u00e1ltat\u00e1ssal foglalkoz\u00f3 Ghibli Kft. Az \u00faj logisztikai ponttal a D\u00e9li Ipari Park k\u00f6z\u00fati infrastrukt\u00far\u00e1j\u00e1t is tudj\u00e1k tehermentes\u00edteni.<\/p>\n\n\n\n<h3 class=\"wp-block-heading\">\u00daj logisztikai k\u00f6zpont Debrecenben<\/h3>\n\n\n\n<p><em>&#8220;Egy olyan disztrib\u00faci\u00f3s logisztikai k\u00f6zpontt\u00e1 v\u00e1lik Magyarorsz\u00e1gon Debrecen, ami nemcsak a v\u00e1rost, hanem a k\u00f6rnyez\u0151 orsz\u00e1gokat is k\u00e9pes lesz ell\u00e1tni. Teh\u00e1t logisztikailag Debrecen potenci\u00e1lis hely\u00e9 v\u00e1lik, \u00e9s mi ebben szeretn\u00e9nk r\u00e9szt venni.&#8221;<\/em> \u2013 \u00f6sszegzett Szab\u00f3 Zolt\u00e1n, a&nbsp;Ghibli Kft. \u00fcgyvezet\u0151je. <\/p>\n\n\n\n<figure class=\"wp-block-image size-full\"><img decoding=\"async\" width=\"1200\" height=\"630\" src=\"https:\/\/ghibli.hu\/wp-content\/uploads\/2025\/04\/debrecen-logisztika-ghibli-kft.jpg\" alt=\"\" class=\"wp-image-7648\" title=\"\" srcset=\"https:\/\/ghibli.hu\/wp-content\/uploads\/2025\/04\/debrecen-logisztika-ghibli-kft.jpg 1200w, https:\/\/ghibli.hu\/wp-content\/uploads\/2025\/04\/debrecen-logisztika-ghibli-kft-300x158.jpg 300w, https:\/\/ghibli.hu\/wp-content\/uploads\/2025\/04\/debrecen-logisztika-ghibli-kft-1024x538.jpg 1024w\" sizes=\"(max-width: 1200px) 100vw, 1200px\" \/><figcaption><\/figcaption><\/figure>\n\n\n\n<p><\/p>\n\n\n\n<p><strong>A csaknem 23 ezer n\u00e9gyzetm\u00e9teres csarnokot a legmodernebb ipari technol\u00f3gia alapj\u00e1n a Xanga C\u00e9gcsoport alak\u00edtotta ki korszer\u0171 \u00e9s fenntarthat\u00f3 m\u00f3don, \u00fagy, hogy a legmodernebb logisztikai elv\u00e1r\u00e1soknak is megfeleljen. <\/strong><\/p>\n\n\n\n<p><em>&#8220;Az elm\u00falt 25 \u00e9vben ilyet Debrecenben nem fejlesztett\u00fcnk, mivel ekkora volumen\u0171, speci\u00e1lis szolg\u00e1ltat\u00e1sra nem l\u00e1ttunk eddig piaci ig\u00e9nyt. Az ide\u00e9rkez\u0151 nagyipari c\u00e9gek viszont m\u00e1ra \u00e9s felm\u00e9r\u00e9seink alapj\u00e1n a j\u00f6v\u0151ben speci\u00e1lis logisztikai big boxokb\u00f3l fogj\u00e1k, illetve tudj\u00e1k k\u00f6lts\u00e9ghat\u00e9konyan kiszolg\u00e1lni a piaci ig\u00e9nyeket.&#8221; <\/em>\u2013 mondta Herdon Istv\u00e1n, a&nbsp; Xanga C\u00e9gcsoport&nbsp;eln\u00f6k- vez\u00e9rigazgat\u00f3ja. <\/p>\n\n\n\n<p>Papp L\u00e1szl\u00f3 polg\u00e1rmester arr\u00f3l besz\u00e9lt, hogy a D\u00e9li Ipari Parkban megval\u00f3sul\u00f3 ipari, technol\u00f3giai \u00e9s logisztikai beruh\u00e1z\u00e1sok egyszerre szolg\u00e1lj\u00e1k a helyi gazdas\u00e1g er\u0151s\u00f6d\u00e9s\u00e9t \u00e9s a r\u00e9gi\u00f3s szint\u0171 ell\u00e1t\u00e1si l\u00e1ncok stabilit\u00e1s\u00e1t. Ezt a feladatot l\u00e1tja el a Ghibli Kft. is. <\/p>\n\n\n\n<p>Az ipar fejl\u0151d\u00e9se nem k\u00e9pzelhet\u0151 el a logisztikai h\u00e1tt\u00e9r fejleszt\u00e9se n\u00e9lk\u00fcl. A termel\u00e9s, a gy\u00e1rt\u00e1s, a besz\u00e1ll\u00edt\u00f3i l\u00e1ncok m\u0171k\u00f6dtet\u00e9se, az export piacokra val\u00f3 kijut\u00e1s \u2013 mindez elk\u00e9pzelhetetlen hat\u00e9kony \u00e9s korszer\u0171 logisztikai rendszerek n\u00e9lk\u00fcl \u2013 mondta Papp L\u00e1szl\u00f3. <\/p>\n\n\n\n<p>A Ghibli Kft. a debreceni logisztikai k\u00f6zponttal egy\u00fctt m\u00e1r t\u00f6bb mint 120 ezer n\u00e9gyzetm\u00e9teren tev\u00e9kenykedik. A tervek szerint id\u00e9n \u00e9s j\u00f6v\u0151re k\u00e9t tov\u00e1bbi rakt\u00e1rl\u00e9tes\u00edtm\u00e9nyt b\u00e9relnek, amikkel megdupl\u00e1zz\u00e1k rakt\u00e1ri t\u00e1rol\u00f3kapacit\u00e1sukat.<\/p>\n\n\n\n<p><strong>Vide\u00f3 a Ghibli Kft. \u00faj, debreceni logisztikai k\u00f6zpontj\u00e1r\u00f3l:<\/strong><\/p>\n\n\n\n<figure class=\"wp-block-embed is-type-rich is-provider-be-gyaz-s-kezel wp-block-embed-be-gyaz-s-kezel\"><div class=\"wp-block-embed__wrapper\">\n<div style=\"width: 640px;\" class=\"wp-video\"><video class=\"wp-video-shortcode\" id=\"video-7643-1\" width=\"640\" height=\"360\" preload=\"metadata\" controls=\"controls\"><source type=\"video\/mp4\" src=\"https:\/\/video2.dehir.hu\/0423_logisztikai_kozpont_ghibli_mix.mp4?_=1\" \/><a href=\"https:\/\/video2.dehir.hu\/0423_logisztikai_kozpont_ghibli_mix.mp4\" target=\"_blank\" rel=\"noopener\">https:\/\/video2.dehir.hu\/0423_logisztikai_kozpont_ghibli_mix.mp4<\/a><\/video><\/div>\n<\/div><\/figure>\n\n\n\n<p>Forr\u00e1s: <a href=\"https:\/\/www.dehir.hu\/debrecen\/lesz-hely-uj-logisztikai-kozpont-nyilt-a-debreceni-legikikoto-mellett-fotokkal\/2025\/04\/23\/\" target=\"_blank\" rel=\"noreferrer noopener nofollow\">dehir.hu<\/a><\/p>\n","protected":false},"excerpt":{"rendered":"<p>\u00daj logisztikai k\u00f6zpontot nyit Debrecenben, a D\u00e9li Gazdas\u00e1gi \u00d6vezetben az \u00e1rusz\u00e1ll\u00edt\u00e1ssal \u00e9s rakt\u00e1rlogisztik\u00e1val foglalkoz\u00f3 Ghibli Kft. A nemzetk\u00f6zi rep\u00fcl\u0151t\u00e9rhez k\u00f6zeli, csaknem 23 ezer n\u00e9gyzetm\u00e9teres csarnokot a tervek szerint k\u00e9sz\u00e1ru-rakt\u00e1roz\u00e1sra haszn\u00e1lj\u00e1k majd. Egyszerre szolg\u00e1lj\u00e1k ki a helyi gazdas\u00e1got \u00e9s biztos\u00edtj\u00e1k a r\u00e9gi\u00f3s ell\u00e1t\u00e1si l\u00e1nc folyamatoss\u00e1g\u00e1t. Az utols\u00f3 sim\u00edt\u00e1sokat v\u00e9gzik a monument\u00e1lis csarnokban, amelyet a tervek szerint&#8230;<\/p>\n","protected":false},"author":2,"featured_media":7647,"comment_status":"closed","ping_status":"closed","sticky":false,"template":"","format":"standard","meta":{"_acf_changed":false,"footnotes":""},"categories":[40],"tags":[46,102,103,104,105,106,107,56,108],"class_list":["post-7643","post","type-post","status-publish","format-standard","has-post-thumbnail","hentry","category-blog","tag-aruszallitas","tag-debrecen-logisztika","tag-debreceni-logisztikai-kozpont-megnyito","tag-ghibli","tag-legikikoto","tag-logisztikai-kozpont","tag-repuloter","tag-szallitmanyozas","tag-uj-logisztikai-kozpont-debrecenben"],"acf":[],"_links":{"self":[{"href":"https:\/\/ghibli.hu\/en\/wp-json\/wp\/v2\/posts\/7643","targetHints":{"allow":["GET"]}}],"collection":[{"href":"https:\/\/ghibli.hu\/en\/wp-json\/wp\/v2\/posts"}],"about":[{"href":"https:\/\/ghibli.hu\/en\/wp-json\/wp\/v2\/types\/post"}],"author":[{"embeddable":true,"href":"https:\/\/ghibli.hu\/en\/wp-json\/wp\/v2\/users\/2"}],"replies":[{"embeddable":true,"href":"https:\/\/ghibli.hu\/en\/wp-json\/wp\/v2\/comments?post=7643"}],"version-history":[{"count":0,"href":"https:\/\/ghibli.hu\/en\/wp-json\/wp\/v2\/posts\/7643\/revisions"}],"wp:featuredmedia":[{"embeddable":true,"href":"https:\/\/ghibli.hu\/en\/wp-json\/wp\/v2\/media\/7647"}],"wp:attachment":[{"href":"https:\/\/ghibli.hu\/en\/wp-json\/wp\/v2\/media?parent=7643"}],"wp:term":[{"taxonomy":"category","embeddable":true,"href":"https:\/\/ghibli.hu\/en\/wp-json\/wp\/v2\/categories?post=7643"},{"taxonomy":"post_tag","embeddable":true,"href":"https:\/\/ghibli.hu\/en\/wp-json\/wp\/v2\/tags?post=7643"}],"curies":[{"name":"wp","href":"https:\/\/api.w.org\/{rel}","templated":true}]}}