{"id":7689,"date":"2025-05-27T18:06:06","date_gmt":"2025-05-27T16:06:06","guid":{"rendered":"https:\/\/ghibli.hu\/?p=7689"},"modified":"2025-05-27T18:06:06","modified_gmt":"2025-05-27T16:06:06","slug":"raktar-berles-debrecenben","status":"publish","type":"post","link":"https:\/\/ghibli.hu\/en\/blog\/raktar-berles-debrecenben\/","title":{"rendered":"Rakt\u00e1r b\u00e9rl\u00e9s Debrecenben: amit a Ghibli Kft. ny\u00fajt a c\u00e9g\u00e9nek"},"content":{"rendered":"\n<p><\/p>\n\n\n\n<p><strong>A kereskedelemben, a termel\u00e9sben \u00e9s gy\u00e1rt\u00e1sban t\u00f6rt\u00e9n\u0151 jelent\u0151s n\u00f6veked\u00e9s szinte<br>megk\u00f6veteli a c\u00e9gekt\u0151l a hat\u00e9kony logisztika biztos\u00edt\u00e1s\u00e1t. Egy rakt\u00e1rhelys\u00e9g b\u00e9rl\u00e9se<br>29%-kal nagyobb flexibilit\u00e1st biztos\u00edt egy ingatlanv\u00e1s\u00e1rl\u00e1shoz k\u00e9pest. Ez\u00e9rt egy j\u00f3l<br>megv\u00e1lasztott rakt\u00e1r nemcsak a rugalmass\u00e1g miatt elengedhetetlen, ami a v\u00e1llalkoz\u00e1s<br>v\u00e1ltoz\u00f3 ig\u00e9nyeihez igazodik, de k\u00f6lts\u00e9ghat\u00e9konys\u00e1g szempontj\u00e1b\u00f3l is rendk\u00edv\u00fcl<br>el\u0151ny\u00f6s. A Ghibli rakt\u00e1r b\u00e9rl\u00e9s Debrecenben egy olyan megold\u00e1si lehet\u0151s\u00e9get k\u00edn\u00e1l,<br>ami strat\u00e9giai elhelyezked\u00e9st, kiv\u00e1l\u00f3 infrastrukt\u00far\u00e1t \u00e9s megb\u00edzhat\u00f3 szolg\u00e1ltat\u00f3t biztos\u00edt<br>Kelet-Magyarorsz\u00e1gon.<\/strong><\/p>\n\n\n\n<p>Debrecen Kelet-Magyarorsz\u00e1g gazdas\u00e1gi k\u00f6zpontja, amely ide\u00e1lis v\u00e1laszt\u00e1s a hazai \u00e9s<br>nemzetk\u00f6zi logisztikai tev\u00e9kenys\u00e9gekhez. Az M35-\u00f6s aut\u00f3p\u00e1lya, a 4-es \u00e9s 47-es f\u0151utak,<br>valamint a Debreceni Nemzetk\u00f6zi Rep\u00fcl\u0151t\u00e9r k\u00f6zels\u00e9ge gyors \u00e9s hat\u00e9kony \u00e1ruforgalmat<br>biztos\u00edt. A v\u00e1ros iparv\u00e1g\u00e1nyokkal \u00e9s vas\u00fati kapcsolatokkal is rendelkezik, \u00edgy intermod\u00e1lis<br>logisztikai megold\u00e1sokra is lehet\u0151s\u00e9g ny\u00edlik. A dinamikusan fejl\u0151d\u0151 \u00fczleti v\u00e1rosban<br>folyamatosak az infrastruktur\u00e1lis beruh\u00e1z\u00e1sok \u00e9s akt\u00edvan t\u00e1mogatottak a logisztikai<br>fejleszt\u00e9sek.<\/p>\n\n\n\n<hr class=\"wp-block-separator has-alpha-channel-opacity\"\/>\n\n\n\n<h2 class=\"wp-block-heading\">Milyen megold\u00e1sokat k\u00edn\u00e1l a rakt\u00e1r b\u00e9rl\u00e9s Debrecenben?<\/h2>\n\n\n\n<p>J\u00f3l tudjuk, hogy a folyamatosan n\u00f6vekv\u0151 \u00e1rumennyis\u00e9g kezel\u00e9se, a szezon\u00e1lis term\u00e9kek<br>rakt\u00e1roz\u00e1sa vagy az \u00fcgyfelek gyors \u00e9s pontos kiszolg\u00e1l\u00e1sa milyen komoly logisztik\u00e1t \u00e9s<br>k\u00e9zenfekv\u0151 megold\u00e1sokat ig\u00e9nyel. Mindehhez fontos:<\/p>\n\n\n\n<ul class=\"wp-block-list\">\n<li>a k\u00f6zponti elhelyezked\u00e9s, ami t\u00f6bb ir\u00e1nyb\u00f3l is k\u00f6nnyen megk\u00f6zel\u00edthet\u0151<\/li>\n\n\n\n<li>a megfelel\u0151 m\u00e9ret\u0171 \u00e9s felszerelts\u00e9g\u0171 rakt\u00e1r\u00e9p\u00fcletek, amik minden ig\u00e9nyt kiel\u00e9g\u00edtenek<\/li>\n\n\n\n<li>a k\u00f6lts\u00e9gek optimaliz\u00e1l\u00e1sa, mely hossz\u00fa t\u00e1von is fenntarthat\u00f3 m\u0171k\u00f6d\u00e9st tesz lehet\u0151v\u00e9<\/li>\n\n\n\n<li>a sk\u00e1l\u00e1zhat\u00f3s\u00e1g, hogy a rakt\u00e1rkapacit\u00e1s igazodni tudjon a v\u00e1llalkoz\u00e1s aktu\u00e1lis<br>ig\u00e9nyeihez<\/li>\n\n\n\n<li>a gyors \u00e1rumozgat\u00e1s \u00e9s bels\u0151 logisztika, amely minimaliz\u00e1lja az \u00e1tfut\u00e1si id\u0151ket<\/li>\n\n\n\n<li>a modern technol\u00f3giai h\u00e1tt\u00e9r, amely t\u00e1mogatja a k\u00e9szletnyilv\u00e1ntart\u00e1st \u00e9s az<br>automatiz\u00e1lt folyamatokat.<\/li>\n<\/ul>\n\n\n\n<p>Egy saj\u00e1t rakt\u00e1r \u00e9p\u00edt\u00e9se vagy v\u00e1s\u00e1rl\u00e1sa komoly beruh\u00e1z\u00e1st, hosszadalmas enged\u00e9lyeztet\u00e9st<br>\u00e9s \u00e1lland\u00f3 fenntart\u00e1si k\u00f6lts\u00e9geket jelent an\u00e9lk\u00fcl, hogy rugalmasan igazodhatna a v\u00e1ltoz\u00f3<br>piaci ig\u00e9nyekhez.<\/p>\n\n\n\n<p>A Ghibli Kft. rakt\u00e1r b\u00e9rl\u00e9s Debrecenben a felsorolt sz\u00fcks\u00e9ges szempontoknak eleget t\u00e9ve<br>ny\u00fajt megold\u00e1st a rakt\u00e1roz\u00e1s kih\u00edv\u00e1saira. Jelenleg 10\u00a0000 m\u00b2-es rakt\u00e1rkapacit\u00e1ssal<br>rendelkez\u00fcnk a Debreceni Nemzetk\u00f6zi Rep\u00fcl\u0151t\u00e9r mellett, amit id\u00e9n, 2025-ben tov\u00e1bbi 22\u00a0000<br>m\u00b2-rel b\u0151v\u00edt\u00fcnk. Ez\u00e1ltal gyakorlatilag megh\u00e1romszoroz\u00f3dik a kapacit\u00e1sunk ebben a<br>v\u00e1rosban, ami hatalmas mennyis\u00e9g\u0171 \u00e1ruk\u00e9szletek t\u00e1rol\u00e1s\u00e1ra lesz alkalmas, \u00e9s ami<br>2025. j\u00falius 1-t\u0151l m\u00e1r b\u00e9relhet\u0151.<\/p>\n\n\n\n<p>A rakt\u00e1rak kialak\u00edt\u00e1sa sor\u00e1n els\u0151dleges szempont volt, hogy megfeleljen a fenntarthat\u00f3s\u00e1g<br>\u00e9s a k\u00f6rnyezetv\u00e9delem szempontjainak, valamint a korszer\u0171 ipari elv\u00e1r\u00e1soknak, ez\u00e9rt a<br>biztons\u00e1g, a j\u00f3l alak\u00edthat\u00f3 bels\u0151 terek \u00e9s a modern anyagmozgat\u00f3 eszk\u00f6z\u00f6k alapvet\u0151 elemei<br>a rakt\u00e1rainknak. S\u0151t, ak\u00e1r t\u00falm\u00e9retes vagy t\u00fals\u00falyos t\u00e9teleket is k\u00f6nny\u0171szerrel tudunk<br>kezelni, k\u00f6sz\u00f6nhet\u0151en a modern, automatiz\u00e1lt infrastruktur\u00e1lis felszerelts\u00e9g\u00fcnknek.<\/p>\n\n\n\n<p>A gyors \u00e9s hat\u00e9kony \u00e1rumozgat\u00e1st targonc\u00e1k, raklapemel\u0151k, dokkol\u00f3kapuk \u00e9s emel\u0151hidak<br>seg\u00edtik. A magas belmagass\u00e1g lehet\u0151v\u00e9 teszi a vertik\u00e1lis t\u00e1rol\u00e1st, m\u00edg a rugalmasan<br>alak\u00edthat\u00f3 polcrendszerek a k\u00fcl\u00f6nb\u00f6z\u0151 t\u00edpus\u00fa \u00e1ruk elk\u00fcl\u00f6n\u00edtett kezel\u00e9s\u00e9t is biztos\u00edtj\u00e1k. A<br>kamerarendszerrel \u00e9s bel\u00e9ptet\u0151kapukkal ell\u00e1tott biztons\u00e1gi rendszer, valamint a temper\u00e1lt<br>t\u00e1rol\u00e1si lehet\u0151s\u00e9gek garanci\u00e1t jelentenek arra, hogy az \u00e9rt\u00e9kes k\u00e9szletek mindig megfelel\u0151<br>k\u00f6rnyezetben, v\u00e9detten legyenek elhelyezve.<\/p>\n\n\n\n<p>R\u00e1ad\u00e1sul a rakt\u00e1r ter\u00fclete nyergesvontat\u00f3kkal \u00e9s kont\u00e9nersz\u00e1ll\u00edt\u00f3kkal is k\u00f6nnyen<br>megk\u00f6zel\u00edthet\u0151, valamint iparv\u00e1g\u00e1nyos kapcsolat is a rendelkez\u00e9sre \u00e1ll.<\/p>\n\n\n\n<figure class=\"wp-block-image size-full\"><img decoding=\"async\" width=\"1920\" height=\"1080\" src=\"https:\/\/ghibli.hu\/wp-content\/uploads\/2025\/05\/raktar-berles-debrecen-Ghibli-Logisztikai-Kozpont-1.jpg\" alt=\"\" class=\"wp-image-7691\" title=\"\" srcset=\"https:\/\/ghibli.hu\/wp-content\/uploads\/2025\/05\/raktar-berles-debrecen-Ghibli-Logisztikai-Kozpont-1.jpg 1920w, https:\/\/ghibli.hu\/wp-content\/uploads\/2025\/05\/raktar-berles-debrecen-Ghibli-Logisztikai-Kozpont-1-300x169.jpg 300w, https:\/\/ghibli.hu\/wp-content\/uploads\/2025\/05\/raktar-berles-debrecen-Ghibli-Logisztikai-Kozpont-1-1024x576.jpg 1024w\" sizes=\"(max-width: 1920px) 100vw, 1920px\" \/><figcaption><\/figcaption><\/figure>\n\n\n\n<hr class=\"wp-block-separator has-alpha-channel-opacity\"\/>\n\n\n\n<h3 class=\"wp-block-heading\">A Ghibli t\u00f6bb, mint egy rakt\u00e1r<\/h3>\n\n\n\n<p>Komplett logisztikai t\u00e1mogat\u00e1st ny\u00fajtunk. A teljes k\u00f6r\u0171 kiszolg\u00e1l\u00e1s \u00e9rdek\u00e9ben nemcsak<br>rakt\u00e1rteret k\u00edn\u00e1lunk, hanem egy \u00e1tfog\u00f3 logisztikai megold\u00e1ssal is a partnereink<br>rendelkez\u00e9s\u00e9re \u00e1llunk. V\u00e1llaljuk t\u00f6bbek k\u00f6z\u00f6tt:<\/p>\n\n\n\n<ul class=\"wp-block-list\">\n<li>a fuvarszervez\u00e9st<\/li>\n\n\n\n<li>belf\u00f6ldi \u00e9s nemzetk\u00f6zi sz\u00e1ll\u00edtm\u00e1nyoz\u00e1st<\/li>\n\n\n\n<li>tengeri, vas\u00fati \u00e9s l\u00e9gi sz\u00e1ll\u00edtm\u00e1nyoz\u00e1st<\/li>\n\n\n\n<li>rakt\u00e1rlogisztik\u00e1t<\/li>\n\n\n\n<li>v\u00e1m\u00fcgyint\u00e9z\u00e9st<\/li>\n\n\n\n<li>komissi\u00f3z\u00e1st<\/li>\n\n\n\n<li>logisztikai tan\u00e1csad\u00e1st<\/li>\n\n\n\n<li>sz\u00e1ll\u00edtm\u00e1nybiztos\u00edt\u00e1st<\/li>\n\n\n\n<li>valamint az adminisztrat\u00edv h\u00e1tt\u00e9rmunk\u00e1kat is.<\/li>\n<\/ul>\n\n\n\n<p>Mindezzel biztos\u00edtjuk, hogy a rakt\u00e1r b\u00e9rl\u00e9s Debrecenben egy \u00e1tl\u00e1that\u00f3, hat\u00e9kony \u00e9s<br>kisz\u00e1m\u00edthat\u00f3 teljes k\u00f6r\u0171 logisztikai folyamat legyen, mely egy k\u00e9zben van. Szolg\u00e1ltat\u00e1saink<br>ide\u00e1lisak lehetnek e-kereskedelmi c\u00e9gek, gy\u00e1rt\u00f3k, nagykeresked\u0151k vagy export-import<br>tev\u00e9kenys\u00e9get v\u00e9gz\u0151 v\u00e1llalkoz\u00e1sok sz\u00e1m\u00e1ra, akik hat\u00e9kony \u00e9s sk\u00e1l\u00e1zhat\u00f3 rakt\u00e1roz\u00e1si<br>megold\u00e1st keresnek Kelet-Magyarorsz\u00e1gon.<\/p>\n\n\n\n<p>Vegye fel vel\u00fcnk a kapcsolatot telefonon vagy <a href=\"https:\/\/ghibli.hu\/debrecen\" target=\"_blank\" rel=\"noreferrer noopener\">ide kattintva<\/a>, \u00e9s tal\u00e1ljuk meg egy\u00fctt \u00d6nnek \u00e9s c\u00e9g\u00e9nek a legjobb<br>konstrukci\u00f3t!<\/p>\n","protected":false},"excerpt":{"rendered":"<p>A kereskedelemben, a termel\u00e9sben \u00e9s gy\u00e1rt\u00e1sban t\u00f6rt\u00e9n\u0151 jelent\u0151s n\u00f6veked\u00e9s szintemegk\u00f6veteli a c\u00e9gekt\u0151l a hat\u00e9kony logisztika biztos\u00edt\u00e1s\u00e1t. Egy rakt\u00e1rhelys\u00e9g b\u00e9rl\u00e9se29%-kal nagyobb flexibilit\u00e1st biztos\u00edt egy ingatlanv\u00e1s\u00e1rl\u00e1shoz k\u00e9pest. Ez\u00e9rt egy j\u00f3lmegv\u00e1lasztott rakt\u00e1r nemcsak a rugalmass\u00e1g miatt elengedhetetlen, ami a v\u00e1llalkoz\u00e1sv\u00e1ltoz\u00f3 ig\u00e9nyeihez igazodik, de k\u00f6lts\u00e9ghat\u00e9konys\u00e1g szempontj\u00e1b\u00f3l is rendk\u00edv\u00fclel\u0151ny\u00f6s. A Ghibli rakt\u00e1r b\u00e9rl\u00e9s Debrecenben egy olyan megold\u00e1si lehet\u0151s\u00e9get k\u00edn\u00e1l,ami strat\u00e9giai&#8230;<\/p>\n","protected":false},"author":2,"featured_media":7703,"comment_status":"closed","ping_status":"closed","sticky":false,"template":"","format":"standard","meta":{"_acf_changed":false,"footnotes":""},"categories":[40],"tags":[104,109,110,111,112,56],"class_list":["post-7689","post","type-post","status-publish","format-standard","has-post-thumbnail","hentry","category-blog","tag-ghibli","tag-ghibli-logisztikai-kozpont","tag-logisztika-debrecen","tag-raktar-berles-debrecen","tag-raktar-debrecen","tag-szallitmanyozas"],"acf":[],"_links":{"self":[{"href":"https:\/\/ghibli.hu\/en\/wp-json\/wp\/v2\/posts\/7689","targetHints":{"allow":["GET"]}}],"collection":[{"href":"https:\/\/ghibli.hu\/en\/wp-json\/wp\/v2\/posts"}],"about":[{"href":"https:\/\/ghibli.hu\/en\/wp-json\/wp\/v2\/types\/post"}],"author":[{"embeddable":true,"href":"https:\/\/ghibli.hu\/en\/wp-json\/wp\/v2\/users\/2"}],"replies":[{"embeddable":true,"href":"https:\/\/ghibli.hu\/en\/wp-json\/wp\/v2\/comments?post=7689"}],"version-history":[{"count":0,"href":"https:\/\/ghibli.hu\/en\/wp-json\/wp\/v2\/posts\/7689\/revisions"}],"wp:featuredmedia":[{"embeddable":true,"href":"https:\/\/ghibli.hu\/en\/wp-json\/wp\/v2\/media\/7703"}],"wp:attachment":[{"href":"https:\/\/ghibli.hu\/en\/wp-json\/wp\/v2\/media?parent=7689"}],"wp:term":[{"taxonomy":"category","embeddable":true,"href":"https:\/\/ghibli.hu\/en\/wp-json\/wp\/v2\/categories?post=7689"},{"taxonomy":"post_tag","embeddable":true,"href":"https:\/\/ghibli.hu\/en\/wp-json\/wp\/v2\/tags?post=7689"}],"curies":[{"name":"wp","href":"https:\/\/api.w.org\/{rel}","templated":true}]}}