{"id":7774,"date":"2025-08-21T13:41:32","date_gmt":"2025-08-21T11:41:32","guid":{"rendered":"https:\/\/ghibli.hu\/?p=7774"},"modified":"2025-08-21T13:41:32","modified_gmt":"2025-08-21T11:41:32","slug":"palyaorientacio-ghibli","status":"publish","type":"post","link":"https:\/\/ghibli.hu\/en\/blog\/palyaorientacio-ghibli\/","title":{"rendered":"Mi\u00e9rt fontos a gyakorlati p\u00e1lyaorient\u00e1ci\u00f3?"},"content":{"rendered":"\n<p>Ahhoz, hogy egy szakm\u00e1ba beleszeress\u00fcnk \u00e9s elk\u00f6telez\u0151dj\u00fcnk mellette, szem\u00e9lyesen kell megtapasztalnunk annak m\u0171k\u00f6d\u00e9s\u00e9t. Mi ebben hisz\u00fcnk. Ez\u00e9rt is tartjuk fontosnak, hogy a fiatal gener\u00e1ci\u00f3k p\u00e1lyav\u00e1laszt\u00e1s\u00e1t tapasztalatokon \u00e9s \u00e9lm\u00e9nyeken kereszt\u00fcl seg\u00edts\u00fck. Megmutassuk nekik, hogy mir\u0151l is sz\u00f3l egy szakma. Ebben a Ghibli Kft. akt\u00edv szerepet v\u00e1llal, hisz a p\u00e1lyaorient\u00e1ci\u00f3 akkor igaz\u00e1n hat\u00e9kony, ha nemcsak besz\u00e9l\u00fcnk r\u00f3la, de meg is mutatjuk a gyakorlatban. Ennek jegy\u00e9ben id\u00e9n ny\u00e1ron t\u00f6bb di\u00e1kcsoportot is vend\u00e9g\u00fcl l\u00e1ttunk, hogy testk\u00f6zelb\u0151l ismerj\u00e9k meg a logisztika m\u0171k\u00f6d\u00e9s\u00e9t.<\/p>\n\n\n\n<p>Egy szakma ir\u00e1nti \u00e9rdekl\u0151d\u00e9s b\u00e1r felkelthet\u0151 az iskolapadban, \u00e1m a val\u00f3di rajong\u00e1s ir\u00e1nta, az \u201e\u00e9n azt akarom csin\u00e1lni\u201d \u00e9rz\u00e9s csak szem\u00e9lyes tapasztal\u00e1sokon kereszt\u00fcl tud kialakulni. Legyen sz\u00f3 ak\u00e1r egy \u00e1ltal\u00e1nos iskol\u00e1sr\u00f3l, k\u00f6z\u00e9piskol\u00e1sr\u00f3l vagy egyetemi hallgat\u00f3r\u00f3l. Fontos, hogy a fiatalok belel\u00e1ssanak a munka vil\u00e1g\u00e1ba, megismerj\u00e9k egy szakma saj\u00e1toss\u00e1gait, tal\u00e1lkozzanak legal\u00e1bb egy olyan adotts\u00e1g\u00e1val, ami megfogja \u0151ket, amivel azonosulni tudnak.<\/p>\n\n\n\n<p><\/p>\n\n\n\n<figure class=\"wp-block-image size-full\"><img decoding=\"async\" width=\"1000\" height=\"654\" src=\"https:\/\/ghibli.hu\/wp-content\/uploads\/2025\/08\/gyakorlati-palyaorientacio.jpg\" alt=\"Ghibli Logisztika - P\u00e1lyaorient\u00e1ci\u00f3\" class=\"wp-image-7776\" title=\"\" srcset=\"https:\/\/ghibli.hu\/wp-content\/uploads\/2025\/08\/gyakorlati-palyaorientacio.jpg 1000w, https:\/\/ghibli.hu\/wp-content\/uploads\/2025\/08\/gyakorlati-palyaorientacio-300x196.jpg 300w\" sizes=\"(max-width: 1000px) 100vw, 1000px\" \/><figcaption><\/figcaption><\/figure>\n\n\n\n<p><\/p>\n\n\n\n<p>Ez\u00e9rt c\u00e9g\u00fcnknek a p\u00e1lyaorient\u00e1ci\u00f3 nem egy mell\u00e9kes tev\u00e9kenys\u00e9g, hanem a szakma j\u00f6v\u0151j\u00e9be val\u00f3 tudatos befektet\u00e9s. Egyfajta felel\u0151ss\u00e9gv\u00e1llal\u00e1s a fiatal gener\u00e1ci\u00f3 j\u00f6v\u0151j\u00e9nek form\u00e1l\u00e1s\u00e1\u00e9rt. Megmutatni nekik mit is rejt a logisztika, miben \u00e1ll ennek a tev\u00e9kenys\u00e9gnek a sz\u00e9ps\u00e9ge \u00e9s milyen \u00e9rdekess\u00e9gei, kih\u00edv\u00e1sai vannak.<\/p>\n\n\n\n<p>R\u00e1mutatni annak jelent\u0151s\u00e9g\u00e9re, hogy a logisztika nem csup\u00e1n egy h\u00e1tt\u00e9rfolyamat, hanem a gazdas\u00e1g egyik er\u0151s motorja, ami n\u00e9lk\u00fcl egy rendszer sem m\u0171k\u00f6dhet megfelel\u0151en.<\/p>\n\n\n\n<ul class=\"wp-block-list\">\n<li>Hogyan jut el az \u00e1ru A pontb\u00f3l B pontba gyorsan, biztons\u00e1gosan \u00e9s hat\u00e9konyan? <\/li>\n\n\n\n<li>Milyen l\u00e9p\u00e9sekb\u0151l \u00e1ll egy sz\u00e1ll\u00edtm\u00e1ny \u00fatja a megrendel\u00e9st\u0151l az \u00e1tad\u00e1sig? <\/li>\n\n\n\n<li>Mi kell ahhoz, hogy az \u00e1ru megfelel\u0151en legyen t\u00e1rolva? <\/li>\n\n\n\n<li>Milyen szerepe van a technol\u00f3gi\u00e1nak a logisztik\u00e1ban?<\/li>\n<\/ul>\n\n\n\n<p>R\u00e1mutatni annak jelent\u0151s\u00e9g\u00e9re, hogy a logisztika nem csup\u00e1n egy h\u00e1tt\u00e9rfolyaAz interakt\u00edv szakmabemutat\u00f3n t\u00fal ilyen \u00e9s ehhez hasonl\u00f3 fontos k\u00e9rd\u00e9sekre is v\u00e1laszt kapnak t\u0151l\u00fcnk a di\u00e1kok egy-egy p\u00e1lyaorient\u00e1ci\u00f3s tal\u00e1lkoz\u00f3 sor\u00e1n.at, hanem a gazdas\u00e1g egyik er\u0151s motorja, ami n\u00e9lk\u00fcl egy rendszer sem m\u0171k\u00f6dhet megfelel\u0151en.<\/p>\n\n\n\n<p><\/p>\n\n\n\n<figure class=\"wp-block-image size-full\"><img decoding=\"async\" width=\"1000\" height=\"552\" src=\"https:\/\/ghibli.hu\/wp-content\/uploads\/2025\/08\/ghibli-palyaorientacio-profit-ability.jpg\" alt=\"\" class=\"wp-image-7777\" title=\"\" srcset=\"https:\/\/ghibli.hu\/wp-content\/uploads\/2025\/08\/ghibli-palyaorientacio-profit-ability.jpg 1000w, https:\/\/ghibli.hu\/wp-content\/uploads\/2025\/08\/ghibli-palyaorientacio-profit-ability-300x166.jpg 300w\" sizes=\"(max-width: 1000px) 100vw, 1000px\" \/><figcaption><\/figcaption><\/figure>\n\n\n\n<p><\/p>\n\n\n\n<h4 class=\"wp-block-heading\">\u00c9lm\u00e9nyalap\u00fa p\u00e1lyaorient\u00e1ci\u00f3val a logisztika n\u00e9pszer\u0171s\u00edt\u00e9s\u00e9\u00e9rt<\/h4>\n\n\n\n<p>Az elm\u00falt id\u0151szakban volt szerencs\u00e9nk h\u00e1rom k\u00fcl\u00f6nb\u00f6z\u0151 di\u00e1kcsoporttal is megismertetni a logisztika, sz\u00e1ll\u00edtm\u00e1nyoz\u00e1s \u00e9s rakt\u00e1roz\u00e1s egyes elemeit. Voltak, akik a targoncaszimul\u00e1tort pr\u00f3b\u00e1lhatt\u00e1k ki \u00e9s voltak, akik a k\u00f6zponti rakt\u00e1runkba nyerhettek betekint\u00e9st, de minden esetben \u00e9lm\u00e9nyd\u00fas programmal j\u00e1rultunk hozz\u00e1 a di\u00e1kok szakmai orient\u00e1ci\u00f3j\u00e1hoz.<\/p>\n\n\n\n<p>A Budapesti Gazdas\u00e1gi Egyetem nemzetk\u00f6zi ny\u00e1ri egyetem\u00e9nek (&#8220;Success Reloaded&#8221; Summer School) hallgat\u00f3i a vil\u00e1g minden t\u00e1j\u00e1r\u00f3l k\u00f6zvetlen\u00fcl ismerhett\u00e9k meg c\u00e9g\u00fcnk m\u0171k\u00f6d\u00e9s\u00e9t. A l\u00e1togat\u00e1s sor\u00e1n bej\u00e1rt\u00e1k a 15.000 m\u00b2-es k\u00f6zponti rakt\u00e1runkat, megismerkedtek a logisztikai folyamatokkal, majd a <a href=\"https:\/\/web.profi-t-ability.hu\/\" target=\"_blank\" rel=\"noreferrer noopener\">PROFI-T-ABILITY<\/a> t\u00e1rsasj\u00e1t\u00e9k seg\u00edts\u00e9g\u00e9vel j\u00e1t\u00e9kos form\u00e1ban is elm\u00e9ly\u00edtett\u00e9k tud\u00e1sukat.<\/p>\n\n\n\n<p>A V\u00e1ci Szakk\u00e9pz\u00e9si Centrum p\u00e1lyaorient\u00e1ci\u00f3s t\u00e1bor\u00e1nak r\u00e9sztvev\u0151i \u2013 fels\u0151 tagozatos di\u00e1kok \u2013 szint\u00e9n betekint\u00e9st kaptak a logisztika vil\u00e1g\u00e1ba. A Ghibli bemutat\u00f3 ut\u00e1n \u0151k is kipr\u00f3b\u00e1lhatt\u00e1k a PROFI-T-ABILITY-t, \u00edgy a tanul\u00e1s nemcsak egy elm\u00e9leti, de sz\u00f3rakoztat\u00f3 \u00e9lm\u00e9nny\u00e9 is v\u00e1lt.<\/p>\n\n\n\n<p>K\u00fcl\u00f6nleges attrakci\u00f3t vitt\u00fcnk a Komp\u00e1nia Alap\u00edtv\u00e1ny Tanod\u00e1j\u00e1ba is, ahol egy targoncaszimul\u00e1torral mutattuk be az \u00e1rumozgat\u00e1s egyik kulcselem\u00e9t. A gyerekek j\u00e1t\u00e9kos m\u00f3don pr\u00f3b\u00e1lhatt\u00e1k ki magukat, mik\u00f6zben megismerhett\u00e9k a rakt\u00e1roz\u00e1s \u00e9s sz\u00e1ll\u00edtm\u00e1nyoz\u00e1s alapjait. A program nemcsak sz\u00f3rakoztat\u00f3 volt, de egy\u00fattal inspir\u00e1l\u00f3 is. T\u00f6bben a l\u00e1togat\u00e1s ut\u00e1n besz\u00e9ltek arr\u00f3l, hogy sz\u00edvesen dolgozn\u00e1nak a logisztika ter\u00fclet\u00e9n.<\/p>\n\n\n\n<p>A szem\u00e9lyes tapasztal\u00e1sokon kereszt\u00fcl k\u00f6nnyebben \u00e9rthet\u0151v\u00e9 v\u00e1lt a di\u00e1koknak, mit is jelent val\u00f3j\u00e1ban a logisztika. A rakt\u00e1rt\u00far\u00e1k, interakt\u00edv el\u0151ad\u00e1sok \u00e9s j\u00e1t\u00e9kos szimul\u00e1ci\u00f3k r\u00e9v\u00e9n a fiatalok megismerhett\u00e9k, hogyan mozognak az \u00e1ruk, milyen rendszerek t\u00e1mogatj\u00e1k ezt, \u00e9s milyen szerepl\u0151k felelnek a zavartalan m\u0171k\u00f6d\u00e9s\u00e9rt.<\/p>\n\n\n\n<p>A Ghibli programjai seg\u00edtenek abban, hogy a fiatalok re\u00e1lis k\u00e9pet kapjanak a szakma mindennapjair\u00f3l. K\u00e9rdezhettek, kipr\u00f3b\u00e1lhattak, elm\u00e9ly\u00fclhettek a folyamatokban, ami nemcsak \u00e9rdekes volt, de a k\u00e9s\u0151bbi p\u00e1lyav\u00e1laszt\u00e1suk szempontj\u00e1b\u00f3l is hasznos lehet.<\/p>\n\n\n\n<h4 class=\"wp-block-heading\">A j\u00f6v\u0151 gener\u00e1ci\u00f3j\u00e1\u00e9rt is dolgozunk<\/h4>\n\n\n\n<p>Ahogy m\u00e1r fentebb is eml\u00edtett\u00fck a p\u00e1lyaorient\u00e1ci\u00f3 sz\u00e1munkra nem egy kamp\u00e1nyszer\u0171 feladat, hanem egy figyelmet ig\u00e9nyl\u0151 felel\u0151ss\u00e9g. \u00c9ppen ez\u00e9rt a j\u00f6v\u0151ben is szeretn\u00e9nk m\u00e9g t\u00f6bb hasonl\u00f3 programot megval\u00f3s\u00edtani, legyen sz\u00f3 interakt\u00edv bemutat\u00f3kr\u00f3l, tan\u00f3rai egy\u00fcttm\u0171k\u00f6d\u00e9sekr\u0151l vagy ak\u00e1r v\u00e1llalati ny\u00edlt napokr\u00f3l.<\/p>\n\n\n\n<p>Hiszen a c\u00e9lunk tov\u00e1bbra is az, hogy a fiatalok hiteles, gyakorlati \u00e9lm\u00e9nyeken kereszt\u00fcl ismerhess\u00e9k meg ezt a n\u00e9lk\u00fcl\u00f6zhetetlen, izgalmas \u00e9s folyamatosan fejl\u0151d\u0151 \u00e1gazatot. Mert sz\u00e1munkra a megb\u00edzhat\u00f3 logisztika, a biztons\u00e1g mellett a tud\u00e1s \u00e9s az ut\u00e1np\u00f3tl\u00e1s is alapelv.<\/p>\n\n\n\n<p><\/p>\n","protected":false},"excerpt":{"rendered":"<p>Ahhoz, hogy egy szakm\u00e1ba beleszeress\u00fcnk \u00e9s elk\u00f6telez\u0151dj\u00fcnk mellette, szem\u00e9lyesen kell megtapasztalnunk annak m\u0171k\u00f6d\u00e9s\u00e9t. Mi ebben hisz\u00fcnk. Ez\u00e9rt is tartjuk fontosnak, hogy a fiatal gener\u00e1ci\u00f3k p\u00e1lyav\u00e1laszt\u00e1s\u00e1t tapasztalatokon \u00e9s \u00e9lm\u00e9nyeken kereszt\u00fcl seg\u00edts\u00fck. Megmutassuk nekik, hogy mir\u0151l is sz\u00f3l egy szakma. Ebben a Ghibli Kft. akt\u00edv szerepet v\u00e1llal, hisz a p\u00e1lyaorient\u00e1ci\u00f3 akkor igaz\u00e1n hat\u00e9kony, ha nemcsak besz\u00e9l\u00fcnk r\u00f3la,&#8230;<\/p>\n","protected":false},"author":2,"featured_media":7780,"comment_status":"closed","ping_status":"closed","sticky":false,"template":"","format":"standard","meta":{"_acf_changed":false,"footnotes":""},"categories":[40],"tags":[],"class_list":["post-7774","post","type-post","status-publish","format-standard","has-post-thumbnail","hentry","category-blog"],"acf":[],"_links":{"self":[{"href":"https:\/\/ghibli.hu\/en\/wp-json\/wp\/v2\/posts\/7774","targetHints":{"allow":["GET"]}}],"collection":[{"href":"https:\/\/ghibli.hu\/en\/wp-json\/wp\/v2\/posts"}],"about":[{"href":"https:\/\/ghibli.hu\/en\/wp-json\/wp\/v2\/types\/post"}],"author":[{"embeddable":true,"href":"https:\/\/ghibli.hu\/en\/wp-json\/wp\/v2\/users\/2"}],"replies":[{"embeddable":true,"href":"https:\/\/ghibli.hu\/en\/wp-json\/wp\/v2\/comments?post=7774"}],"version-history":[{"count":0,"href":"https:\/\/ghibli.hu\/en\/wp-json\/wp\/v2\/posts\/7774\/revisions"}],"wp:featuredmedia":[{"embeddable":true,"href":"https:\/\/ghibli.hu\/en\/wp-json\/wp\/v2\/media\/7780"}],"wp:attachment":[{"href":"https:\/\/ghibli.hu\/en\/wp-json\/wp\/v2\/media?parent=7774"}],"wp:term":[{"taxonomy":"category","embeddable":true,"href":"https:\/\/ghibli.hu\/en\/wp-json\/wp\/v2\/categories?post=7774"},{"taxonomy":"post_tag","embeddable":true,"href":"https:\/\/ghibli.hu\/en\/wp-json\/wp\/v2\/tags?post=7774"}],"curies":[{"name":"wp","href":"https:\/\/api.w.org\/{rel}","templated":true}]}}