{"id":7803,"date":"2025-09-16T12:22:43","date_gmt":"2025-09-16T10:22:43","guid":{"rendered":"https:\/\/ghibli.hu\/?p=7803"},"modified":"2025-09-16T12:22:43","modified_gmt":"2025-09-16T10:22:43","slug":"raktarberles-debrecenben","status":"publish","type":"post","link":"https:\/\/ghibli.hu\/en\/blog\/raktarberles-debrecenben\/","title":{"rendered":"Rakt\u00e1rb\u00e9rl\u00e9s Debrecenben. Mi\u00e9rt \u00e9ri meg \u00e9s kinek?"},"content":{"rendered":"\n<p><strong>Ha egy c\u00e9gn\u00e9l nincs meg a megfelel\u0151 logisztika, akkor az ell\u00e1t\u00e1si l\u00e1ncban is zavar ad\u00f3dhat. Csak gondoljunk egy hirtelen k\u00e9szletn\u00f6veked\u00e9sre, a szezon\u00e1lis \u00e1ruk t\u00e1rol\u00e1s\u00e1ra vagy \u00e9pp egy \u00faj piac megh\u00f3d\u00edt\u00e1s\u00e1ra. Ezek mind olyan helyzetek, amikor megfelel\u0151 rakt\u00e1roz\u00e1sra van sz\u00fcks\u00e9g. Ilyenkor k\u00e9t megold\u00e1s van: egy saj\u00e1t rakt\u00e1r, ami hossz\u00fa t\u00e1von k\u00f6lts\u00e9ges lehet, f\u0151leg, ha nem tudjuk teljes m\u00e9rt\u00e9kben kihaszn\u00e1lni vagy a rakt\u00e1rb\u00e9rl\u00e9s, ami rugalmas \u00e9s k\u00f6lts\u00e9ghat\u00e9kony alternat\u00edv\u00e1t jelent. <\/strong><\/p>\n\n\n\n<p>Haz\u00e1nk keleti r\u00e9gi\u00f3j\u00e1ban Debrecen az a ter\u00fclet, ahol a rakt\u00e1rb\u00e9rl\u00e9s nem egyszer\u0171en csak egy praktikus d\u00f6nt\u00e9s, hanem komoly strat\u00e9giai el\u0151nyei is vannak. Hiszen a v\u00e1ros ide\u00e1lis csom\u00f3pont a belf\u00f6ldi \u00e9s nemzetk\u00f6zi \u00e1ruforgalom lebonyol\u00edt\u00e1s\u00e1ra is, ak\u00e1r vas\u00fati, l\u00e9gi vagy k\u00f6z\u00fati \u00fatvonalakr\u00f3l legyen sz\u00f3. Nem besz\u00e9lve arr\u00f3l, hogy Debrecen m\u00e1ra a magyarorsz\u00e1gi logisztika egyik kiemelt k\u00f6zpontj\u00e1v\u00e1 v\u00e1lt.<\/p>\n\n\n\n<h4 class=\"wp-block-heading\">Mi\u00e9rt el\u0151ny\u00f6s a c\u00e9geknek a rakt\u00e1rb\u00e9rl\u00e9s?<\/h4>\n\n\n\n<p>Ahogy a bevezet\u0151ben is \u00edrtuk, a rakt\u00e1rb\u00e9rl\u00e9s egyik legnagyobb el\u0151nye a rugalmass\u00e1g. Sok v\u00e1llalkoz\u00e1s sz\u00e1m\u00e1ra nem \u00e1lland\u00f3, hanem id\u0151szakos ig\u00e9ny jelentkezik nagyobb rakt\u00e1rkapacit\u00e1sra. Ilyenkor a saj\u00e1t rakt\u00e1r fenntart\u00e1sa helyett sokkal k\u00f6lts\u00e9ghat\u00e9konyabb megold\u00e1s egy b\u00e9relt rakt\u00e1r ig\u00e9nybev\u00e9tele, hiszen csak addig kell fizetni a szolg\u00e1ltat\u00e1s\u00e9rt, ameddig val\u00f3ban sz\u00fcks\u00e9g van r\u00e1.<\/p>\n\n\n\n<p>R\u00e1ad\u00e1sul \u2013 mint saj\u00e1t rakt\u00e1r eset\u00e9n \u2013 nem kell folyamatos \u00fczemeltet\u00e9si k\u00f6lts\u00e9get r\u00e1ford\u00edtani, mint az ingatlan fenntart\u00e1sa, munkaer\u0151 \u00e9s biztons\u00e1gi rendszerek. Egy b\u00e9relt rakt\u00e1rral a logisztikai k\u00f6lts\u00e9gek t\u00e9nylegesen a forgalomhoz igaz\u00edthat\u00f3k.<\/p>\n\n\n\n<p><\/p>\n\n\n\n<figure class=\"wp-block-image size-full\"><img decoding=\"async\" width=\"1335\" height=\"805\" src=\"https:\/\/ghibli.hu\/wp-content\/uploads\/2025\/09\/debrecen-raktar-logisztika.jpg\" alt=\"\" class=\"wp-image-7805\" title=\"\" srcset=\"https:\/\/ghibli.hu\/wp-content\/uploads\/2025\/09\/debrecen-raktar-logisztika.jpg 1335w, https:\/\/ghibli.hu\/wp-content\/uploads\/2025\/09\/debrecen-raktar-logisztika-300x181.jpg 300w, https:\/\/ghibli.hu\/wp-content\/uploads\/2025\/09\/debrecen-raktar-logisztika-1024x617.jpg 1024w\" sizes=\"(max-width: 1335px) 100vw, 1335px\" \/><figcaption><\/figcaption><\/figure>\n\n\n\n<p><\/p>\n\n\n\n<p>Emellett a rakt\u00e1rb\u00e9rl\u00e9s gyors alkalmazkod\u00e1st biztos\u00edt a piaci v\u00e1ltoz\u00e1sokhoz. Ha egy c\u00e9gnek \u00e1tmenetileg t\u00f6bb \u00e1rut kell kezelnie vagy nagyobb terjedelm\u0171 t\u00e9telekkel kezd el dolgozni, gyorsan juthat megfelel\u0151 nagys\u00e1g\u00fa rakt\u00e1rhoz, nem kell emiatt \u00fajabb ingatlanba fektetnie.<\/p>\n\n\n\n<p>Ma, amikor a felgyorsult gazdas\u00e1gi k\u00f6rnyezetben a gyors kiszolg\u00e1l\u00e1s hatalmas versenyel\u0151nyt jelent, a rakt\u00e1rb\u00e9rl\u00e9s rugalmas, k\u00f6lts\u00e9ghat\u00e9kony \u00e9s gyorsan el\u00e9rhet\u0151 megold\u00e1st ny\u00fajt, kiel\u00e9g\u00edtve a v\u00e1ltoz\u00f3 rakt\u00e1roz\u00e1si ig\u00e9nyeket \u00e9s fenntartva a v\u00e1llalatok piack\u00e9pess\u00e9g\u00e9t.<\/p>\n\n\n\n<h4 class=\"wp-block-heading\">Kiknek aj\u00e1nljuk a rakt\u00e1rb\u00e9rl\u00e9st Debrecenben?<\/h4>\n\n\n\n<p>Els\u0151sorban azoknak a v\u00e1llalkoz\u00e1soknak, akiknek fontos a gyors \u00e9s megb\u00edzhat\u00f3 ell\u00e1t\u00e1s. Debrecen logisztikai adotts\u00e1gai egyar\u00e1nt kiv\u00e1l\u00f3 lehet\u0151s\u00e9get ny\u00fajt a KKV-k \u00e9s a nagyv\u00e1llalatok sz\u00e1m\u00e1ra is.<\/p>\n\n\n\n<p>P\u00e9ld\u00e1ul az e-kereskedelemi c\u00e9geknek ide\u00e1lis b\u00e1zis, hiszen a v\u00e1rosb\u00f3l gyorsan el\u00e9rhet\u0151k az orsz\u00e1g k\u00fcl\u00f6nb\u00f6z\u0151 pontjai, valamint a hat\u00e1r menti piacok is. Ez lehet\u0151v\u00e9 teszi, hogy a web\u00e1ruh\u00e1zak r\u00f6vid sz\u00e1ll\u00edt\u00e1si hat\u00e1rid\u0151ket v\u00e1llaljanak, ami ma \u2013 valljuk be \u2013 n\u00e9lk\u00fcl\u00f6zhetetlen a v\u00e1s\u00e1rl\u00f3i el\u00e9gedetts\u00e9ghez.<\/p>\n\n\n\n<p>A nagyobb gy\u00e1rt\u00f3- \u00e9s kereskedelmi v\u00e1llalatoknak Debrecen az\u00e9rt egy strat\u00e9giai logisztikai k\u00f6zpont, mert biztos\u00edtja a zavartalan alapanyag- \u00e9s k\u00e9sz\u00e1ruforgalmat, m\u00edg a nemzetk\u00f6zi szerepl\u0151knek a v\u00e1ros k\u00f6zleked\u00e9si csom\u00f3pontk\u00e9nt kiv\u00e1l\u00f3 kapcsolatot k\u00edn\u00e1l Nyugat-Eur\u00f3pa \u00e9s a keleti piacok k\u00f6z\u00f6tt.<\/p>\n\n\n\n<p>Legyen sz\u00f3 belf\u00f6ldi vagy nemzetk\u00f6zi piaci jelenl\u00e9tr\u0151l, a megfelel\u0151 rakt\u00e1r kiv\u00e1laszt\u00e1sa kulcsfontoss\u00e1g\u00fa d\u00f6nt\u00e9s minden v\u00e1llalkoz\u00e1s eset\u00e9ben, ami hossz\u00fa t\u00e1von meghat\u00e1rozza az ell\u00e1t\u00e1si l\u00e1nc hat\u00e9konys\u00e1g\u00e1t. A Ghibli t\u00f6bb \u00e9vtizedes tapasztalat\u00e1val, modern rakt\u00e1rmegold\u00e1saival \u00e9s debreceni jelenl\u00e9t\u00e9vel olyan partnert jelent, akire c\u00e9gk\u00e9nt bizalommal t\u00e1maszkodhat. Nemcsak a rakt\u00e1rkapacit\u00e1st biztos\u00edtjuk, hanem komplex logisztikai szolg\u00e1ltat\u00e1sokat is, amelyekkel \u00fcgyfeleink g\u00f6rd\u00fcl\u00e9kenyebb m\u0171k\u00f6d\u00e9st \u00e9s versenyel\u0151nyt \u00e9rhetnek el.<\/p>\n\n\n\n<p>B\u00edzunk benne, hogy egyre t\u00f6bb hazai \u00e9s nemzetk\u00f6zi v\u00e1llalat fedezi fel a rakt\u00e1rb\u00e9rl\u00e9s el\u0151nyeit Debrecenben. Ha \u00d6n is olyan logisztikai partnert keres, aki rugalmass\u00e1got, biztons\u00e1got \u00e9s szak\u00e9rtelmet ny\u00fajt, forduljon hozz\u00e1nk bizalommal.<\/p>\n\n\n\n<p><strong><em><a href=\"https:\/\/ghibli.hu\/debrecen\/\">B\u00e9reljen rakt\u00e1rter\u00fcletet kiemelten kedvez\u0151 konstrukci\u00f3ban Debrecenben<\/a><\/em><\/strong>, ahol a korszer\u0171 infrastrukt\u00fara \u00e9s a strat\u00e9giai elhelyezked\u00e9s egyar\u00e1nt garant\u00e1lja a hat\u00e9kony logisztikai megold\u00e1sokat!<\/p>\n\n\n\n<p><\/p>\n\n\n\n<p><\/p>\n","protected":false},"excerpt":{"rendered":"<p>Ha egy c\u00e9gn\u00e9l nincs meg a megfelel\u0151 logisztika, akkor az ell\u00e1t\u00e1si l\u00e1ncban is zavar ad\u00f3dhat. Csak gondoljunk egy hirtelen k\u00e9szletn\u00f6veked\u00e9sre, a szezon\u00e1lis \u00e1ruk t\u00e1rol\u00e1s\u00e1ra vagy \u00e9pp egy \u00faj piac megh\u00f3d\u00edt\u00e1s\u00e1ra. Ezek mind olyan helyzetek, amikor megfelel\u0151 rakt\u00e1roz\u00e1sra van sz\u00fcks\u00e9g. Ilyenkor k\u00e9t megold\u00e1s van: egy saj\u00e1t rakt\u00e1r, ami hossz\u00fa t\u00e1von k\u00f6lts\u00e9ges lehet, f\u0151leg, ha nem tudjuk&#8230;<\/p>\n","protected":false},"author":2,"featured_media":7804,"comment_status":"closed","ping_status":"closed","sticky":false,"template":"","format":"standard","meta":{"_acf_changed":false,"footnotes":""},"categories":[40],"tags":[83,84],"class_list":["post-7803","post","type-post","status-publish","format-standard","has-post-thumbnail","hentry","category-blog","tag-debrecen","tag-raktarberles"],"acf":[],"_links":{"self":[{"href":"https:\/\/ghibli.hu\/en\/wp-json\/wp\/v2\/posts\/7803","targetHints":{"allow":["GET"]}}],"collection":[{"href":"https:\/\/ghibli.hu\/en\/wp-json\/wp\/v2\/posts"}],"about":[{"href":"https:\/\/ghibli.hu\/en\/wp-json\/wp\/v2\/types\/post"}],"author":[{"embeddable":true,"href":"https:\/\/ghibli.hu\/en\/wp-json\/wp\/v2\/users\/2"}],"replies":[{"embeddable":true,"href":"https:\/\/ghibli.hu\/en\/wp-json\/wp\/v2\/comments?post=7803"}],"version-history":[{"count":0,"href":"https:\/\/ghibli.hu\/en\/wp-json\/wp\/v2\/posts\/7803\/revisions"}],"wp:featuredmedia":[{"embeddable":true,"href":"https:\/\/ghibli.hu\/en\/wp-json\/wp\/v2\/media\/7804"}],"wp:attachment":[{"href":"https:\/\/ghibli.hu\/en\/wp-json\/wp\/v2\/media?parent=7803"}],"wp:term":[{"taxonomy":"category","embeddable":true,"href":"https:\/\/ghibli.hu\/en\/wp-json\/wp\/v2\/categories?post=7803"},{"taxonomy":"post_tag","embeddable":true,"href":"https:\/\/ghibli.hu\/en\/wp-json\/wp\/v2\/tags?post=7803"}],"curies":[{"name":"wp","href":"https:\/\/api.w.org\/{rel}","templated":true}]}}