{"id":7865,"date":"2025-10-10T11:32:51","date_gmt":"2025-10-10T09:32:51","guid":{"rendered":"https:\/\/ghibli.hu\/?p=7865"},"modified":"2025-10-10T11:32:51","modified_gmt":"2025-10-10T09:32:51","slug":"exportori-kotelezettseg","status":"publish","type":"post","link":"https:\/\/ghibli.hu\/en\/blog\/exportori-kotelezettseg\/","title":{"rendered":"Szigor\u00fa export\u0151ri k\u00f6telezetts\u00e9g az EU szankci\u00f3s rendszer\u00e9ben"},"content":{"rendered":"\n<p><strong>2024 december\u00e9t\u0151l az EU export\u0151reinek \u00faj szab\u00e1lyoknak kell megfelelni\u00fck az export\u0151ri k\u00f6telezetts\u00e9g miatt. Bizonyos \u201ek\u00f6z\u00f6s magas priorit\u00e1s\u00fa term\u00e9kek\u201d eset\u00e9ben kock\u00e1zat\u00e9rt\u00e9kel\u00e9st kell k\u00e9sz\u00edteni\u00fck, ha a kivitel nem k\u00f6zvetlen\u00fcl Oroszorsz\u00e1gba vagy Belaruszba, hanem m\u00e1s harmadik orsz\u00e1gba ir\u00e1nyul. Az el\u0151\u00edr\u00e1s jelent\u0151s v\u00e1ltoz\u00e1st hoz a k\u00fclkereskedelemben, amelyre minden export\u0151rnek fel kell k\u00e9sz\u00fclnie.<\/strong><\/p>\n\n\n\n<p>Az export\u0151r\u00f6ket \u00e9rint\u0151 EU szankci\u00f3s rendszere folyamatosan b\u0151v\u00fcl, \u00e9s a 2024\u20132025-\u00f6s \u00faj el\u0151\u00edr\u00e1sok k\u00fcl\u00f6n\u00f6sen nagy figyelmet ig\u00e9nyelnek. A \u201ek\u00f6z\u00f6s magas priorit\u00e1s\u00fa term\u00e9kek\u201d eset\u00e9ben most m\u00e1r nem el\u00e9g a vev\u0151 k\u00f6zvetlen hely\u00e9t ismerni, a teljes sz\u00e1ll\u00edtm\u00e1nyoz\u00e1si l\u00e1ncot \u00e1t kell tekinteni.<\/p>\n\n\n\n<h4 class=\"wp-block-heading\">Pontosan mir\u0151l sz\u00f3l az export\u0151ri k\u00f6telezetts\u00e9get \u00e9rint\u0151 \u00faj rendelet?<\/h4>\n\n\n\n<p>Az Eur\u00f3pai Uni\u00f3 2024 december\u00e9t\u0151l szigor\u00edtotta az Oroszorsz\u00e1g \u00e9s Belarusz elleni szankci\u00f3kat, amelyek kifejezetten \u00e9rintik az export\u0151r\u00f6ket. Az \u00fan. \u201ek\u00f6z\u00f6s magas priorit\u00e1s\u00fa term\u00e9kek\u201d \u2013 mint p\u00e9ld\u00e1ul szersz\u00e1mg\u00e9pek, csap\u00e1gyak, kondenz\u00e1torok vagy nyomtatott \u00e1ramk\u00f6r\u00f6k \u2013 kivitele eset\u00e9n az export\u0151rnek k\u00f6telez\u0151 kock\u00e1zat\u00e9rt\u00e9kel\u00e9st kell k\u00e9sz\u00edtenie, amennyiben az \u00e1rut harmadik orsz\u00e1gba sz\u00e1ll\u00edtja. Ez al\u00f3l csak n\u00e9h\u00e1ny neves\u00edtett partnerorsz\u00e1g, p\u00e9ld\u00e1ul az Egyes\u00fclt \u00c1llamok, Jap\u00e1n vagy D\u00e9l-Korea jelent kiv\u00e9telt.<\/p>\n\n\n\n<p>Az export\u0151ri k\u00f6telezetts\u00e9g c\u00e9lja a szankci\u00f3k kij\u00e1tsz\u00e1s\u00e1nak megel\u0151z\u00e9se \u00e9s az export ellen\u0151rizhet\u0151s\u00e9g\u00e9nek er\u0151s\u00edt\u00e9se. Vagyis annak felm\u00e9r\u00e9se, hogy fenn\u00e1ll-e a vesz\u00e9lye annak, hogy a sz\u00e1ll\u00edtm\u00e1ny k\u00f6zvetett \u00faton m\u00e9gis Oroszorsz\u00e1gba vagy Belaruszba ker\u00fcl.<\/p>\n\n\n\n<p>A kock\u00e1zat\u00e9rt\u00e9kel\u00e9s k\u00f6telez\u0151v\u00e9 t\u00e9tel\u00e9vel az export\u0151r\u00f6knek felel\u0151ss\u00e9get kell v\u00e1llalniuk az\u00e9rt, hogy \u00fczleti partnereik \u00e9s az ell\u00e1t\u00e1si l\u00e1nc \u00e1tl\u00e1that\u00f3ak legyenek. Mivel a rendelet minden tag\u00e1llamban egys\u00e9gesen alkalmazand\u00f3, \u00edgy nem maradhatnak \u201ekiskapuk\u201d az egyes orsz\u00e1gok k\u00f6z\u00f6tt.<\/p>\n\n\n\n<p><\/p>\n\n\n\n<figure class=\"wp-block-image size-full\"><img decoding=\"async\" width=\"1312\" height=\"736\" src=\"https:\/\/ghibli.hu\/wp-content\/uploads\/2025\/10\/szigoru-exportori-kotelezettseg-eu-kockazatertekeles-ghibli.png\" alt=\"Szigor\u00fa export\u0151ri k\u00f6telezetts\u00e9g - Kock\u00e1zat\u00e9rt\u00e9kel\u00e9s\" class=\"wp-image-7867\" title=\"\" srcset=\"https:\/\/ghibli.hu\/wp-content\/uploads\/2025\/10\/szigoru-exportori-kotelezettseg-eu-kockazatertekeles-ghibli.png 1312w, https:\/\/ghibli.hu\/wp-content\/uploads\/2025\/10\/szigoru-exportori-kotelezettseg-eu-kockazatertekeles-ghibli-300x168.png 300w, https:\/\/ghibli.hu\/wp-content\/uploads\/2025\/10\/szigoru-exportori-kotelezettseg-eu-kockazatertekeles-ghibli-1024x574.png 1024w\" sizes=\"(max-width: 1312px) 100vw, 1312px\" \/><figcaption><\/figcaption><\/figure>\n\n\n\n<p><\/p>\n\n\n\n<p>Ez az el\u0151\u00edr\u00e1s az <a href=\"https:\/\/eur-lex.europa.eu\/legal-content\/HU\/TXT\/?uri=CELEX:32014R0833\" target=\"_blank\" rel=\"noreferrer noopener\">EU Tan\u00e1cs\u00e1nak 833\/2014\/EU rendelet\u00e9nek<\/a> leg\u00fajabb m\u00f3dos\u00edt\u00e1s\u00e1hoz kapcsol\u00f3dik, amelyet a hivatalos k\u00f6zl\u00f6nyben 2024 december\u00e9ben tettek k\u00f6zz\u00e9, \u00e9s amelynek hat\u00e1lya al\u00e1 a KKV-kt\u00f3l kezdve eg\u00e9szen a multinacion\u00e1lis v\u00e1llalatokig minden export\u0151r tartozik.<\/p>\n\n\n\n<h4 class=\"wp-block-heading\">Mit jelent az export\u0151ri k\u00f6telezetts\u00e9g a gyakorlatban?<\/h4>\n\n\n\n<p>Ahogy m\u00e1r eml\u00edtett\u00fck, az \u00faj szab\u00e1lyoz\u00e1s \u00e9rtelm\u00e9ben az export\u0151r\u00f6knek k\u00f6telez\u0151 kock\u00e1zat\u00e9rt\u00e9kel\u00e9st kell k\u00e9sz\u00edteni\u00fck minden olyan sz\u00e1ll\u00edt\u00e1sn\u00e1l, ahol a v\u00e9gs\u0151 c\u00e9lorsz\u00e1g nem az Eur\u00f3pai Uni\u00f3, \u00e9s nem is az enged\u00e9lyezett partnerorsz\u00e1gok egyike. Ezzel a szigor\u00edt\u00e1ssal az EU biztos\u00edtja a c\u00e9gek felel\u0151ss\u00e9gv\u00e1llal\u00e1s\u00e1t az ell\u00e1t\u00e1si l\u00e1nc \u00e1tl\u00e1that\u00f3s\u00e1g\u00e1\u00e9rt.<\/p>\n\n\n\n<p>Ebb\u0151l kifoly\u00f3lag a v\u00e1llalatoknak meg kell vizsg\u00e1lniuk, hogy:<\/p>\n\n\n\n<ul class=\"wp-block-list\">\n<li>ki a c\u00edmzett<\/li>\n\n\n\n<li>ki a v\u00e9gfelhaszn\u00e1l\u00f3<\/li>\n\n\n\n<li>mi a term\u00e9k v\u00e9gfelhaszn\u00e1l\u00e1si m\u00f3dja<\/li>\n\n\n\n<li>mi a c\u00e9lorsz\u00e1g, teh\u00e1t, hogy fenn\u00e1ll-e annak kock\u00e1zata, hogy az \u00e1ru k\u00f6zvetett \u00faton Oroszorsz\u00e1gba vagy Belaruszba ker\u00fcl.<\/li>\n<\/ul>\n\n\n\n<p>A kock\u00e1zat\u00e9rt\u00e9kel\u00e9st dokument\u00e1lt form\u00e1ban kell elk\u00e9sz\u00edteni, \u00e9s meg\u0151rz\u00e9si k\u00f6telezetts\u00e9g is vonatkozik r\u00e1. A hat\u00f3s\u00e1gok ugyanis ut\u00f3lag is ellen\u0151rizhetik, hogy az export\u0151r eleget tett-e a szab\u00e1lyoknak.<\/p>\n\n\n\n<p><\/p>\n\n\n\n<figure class=\"wp-block-image size-full\"><img decoding=\"async\" width=\"1920\" height=\"1080\" src=\"https:\/\/ghibli.hu\/wp-content\/uploads\/2025\/10\/eu-exportor-kotelezettseg-szabalyzat.jpg\" alt=\"EU Export\u0151ri K\u00f6telezetts\u00e9g - Ghibli Logisztika\" class=\"wp-image-7868\" title=\"\" srcset=\"https:\/\/ghibli.hu\/wp-content\/uploads\/2025\/10\/eu-exportor-kotelezettseg-szabalyzat.jpg 1920w, https:\/\/ghibli.hu\/wp-content\/uploads\/2025\/10\/eu-exportor-kotelezettseg-szabalyzat-300x169.jpg 300w, https:\/\/ghibli.hu\/wp-content\/uploads\/2025\/10\/eu-exportor-kotelezettseg-szabalyzat-1024x576.jpg 1024w\" sizes=\"(max-width: 1920px) 100vw, 1920px\" \/><figcaption><\/figcaption><\/figure>\n\n\n\n<p><\/p>\n\n\n\n<p>Ez az export\u0151ri k\u00f6telezetts\u00e9g nemcsak egy plusz munk\u00e1t akar jelenteni, hanem egyr\u00e9szt bizony\u00edtja a c\u00e9g megfelel\u00e9s\u00e9t, m\u00e1sr\u00e9szt cs\u00f6kkenti annak kock\u00e1zat\u00e1t, hogy a v\u00e1llalat \u2013 ak\u00e1r akaratlanul is \u2013 megs\u00e9rtse az uni\u00f3s szankci\u00f3kat, ami s\u00falyos b\u00edrs\u00e1gokkal \u00e9s ak\u00e1r \u00fczleti lehet\u0151s\u00e9gek elveszt\u00e9s\u00e9vel j\u00e1rhatna.<\/p>\n\n\n\n<p>A v\u00e1llalatoknak alaposan ut\u00e1na kell j\u00e1rniuk a vev\u0151 hiteless\u00e9g\u00e9nek, ellen\u0151rizni\u00fck kell a logisztikai \u00fatvonalat, illetve felm\u00e9rni, hogy a term\u00e9k jellege miatt mennyire val\u00f3sz\u00edn\u0171 a szankci\u00f3k kij\u00e1tsz\u00e1sa. Ezzel egy tudatosabb \u00e9s \u00e1tl\u00e1that\u00f3bb kereskedelmi gyakorlat ker\u00fcl kialak\u00edt\u00e1sra.<\/p>\n\n\n\n<p>A szankci\u00f3s int\u00e9zked\u00e9sekr\u0151l \u00e9s az azokb\u00f3l fakad\u00f3 k\u00f6telezetts\u00e9gekr\u0151l r\u00e9szletesebb inform\u00e1ci\u00f3t olvashat k\u00e9t csatolt mell\u00e9klet\u00fcnkb\u0151l, amely <a href=\"https:\/\/ghibli.hu\/wp-content\/uploads\/2025\/10\/EU-szankciok_kockazatcsokkentesi-intezkedesek.docx-1.pdf\" target=\"_blank\" rel=\"noreferrer noopener\">egy r\u00e9szletes t\u00e1j\u00e9koztat\u00f3 a rendeletr\u0151l<\/a>, valamint egy <a href=\"https:\/\/ghibli.hu\/wp-content\/uploads\/2025\/10\/Kockazatertekelesi-lap-minta.docx.pdf\" target=\"_blank\" rel=\"noreferrer noopener\">kock\u00e1zat\u00e9rt\u00e9kel\u00e9si lap<\/a>.<\/p>\n\n\n\n<p><\/p>\n","protected":false},"excerpt":{"rendered":"<p>2024 december\u00e9t\u0151l az EU export\u0151reinek \u00faj szab\u00e1lyoknak kell megfelelni\u00fck az export\u0151ri k\u00f6telezetts\u00e9g miatt. Bizonyos \u201ek\u00f6z\u00f6s magas priorit\u00e1s\u00fa term\u00e9kek\u201d eset\u00e9ben kock\u00e1zat\u00e9rt\u00e9kel\u00e9st kell k\u00e9sz\u00edteni\u00fck, ha a kivitel nem k\u00f6zvetlen\u00fcl Oroszorsz\u00e1gba vagy Belaruszba, hanem m\u00e1s harmadik orsz\u00e1gba ir\u00e1nyul. Az el\u0151\u00edr\u00e1s jelent\u0151s v\u00e1ltoz\u00e1st hoz a k\u00fclkereskedelemben, amelyre minden export\u0151rnek fel kell k\u00e9sz\u00fclnie. Az export\u0151r\u00f6ket \u00e9rint\u0151 EU szankci\u00f3s rendszere folyamatosan&#8230;<\/p>\n","protected":false},"author":2,"featured_media":7866,"comment_status":"closed","ping_status":"closed","sticky":false,"template":"","format":"standard","meta":{"_acf_changed":false,"footnotes":""},"categories":[40],"tags":[118,119,104,120,121,122],"class_list":["post-7865","post","type-post","status-publish","format-standard","has-post-thumbnail","hentry","category-blog","tag-eu","tag-exportor","tag-ghibli","tag-kotelezettseg","tag-szabalyozas","tag-szankcio"],"acf":[],"_links":{"self":[{"href":"https:\/\/ghibli.hu\/en\/wp-json\/wp\/v2\/posts\/7865","targetHints":{"allow":["GET"]}}],"collection":[{"href":"https:\/\/ghibli.hu\/en\/wp-json\/wp\/v2\/posts"}],"about":[{"href":"https:\/\/ghibli.hu\/en\/wp-json\/wp\/v2\/types\/post"}],"author":[{"embeddable":true,"href":"https:\/\/ghibli.hu\/en\/wp-json\/wp\/v2\/users\/2"}],"replies":[{"embeddable":true,"href":"https:\/\/ghibli.hu\/en\/wp-json\/wp\/v2\/comments?post=7865"}],"version-history":[{"count":0,"href":"https:\/\/ghibli.hu\/en\/wp-json\/wp\/v2\/posts\/7865\/revisions"}],"wp:featuredmedia":[{"embeddable":true,"href":"https:\/\/ghibli.hu\/en\/wp-json\/wp\/v2\/media\/7866"}],"wp:attachment":[{"href":"https:\/\/ghibli.hu\/en\/wp-json\/wp\/v2\/media?parent=7865"}],"wp:term":[{"taxonomy":"category","embeddable":true,"href":"https:\/\/ghibli.hu\/en\/wp-json\/wp\/v2\/categories?post=7865"},{"taxonomy":"post_tag","embeddable":true,"href":"https:\/\/ghibli.hu\/en\/wp-json\/wp\/v2\/tags?post=7865"}],"curies":[{"name":"wp","href":"https:\/\/api.w.org\/{rel}","templated":true}]}}