{"id":7877,"date":"2025-10-22T09:23:29","date_gmt":"2025-10-22T07:23:29","guid":{"rendered":"https:\/\/ghibli.hu\/?p=7877"},"modified":"2025-10-22T09:23:29","modified_gmt":"2025-10-22T07:23:29","slug":"logisztikai-kozpont-elhelyezkedes","status":"publish","type":"post","link":"https:\/\/ghibli.hu\/en\/blog\/logisztikai-kozpont-elhelyezkedes\/","title":{"rendered":"Mi\u00e9rt fontos a logisztikai k\u00f6zpontok k\u00f6zels\u00e9ge az aut\u00f3p\u00e1ly\u00e1khoz \u00e9s a rep\u00fcl\u0151t\u00e9rhez?"},"content":{"rendered":"\n<p><strong>Egy logisztikai k\u00f6zpont nem egyszer\u0171en csak egy rakt\u00e1r\u00e9p\u00fclet, hanem egy strat\u00e9giai helysz\u00edn, mely meghat\u00e1rozza, hogy milyen gyorsan \u00e9s hat\u00e9konyan tud lebonyol\u00f3dni az \u00e1rusz\u00e1ll\u00edt\u00e1s. Ez\u00e9rt az elhelyezked\u00e9s\u00e9nek kiemelt jelent\u0151s\u00e9ge van. Az aut\u00f3p\u00e1ly\u00e1k, rep\u00fcl\u0151terek vagy vas\u00fati csom\u00f3pontok k\u00f6zels\u00e9ge megfelel\u0151 helysz\u00ednnek bizonyulnak.<\/strong><\/p>\n\n\n\n<p>A logisztikai k\u00f6zpontok sikere nemcsak a rakt\u00e1r nagys\u00e1g\u00e1n, felszerelts\u00e9g\u00e9n \u00e9s a ny\u00fajtott szolg\u00e1ltat\u00e1sokon m\u00falik. Ahhoz, hogy az ig\u00e9nyeket a legkomplexebb m\u00f3don ki tudj\u00e1k el\u00e9g\u00edteni, fontos, hogy hol helyezkednek el. Emellett a telephely kiv\u00e1laszt\u00e1sa sor\u00e1n t\u00f6bb t\u00e9nyez\u0151t is figyelembe kell venni, hogy hossz\u00fa t\u00e1von is versenyk\u00e9pes m\u0171k\u00f6d\u00e9st biztos\u00edtson.<\/p>\n\n\n\n<h4 class=\"wp-block-heading\">Milyen t\u00e9nyez\u0151k hat\u00e1rozz\u00e1k meg a logisztikai k\u00f6zpont helysz\u00ednv\u00e1laszt\u00e1s\u00e1t?<\/h4>\n\n\n\n<p>A megfelel\u0151 lok\u00e1ci\u00f3 kiv\u00e1laszt\u00e1s\u00e1t t\u00f6bbek k\u00f6z\u00f6tt h\u00e1rom jelent\u0151s szempont befoly\u00e1solja:<\/p>\n\n\n\n<ul class=\"wp-block-list\">\n<li>a k\u00f6zleked\u00e9si infrastrukt\u00fara<\/li>\n\n\n\n<li>a munkaer\u0151piaci szempontok<\/li>\n\n\n\n<li>valamint az ipari parkok \u00e9s gazdas\u00e1gi \u00f6vezetek.<\/li>\n<\/ul>\n\n\n\n<p>A k\u00f6zleked\u00e9si infrastrukt\u00fara az\u00e9rt fontos t\u00e9nyez\u0151, mert egy logisztikai k\u00f6zpont el\u00e9rhet\u0151s\u00e9ge k\u00e9ts\u00e9g k\u00edv\u00fcl az egyik legmeghat\u00e1roz\u00f3bb a hat\u00e9kony \u00e9s gyors logisztikai szolg\u00e1ltat\u00e1s ny\u00fajt\u00e1sa \u00e9rdek\u00e9ben. Az aut\u00f3p\u00e1ly\u00e1k, vas\u00fatvonalak \u00e9s rep\u00fcl\u0151terek k\u00f6zels\u00e9ge gyors kapcsolatot teremt a belf\u00f6ldi \u00e9s nemzetk\u00f6zi piacok fel\u00e9, valamint lehet\u0151v\u00e9 teszik a nagy volumen\u0171 \u00e9s k\u00f6lts\u00e9ghat\u00e9kony \u00e1rusz\u00e1ll\u00edt\u00e1st ak\u00e1r belf\u00f6ldre, ak\u00e1r k\u00fclf\u00f6ldre egyar\u00e1nt.<\/p>\n\n\n\n<p>Magyarorsz\u00e1gon ez\u00e9rt is \u00e9p\u00fclt sok logisztikai park az aut\u00f3p\u00e1ly\u00e1k mellett. J\u00f3 p\u00e9lda erre a Ghibli Kft., amely a CTPark Vecs\u00e9s logisztikai parkban 19 200 m\u00b2-es rakt\u00e1rral rendelkezik, k\u00f6zvetlen\u00fcl az M0-\u00e1s mellett, valamint a BUD Cargo City ter\u00fclet\u00e9n tov\u00e1bbi 10 000 m\u00b2-es l\u00e9gi \u00e1rurakt\u00e1rral. Ez a strat\u00e9giai elhelyezked\u00e9s lehet\u0151v\u00e9 teszi, hogy a v\u00e1llalat minden l\u00e9gi \u00e1rut\u00edpust kezelni tudjon, \u00e9s napi szinten t\u00f6bb mint 500 000 darab v\u00e1mkezel\u00e9st v\u00e9gezzen, biztos\u00edtva ezzel a gyors \u00e9s hat\u00e9kony logisztikai folyamatokat belf\u00f6ld\u00f6n \u00e9s nemzetk\u00f6zi szinten is.<\/p>\n\n\n\n<p><\/p>\n\n\n\n<figure class=\"wp-block-image size-full\"><img decoding=\"async\" width=\"1335\" height=\"805\" src=\"https:\/\/ghibli.hu\/wp-content\/uploads\/2025\/10\/debrecen-raktar-logisztika-ghibli.jpg\" alt=\"Ghibli Logisztikai K\u00f6zpont\" class=\"wp-image-7883\" style=\"object-fit:contain\" title=\"\" srcset=\"https:\/\/ghibli.hu\/wp-content\/uploads\/2025\/10\/debrecen-raktar-logisztika-ghibli.jpg 1335w, https:\/\/ghibli.hu\/wp-content\/uploads\/2025\/10\/debrecen-raktar-logisztika-ghibli-300x181.jpg 300w, https:\/\/ghibli.hu\/wp-content\/uploads\/2025\/10\/debrecen-raktar-logisztika-ghibli-1024x617.jpg 1024w\" sizes=\"(max-width: 1335px) 100vw, 1335px\" \/><figcaption><\/figcaption><\/figure>\n\n\n\n<p><\/p>\n\n\n\n<p>Nem elhanyagolhat\u00f3 szempont a szakk\u00e9pzett munkaer\u0151 sem, mely a logisztikai k\u00f6zpont motorja. Ez\u00e9rt is fontos, hogy ne csak el\u00e9rhet\u0151 legyen a megfelel\u0151 dolgoz\u00f3i ut\u00e1np\u00f3tl\u00e1s, de a munkav\u00e1llal\u00f3knak a mindennapi munk\u00e1ba j\u00e1r\u00e1s se okozzon probl\u00e9m\u00e1t.<\/p>\n\n\n\n<p>V\u00e9g\u00fcl, de nem utols\u00f3 sorban az ipari parkok \u00e9s gazdas\u00e1gi \u00f6vezetek sem v\u00e9letlen\u00fcl sz\u00e1m\u00edtanak d\u00f6nt\u0151 t\u00e9nyez\u0151nek. Tekintve az infrastrukt\u00far\u00e1t, a szinergi\u00e1t vagy a k\u00f6z\u00f6s szolg\u00e1ltat\u00e1sokat, ezek mind hozz\u00e1j\u00e1rulnak egy logisztikai k\u00f6zpont hat\u00e9kony m\u0171k\u00f6d\u00e9s\u00e9hez.<\/p>\n\n\n\n<h4 class=\"wp-block-heading\">Mi\u00e9rt kifejezetten fontos az aut\u00f3p\u00e1lya \u00e9s a rep\u00fcl\u0151t\u00e9r egy logisztikai k\u00f6zpont szempontj\u00e1b\u00f3l?<\/h4>\n\n\n\n<p>Feljebb p\u00e1r sz\u00f3ban m\u00e1r eml\u00edtett\u00fck ezen lok\u00e1ci\u00f3k el\u0151ny\u00e9t, de n\u00e9zz\u00fck meg most kicsit m\u00e9lyebben, mi\u00e9rt is van akkora jelent\u0151s\u00e9g\u00fck.<\/p>\n\n\n\n<p>Az aut\u00f3p\u00e1ly\u00e1k biztos\u00edtj\u00e1k, hogy a rakt\u00e1rb\u00f3l az \u00e1ru gyorsan el\u00e9rjen az orsz\u00e1g b\u00e1rmely pontj\u00e1ra, s\u0151t, ak\u00e1r hat\u00e1ron t\u00fali c\u00e9l\u00e1llom\u00e1sokra is. Hiszen a j\u00f3l ki\u00e9p\u00edtett gyorsforgalmi \u00fatvonalak r\u00f6videbb sz\u00e1ll\u00edt\u00e1si id\u0151t \u00e9s kevesebb munka\u00f3r\u00e1t jelentenek, ami id\u0151-, \u00fczemanyag- \u00e9s k\u00f6lts\u00e9gmegtakar\u00edt\u00e1st eredm\u00e9nyez.<\/p>\n\n\n\n<p>Ezen k\u00edv\u00fcl n\u0151 a kisz\u00e1ll\u00edt\u00e1sok megb\u00edzhat\u00f3s\u00e1ga is, mivel a folyamatosan karbantartott \u00fatvonalakon kevesebb a k\u00e9s\u00e9si kock\u00e1zat \u00e9s a sz\u00e1ll\u00edtm\u00e1nyok s\u00e9r\u00fcl\u00e9svesz\u00e9lye. Hiszen csak gondoljunk egy logisztikai k\u00f6zpontra, ami t\u00e1vol esik az aut\u00f3p\u00e1ly\u00e1t\u00f3l. A fuvaroz\u00f3knak k\u00fcl\u00f6nb\u00f6z\u0151 kanyarg\u00f3s, k\u00e1ty\u00fas utakkal torl\u00f3d\u00e1sokkal \u00e9s sebess\u00e9gkorl\u00e1toz\u00e1sokkal kell megk\u00fczdeni\u00fck a sz\u00e1ll\u00edt\u00e1s sor\u00e1n. Ez komoly kih\u00edv\u00e1sokat okoz a hat\u00e9konys\u00e1gban.<\/p>\n\n\n\n<p>Magyarorsz\u00e1gon p\u00e9ld\u00e1ul az M0 k\u00f6rgy\u0171r\u0171 \u00e9s a sug\u00e1rir\u00e1ny\u00fa aut\u00f3p\u00e1ly\u00e1k k\u00f6zels\u00e9ge szinte alapk\u00f6vetelm\u00e9ny a modern logisztikai k\u00f6zpontokn\u00e1l.<\/p>\n\n\n\n<p>A rep\u00fcl\u0151t\u00e9r k\u00f6zels\u00e9ge k\u00fcl\u00f6n\u00f6sen a nemzetk\u00f6zi sz\u00e1ll\u00edtm\u00e1nyok \u00e9s a gyorsan forg\u00f3, magas \u00e9rt\u00e9k\u0171 \u00e1ruk eset\u00e9ben jelent strat\u00e9giai el\u0151nyt. Egy j\u00f3l megk\u00f6zel\u00edthet\u0151 rep\u00fcl\u0151t\u00e9r lehet\u0151v\u00e9 teszi, hogy a rakt\u00e1rb\u00f3l az \u00e1ru perceken bel\u00fcl l\u00e9gi sz\u00e1ll\u00edtm\u00e1nyoz\u00e1si \u00fatvonalon haladjon tov\u00e1bb a c\u00e9l\u00e1llom\u00e1s fel\u00e9. \u00cdgy cs\u00f6kkentve a f\u00f6ldi transzferid\u0151t, a k\u00e9s\u00e9seket \u00e9s a v\u00e1mkezel\u00e9ssel j\u00e1r\u00f3 akad\u00e1lyokat.<\/p>\n\n\n\n<p>Ez egy remek lehet\u0151s\u00e9g k\u00fcl\u00f6n\u00f6sen a modern kereskedelemben, ahol a vev\u0151k gyors sz\u00e1ll\u00edt\u00e1sra tartanak ig\u00e9nyt, \u00e9s a k\u00e9s\u00e9s k\u00f6zvetlen p\u00e9nz\u00fcgyi vesztes\u00e9get jelenthet.<\/p>\n\n\n\n<p>Emellett a rep\u00fcl\u0151t\u00e9r biztos\u00edtja az intermod\u00e1lis, azaz a kombin\u00e1lt l\u00e9gi \u00e9s k\u00f6z\u00fati sz\u00e1ll\u00edt\u00e1si lehet\u0151s\u00e9get, amely n\u00f6veli a logisztikai k\u00f6zpont rugalmass\u00e1g\u00e1t \u00e9s kapacit\u00e1skihaszn\u00e1lts\u00e1g\u00e1t.<\/p>\n\n\n\n<p>A Debreceni Nemzetk\u00f6zi Rep\u00fcl\u0151t\u00e9r p\u00e9ld\u00e1ul ide\u00e1lis lok\u00e1ci\u00f3t biztos\u00edt, mivel gyors \u00e9s biztons\u00e1gos sz\u00e1ll\u00edt\u00e1si lehet\u0151s\u00e9get k\u00edn\u00e1l mind hazai, mind nemzetk\u00f6zi szinten.<\/p>\n\n\n\n<p>A <a href=\"https:\/\/ghibli.hu\/debrecen\/\" target=\"_blank\" rel=\"noreferrer noopener\">Ghibli logisztikai k\u00f6zpontja<\/a> ez\u00e9rt is helyezkedik el a Debreceni Nemzetk\u00f6zi Rep\u00fcl\u0151t\u00e9r k\u00f6zvetlen k\u00f6zel\u00e9ben, ami \u00e1ltal biztos\u00edtani tudjuk, hogy az \u00e1ruk perceken bel\u00fcl l\u00e9gi vagy k\u00f6z\u00fati sz\u00e1ll\u00edt\u00e1sra ker\u00fcljenek, gyorsan eljussanak a hazai piacokra, valamint a nemzetk\u00f6zi c\u00e9l\u00e1llom\u00e1sokra, mik\u00f6zben a sz\u00e1ll\u00edt\u00e1si folyamat biztons\u00e1gos \u00e9s ellen\u0151rizhet\u0151 marad.<\/p>\n","protected":false},"excerpt":{"rendered":"<p>Egy logisztikai k\u00f6zpont nem egyszer\u0171en csak egy rakt\u00e1r\u00e9p\u00fclet, hanem egy strat\u00e9giai helysz\u00edn, mely meghat\u00e1rozza, hogy milyen gyorsan \u00e9s hat\u00e9konyan tud lebonyol\u00f3dni az \u00e1rusz\u00e1ll\u00edt\u00e1s. Ez\u00e9rt az elhelyezked\u00e9s\u00e9nek kiemelt jelent\u0151s\u00e9ge van. Az aut\u00f3p\u00e1ly\u00e1k, rep\u00fcl\u0151terek vagy vas\u00fati csom\u00f3pontok k\u00f6zels\u00e9ge megfelel\u0151 helysz\u00ednnek bizonyulnak. A logisztikai k\u00f6zpontok sikere nemcsak a rakt\u00e1r nagys\u00e1g\u00e1n, felszerelts\u00e9g\u00e9n \u00e9s a ny\u00fajtott szolg\u00e1ltat\u00e1sokon m\u00falik. Ahhoz, hogy&#8230;<\/p>\n","protected":false},"author":2,"featured_media":7804,"comment_status":"closed","ping_status":"closed","sticky":false,"template":"","format":"standard","meta":{"_acf_changed":false,"footnotes":""},"categories":[40],"tags":[123,124,93,110,106,107],"class_list":["post-7877","post","type-post","status-publish","format-standard","has-post-thumbnail","hentry","category-blog","tag-autopalya","tag-ghibli-logisztika","tag-logisztika","tag-logisztika-debrecen","tag-logisztikai-kozpont","tag-repuloter"],"acf":[],"_links":{"self":[{"href":"https:\/\/ghibli.hu\/en\/wp-json\/wp\/v2\/posts\/7877","targetHints":{"allow":["GET"]}}],"collection":[{"href":"https:\/\/ghibli.hu\/en\/wp-json\/wp\/v2\/posts"}],"about":[{"href":"https:\/\/ghibli.hu\/en\/wp-json\/wp\/v2\/types\/post"}],"author":[{"embeddable":true,"href":"https:\/\/ghibli.hu\/en\/wp-json\/wp\/v2\/users\/2"}],"replies":[{"embeddable":true,"href":"https:\/\/ghibli.hu\/en\/wp-json\/wp\/v2\/comments?post=7877"}],"version-history":[{"count":0,"href":"https:\/\/ghibli.hu\/en\/wp-json\/wp\/v2\/posts\/7877\/revisions"}],"wp:featuredmedia":[{"embeddable":true,"href":"https:\/\/ghibli.hu\/en\/wp-json\/wp\/v2\/media\/7804"}],"wp:attachment":[{"href":"https:\/\/ghibli.hu\/en\/wp-json\/wp\/v2\/media?parent=7877"}],"wp:term":[{"taxonomy":"category","embeddable":true,"href":"https:\/\/ghibli.hu\/en\/wp-json\/wp\/v2\/categories?post=7877"},{"taxonomy":"post_tag","embeddable":true,"href":"https:\/\/ghibli.hu\/en\/wp-json\/wp\/v2\/tags?post=7877"}],"curies":[{"name":"wp","href":"https:\/\/api.w.org\/{rel}","templated":true}]}}