{"id":7903,"date":"2025-11-24T21:55:30","date_gmt":"2025-11-24T20:55:30","guid":{"rendered":"https:\/\/ghibli.hu\/?p=7903"},"modified":"2026-01-28T21:22:06","modified_gmt":"2026-01-28T20:22:06","slug":"raktar-berles-szempontjai","status":"publish","type":"post","link":"https:\/\/ghibli.hu\/en\/blog\/raktar-berles-szempontjai\/","title":{"rendered":"Rakt\u00e1r b\u00e9rl\u00e9s szempontjai &#8211; 5 dolog, amit figyelembe kell venned, ha rakt\u00e1rt b\u00e9relsz"},"content":{"rendered":"\n<p>Megfelel\u0151 rakt\u00e1rra szert tenni legal\u00e1bb olyan jelent\u0151s, mint \u00e1lmaink otthon\u00e1ra r\u00e1tal\u00e1lni. Fontos a frekvent\u00e1lt elhelyezked\u00e9s, a megfizethet\u0151s\u00e9g, \u00e9s hogy hossz\u00fa t\u00e1von is kiszolg\u00e1lja az ig\u00e9nyeinket. Egy olyan kardin\u00e1lis d\u00f6nt\u00e9s, ami hat\u00e1ssal van az \u00fczlet\u00fcnk m\u0171k\u00f6d\u00e9s\u00e9re \u00e9s j\u00f6v\u0151j\u00e9re, ez\u00e9rt elengedhetetlen, hogy odafigyelj\u00fcnk a rakt\u00e1r b\u00e9rl\u00e9s szempontjaira, amiket ebben a cikkben be is mutatunk.<\/p>\n\n\n\n<p>Hiszen ak\u00e1r e-kereskedelmi v\u00e1llalkoz\u00f3k, gy\u00e1rt\u00f3k vagy nagykeresked\u0151k legy\u00fcnk, nem mindegy, hogy milyen gyorsan tudjuk kiszolg\u00e1lni a vev\u0151inket, milyen m\u00e9rt\u00e9k\u0171 sz\u00e1ll\u00edt\u00e1si k\u00f6lts\u00e9ggel dolgozunk, vagy hogy milyen g\u00f6rd\u00fcl\u00e9kenyen m\u0171k\u00f6dik a teljes ell\u00e1t\u00e1si l\u00e1ncunk.<\/p>\n\n\n\n<p>Az al\u00e1bbi 5 szempont abban seg\u00edt, hogy a megfelel\u0151 rakt\u00e1r kiv\u00e1laszt\u00e1s\u00e1val ne csak egyszer\u0171en helyet tal\u00e1ljunk a term\u00e9kek t\u00e1rol\u00e1s\u00e1hoz, hanem versenyel\u0151nyre is szert tegy\u00fcnk.<\/p>\n\n\n\n<h4 class=\"wp-block-heading\">1. Lok\u00e1ci\u00f3 \u00e9s megk\u00f6zel\u00edthet\u0151s\u00e9g<\/h4>\n\n\n\n<ol class=\"wp-block-list\"><\/ol>\n\n\n\n<p>A rakt\u00e1r b\u00e9rl\u00e9s szempontjai k\u00f6z\u00fcl az elhelyezked\u00e9s az egyik legfontosabb t\u00e9nyez\u0151. \u00c9rdemes olyan helysz\u00ednt v\u00e1lasztani, amely k\u00f6nnyen el\u00e9rhet\u0151 <a href=\"https:\/\/ghibli.hu\/blog\/logisztikai-kozpont-elhelyezkedes\/\" target=\"_blank\" rel=\"noreferrer noopener\">aut\u00f3p\u00e1ly\u00e1r\u00f3l<\/a> vagy f\u0151\u00fatr\u00f3l, illetve k\u00f6zel van a legfontosabb besz\u00e1ll\u00edt\u00f3khoz \u00e9s \u00fcgyfelekhez. A rep\u00fcl\u0151t\u00e9r vagy <a href=\"https:\/\/ghibli.hu\/blog\/vasuti-arufuvarozas-elonyei\/\" target=\"_blank\" rel=\"noreferrer noopener\">vas\u00fat k\u00f6zels\u00e9ge<\/a> tov\u00e1bbi el\u0151nyt jelenthet, ha nemzetk\u00f6zi \u00e1rusz\u00e1ll\u00edt\u00e1sban is gondolkodunk.<\/p>\n\n\n\n<h4 class=\"wp-block-heading\">2. M\u00e9ret \u00e9s kapacit\u00e1s<\/h4>\n\n\n\n<p>A megfelel\u0151 rakt\u00e1rm\u00e9ret nemcsak a jelenlegi ig\u00e9nyeket, hanem a j\u00f6v\u0151beni n\u00f6veked\u00e9st is figyelembe veszi. Mindenk\u00e9ppen gondolkodjunk el\u0151re \u00e9s olyan helyis\u00e9get v\u00e1lasszunk, ahol a hely optim\u00e1lisan kihaszn\u00e1lhat\u00f3, b\u0151v\u00edthet\u0151 \u00e9s rendelkezik a sz\u00fcks\u00e9ges belmagass\u00e1ggal, rakod\u00f3terekkel, parkol\u00f3val. A t\u00fal kicsi rakt\u00e1r g\u00e1tolhatja a n\u00f6veked\u00e9st, a t\u00fal nagy pedig felesleges k\u00f6lts\u00e9get jelenthet.<\/p>\n\n\n\n<p><\/p>\n\n\n\n<figure class=\"wp-block-image size-full\"><img decoding=\"async\" width=\"1000\" height=\"667\" src=\"https:\/\/ghibli.hu\/wp-content\/uploads\/2025\/11\/raktar-berles-szempontjai-ezekre-igyelj.jpg\" alt=\"\" class=\"wp-image-7904\" title=\"\" srcset=\"https:\/\/ghibli.hu\/wp-content\/uploads\/2025\/11\/raktar-berles-szempontjai-ezekre-igyelj.jpg 1000w, https:\/\/ghibli.hu\/wp-content\/uploads\/2025\/11\/raktar-berles-szempontjai-ezekre-igyelj-300x200.jpg 300w\" sizes=\"(max-width: 1000px) 100vw, 1000px\" \/><figcaption><\/figcaption><\/figure>\n\n\n\n<p><\/p>\n\n\n\n<h4 class=\"wp-block-heading\">3. Biztons\u00e1g \u00e9s infrastrukt\u00fara<\/h4>\n\n\n\n<p>A biztons\u00e1gos t\u00e1rol\u00e1s alapvet\u0151 ig\u00e9ny. Egy rakt\u00e1rn\u00e1l n\u00e9lk\u00fcl\u00f6zhetetlen, hogy legyen kamerarendszer, bel\u00e9ptet\u0151kapu, t\u0171zv\u00e9delmi \u00e9s riaszt\u00f3rendszer. Emellett fontos a t\u00e1rol\u00f3hely m\u0171szaki \u00e1llapota, hogy egy rossz szigetel\u00e9s vagy szell\u0151z\u00e9s k\u00e9s\u0151bb ne okozzon probl\u00e9m\u00e1t. De azt is vegy\u00fck figyelembe, hogy alkalmas-e speci\u00e1lis \u00e1ruk \u2013 p\u00e9ld\u00e1ul \u00e9lelmiszer, vesz\u00e9lyes \u00e1ru vagy elektronikai term\u00e9k \u2013 t\u00e1rol\u00e1s\u00e1ra.<\/p>\n\n\n\n<h4 class=\"wp-block-heading\">4. Szolg\u00e1ltat\u00e1sok \u00e9s rugalmass\u00e1g<\/h4>\n\n\n\n<p>A modern logisztikai k\u00f6zpontok nemcsak helyet adnak a t\u00e1rol\u00e1shoz, hanem komplex szolg\u00e1ltat\u00e1sokat is. P\u00e9ld\u00e1ul v\u00e1mkezel\u00e9st, komissi\u00f3z\u00e1st vagy csomagol\u00e1st, ami nagyban megk\u00f6nny\u00edti a logisztikai feladatainkat. A rugalmas szerz\u0151d\u00e9si felt\u00e9telek, mint a b\u0151v\u00edthet\u0151 b\u00e9rleti ter\u00fclet vagy r\u00f6vid felmond\u00e1si id\u0151 szint\u00e9n komoly el\u0151nnyel b\u00edrnak a rakt\u00e1r b\u00e9rl\u00e9s szempontjait tekintve. De minden esetben alaposan n\u00e9zz\u00fck \u00e1t a szerz\u0151d\u00e9st, nehogy k\u00e9s\u0151bb rejtett k\u00f6lts\u00e9gek vagy egy\u00e9b t\u00e9nyez\u0151k probl\u00e9m\u00e1t okozzanak.<\/p>\n\n\n\n<h4 class=\"wp-block-heading\">5. K\u00f6lts\u00e9gek \u00e9s hossz\u00fa t\u00e1v\u00fa megt\u00e9r\u00fcl\u00e9s<\/h4>\n\n\n\n<p>A rakt\u00e1rb\u00e9rl\u00e9sn\u00e9l b\u00e1rmennyire is l\u00e9nyeges az \u00e1r, m\u00e9gsem csak az sz\u00e1m\u00edt. Hiszen \u00f6sszess\u00e9g\u00e9ben fontos m\u00e9rlegelni a rezsik\u00f6lts\u00e9geket, fenntart\u00e1si d\u00edjakat, k\u00f6z\u00f6s ter\u00fcleti k\u00f6lts\u00e9geket \u00e9s az esetleges szolg\u00e1ltat\u00e1si d\u00edjakat is. Egy j\u00f3l megv\u00e1lasztott rakt\u00e1r hossz\u00fa t\u00e1von hat\u00e9konyabb m\u0171k\u00f6d\u00e9st \u00e9s alacsonyabb logisztikai k\u00f6lts\u00e9geket eredm\u00e9nyezhet.<\/p>\n\n\n\n<p>Az eml\u00edtett rakt\u00e1r b\u00e9rl\u00e9s szempontjai d\u00f6nt\u0151ek a hat\u00e9kony m\u0171k\u00f6d\u00e9shez \u00e9s a k\u00f6lts\u00e9gek optimaliz\u00e1l\u00e1s\u00e1hoz. Ha j\u00f3l v\u00e1lasztjuk meg a rakt\u00e1rt, akkor az nemcsak biztons\u00e1gos \u00e9s rugalmas t\u00e1rol\u00e1st jelent, de hozz\u00e1j\u00e1rul a v\u00e1llalat hossz\u00fa t\u00e1v\u00fa fejl\u0151d\u00e9s\u00e9hez is. A Ghiblin\u00e9l professzion\u00e1lis logisztikai h\u00e1tt\u00e9rrel \u00e9s modern rakt\u00e1rb\u00e1zisokkal seg\u00edt\u00fcnk abban, hogy partnereink mindig a legjobb felt\u00e9telek mellett t\u00e1rolhass\u00e1k \u00e1ruikat.<\/p>\n","protected":false},"excerpt":{"rendered":"<p>Megfelel\u0151 rakt\u00e1rra szert tenni legal\u00e1bb olyan jelent\u0151s, mint \u00e1lmaink otthon\u00e1ra r\u00e1tal\u00e1lni. Fontos a frekvent\u00e1lt elhelyezked\u00e9s, a megfizethet\u0151s\u00e9g, \u00e9s hogy hossz\u00fa t\u00e1von is kiszolg\u00e1lja az ig\u00e9nyeinket. Egy olyan kardin\u00e1lis d\u00f6nt\u00e9s, ami hat\u00e1ssal van az \u00fczlet\u00fcnk m\u0171k\u00f6d\u00e9s\u00e9re \u00e9s j\u00f6v\u0151j\u00e9re, ez\u00e9rt elengedhetetlen, hogy odafigyelj\u00fcnk a rakt\u00e1r b\u00e9rl\u00e9s szempontjaira, amiket ebben a cikkben be is mutatunk. Hiszen ak\u00e1r e-kereskedelmi&#8230;<\/p>\n","protected":false},"author":2,"featured_media":7905,"comment_status":"closed","ping_status":"closed","sticky":false,"template":"","format":"standard","meta":{"_acf_changed":false,"footnotes":""},"categories":[40],"tags":[54,55,93,84,56],"class_list":["post-7903","post","type-post","status-publish","format-standard","has-post-thumbnail","hentry","category-blog","tag-kozuti-szallitas","tag-kozuti-szallitmanyozas","tag-logisztika","tag-raktarberles","tag-szallitmanyozas"],"acf":[],"_links":{"self":[{"href":"https:\/\/ghibli.hu\/en\/wp-json\/wp\/v2\/posts\/7903","targetHints":{"allow":["GET"]}}],"collection":[{"href":"https:\/\/ghibli.hu\/en\/wp-json\/wp\/v2\/posts"}],"about":[{"href":"https:\/\/ghibli.hu\/en\/wp-json\/wp\/v2\/types\/post"}],"author":[{"embeddable":true,"href":"https:\/\/ghibli.hu\/en\/wp-json\/wp\/v2\/users\/2"}],"replies":[{"embeddable":true,"href":"https:\/\/ghibli.hu\/en\/wp-json\/wp\/v2\/comments?post=7903"}],"version-history":[{"count":0,"href":"https:\/\/ghibli.hu\/en\/wp-json\/wp\/v2\/posts\/7903\/revisions"}],"wp:featuredmedia":[{"embeddable":true,"href":"https:\/\/ghibli.hu\/en\/wp-json\/wp\/v2\/media\/7905"}],"wp:attachment":[{"href":"https:\/\/ghibli.hu\/en\/wp-json\/wp\/v2\/media?parent=7903"}],"wp:term":[{"taxonomy":"category","embeddable":true,"href":"https:\/\/ghibli.hu\/en\/wp-json\/wp\/v2\/categories?post=7903"},{"taxonomy":"post_tag","embeddable":true,"href":"https:\/\/ghibli.hu\/en\/wp-json\/wp\/v2\/tags?post=7903"}],"curies":[{"name":"wp","href":"https:\/\/api.w.org\/{rel}","templated":true}]}}