{"id":7917,"date":"2025-12-16T13:48:30","date_gmt":"2025-12-16T12:48:30","guid":{"rendered":"https:\/\/ghibli.hu\/?p=7917"},"modified":"2026-01-28T21:22:05","modified_gmt":"2026-01-28T20:22:05","slug":"lead-of-the-year-szabo-zoltan-ghibli","status":"publish","type":"post","link":"https:\/\/ghibli.hu\/en\/blog\/lead-of-the-year-szabo-zoltan-ghibli\/","title":{"rendered":"Egy emberk\u00f6zpont\u00fa v\u00e1llalat \u00e9s egy vezet\u0151, akivel mindenki sz\u00edvesen dolgozna &#8211; k\u00e9tszeres elismer\u00e9s a Ghiblinek"},"content":{"rendered":"\n<p>C\u00e9g\u00fcnk val\u00f3di sikere az embers\u00e9gess\u00e9g. Hiszen a Ghibli ereje nemcsak a logisztikai teljes\u00edtm\u00e9nyben, hanem a m\u00f6g\u00f6tte \u00e1ll\u00f3, p\u00e9ldamutat\u00f3 emberi \u00e9rt\u00e9kekben rejlik. Ezt mi sem bizony\u00edtja jobban, minthogy id\u00e9n, 2025-ben k\u00e9t jelent\u0151s elismer\u00e9sben is r\u00e9szes\u00fclt\u00fcnk. Szab\u00f3 Zolt\u00e1n \u00fcgyvezet\u0151t \u201eLeader of the Year 2025\u201d d\u00edjjal, a teljes Ghibli v\u00e1llalatot pedig \u201eAz \u00c9v Csal\u00e1dbar\u00e1t V\u00e1llalata\u201d c\u00edmmel jutalmazt\u00e1k.<\/p>\n\n\n\n<p>Tal\u00e1n nem v\u00e9letlen, hogy a hazai \u00fczleti szf\u00e9ra kiemelked\u0151 d\u00edjai a Ghiblit illett\u00e9k. Ugyanis ezek az elismer\u00e9sek nemcsak a v\u00e1llalatunk eredm\u00e9nyeit, hanem a m\u00f6g\u00f6tte \u00e1ll\u00f3 vezet\u0151i min\u0151s\u00e9get is igazolj\u00e1k. Mert c\u00e9g\u00fcnk fejl\u0151d\u00e9s\u00e9t a csapat erej\u00e9n t\u00fal, a vezet\u0151 p\u00e9ldamutat\u00f3 hozz\u00e1\u00e1ll\u00e1sa is form\u00e1lja.<\/p>\n\n\n\n<p><\/p>\n\n\n\n<figure class=\"wp-block-image size-full\"><img decoding=\"async\" src=\"https:\/\/ghibli.hu\/wp-content\/uploads\/2025\/12\/szabo-zoltan-leader-of-the-year-ghibli.jpg\" alt=\"Szab\u00f3 Zolt\u00e1n - Leader of the Year - Ghibli Logisztikai Kft.\" class=\"wp-image-7919\" title=\"\"><figcaption class=\"wp-element-caption\">Fot\u00f3: Draskovics \u00c1d\u00e1m\/adamdraskovics.com<\/figcaption><\/figure>\n\n\n\n<p><\/p>\n\n\n\n<h2 class=\"wp-block-heading\">Szab\u00f3 Zolt\u00e1n lett a Leader of the Year 2025 abszol\u00fat gy\u0151ztese<\/h2>\n\n\n\n<p>T\u00f6bb sz\u00e1z jel\u00f6lt k\u00f6z\u00fcl \u00e9s egy t\u00f6bb l\u00e9pcs\u0151s \u00e9rt\u00e9kel\u00e9si folyamaton kereszt\u00fcl a h\u00e9t f\u0151b\u0151l \u00e1ll\u00f3 f\u00fcggetlen zs\u0171ri id\u00e9n is kiv\u00e1lasztotta a Leader of the Year abszol\u00fat gy\u0151ztes\u00e9t, a Ghibli alap\u00edt\u00f3j\u00e1t \u00e9s \u00fcgyvezet\u0151 igazgat\u00f3j\u00e1t, Szab\u00f3 Zolt\u00e1nt. Rendk\u00edv\u00fcli \u00f6r\u00f6mmel t\u00f6lt el minket, hogy id\u00e9n \u0151 vehette \u00e1t ezt a n\u00edv\u00f3s kit\u00fcntet\u00e9st.<\/p>\n\n\n\n<p>A <a href=\"https:\/\/loy.bizalmikor.hu\/toplistak\/gyoztes-2025-szabo-zoltan\" target=\"_blank\" rel=\"noreferrer noopener\">Bizalmi K\u00f6r<\/a> \u2013 Vezet\u0151i Klub Magyarorsz\u00e1g egyik legmeghat\u00e1roz\u00f3bb \u00fczleti k\u00f6z\u00f6ss\u00e9ge, amely a hazai c\u00e9gvezet\u0151ket, d\u00f6nt\u00e9shoz\u00f3kat \u00e9s v\u00e9lem\u00e9nyform\u00e1l\u00f3kat fogja \u00f6ssze. Programjaikon \u00e9s rendezv\u00e9nyeiken, mint p\u00e9ld\u00e1ul a Bizalom G\u00e1l\u00e1n, minden \u00e9vben azokat ismerik el, akik kiemelked\u0151 szakmai teljes\u00edtm\u00e9nyt, emberi p\u00e9ldamutat\u00e1st \u00e9s felel\u0151s v\u00e1llalatvezet\u00e9st mutatnak. A Leader of the Year d\u00edj a k\u00f6z\u00f6ss\u00e9g legnagyobb elismer\u00e9se, amelyet csak egyetlen vezet\u0151 kaphat meg \u00e9vente.<\/p>\n\n\n\n<p>A d\u00f6nt\u00e9s sor\u00e1n 7 szempontot \u00e9rt\u00e9kelnek:<\/p>\n\n\n\n<ul class=\"wp-block-list\">\n<li>v\u00e1llalkoz\u00f3i szellem<\/li>\n\n\n\n<li>personal brand<\/li>\n\n\n\n<li>digitaliz\u00e1ci\u00f3 \u00e9s fenntarthat\u00f3s\u00e1g<\/li>\n\n\n\n<li>strat\u00e9giai ir\u00e1nyok<\/li>\n\n\n\n<li>csapat\u00e9p\u00edt\u00e9s<\/li>\n\n\n\n<li>\u00fczleti teljes\u00edtm\u00e9ny<\/li>\n\n\n\n<li>innov\u00e1ci\u00f3.<\/li>\n<\/ul>\n\n\n\n<p>Ezen \u00e9rt\u00e9kel\u00e9snek maxim\u00e1lisan megfelelve, Szab\u00f3 Zolt\u00e1n joggal \u00e9s b\u00fcszk\u00e9n viselheti az \u00e9v vezet\u0151je c\u00edmet. Hiszen nemcsak a krit\u00e9riumoknak tett eleget, de embers\u00e9ge \u00e9s kedvess\u00e9ge a zs\u0171rit is elvar\u00e1zsolta.<\/p>\n\n\n\n<p>A d\u00edj\u00e1tad\u00f3n \u201ehalkszav\u00fa \u00f3ri\u00e1sk\u00e9nt\u201d jellemezt\u00e9k, aki csendes, de hat\u00e1rozott \u00e9s empatikus vezet\u0151. Aki egyszerre \u00e9p\u00edt stabil, hossz\u00fat\u00e1v\u00fa strat\u00e9gi\u00e1t, mik\u00f6zben olyan munkahelyet teremt, ahol val\u00f3ban j\u00f3 dolgozni.<\/p>\n\n\n\n<p>&#8220;<em>Zolt\u00e1n igazi p\u00e9ldak\u00e9p minden c\u00e9gvezet\u0151 sz\u00e1m\u00e1ra, hiszen az orsz\u00e1g leger\u0151sebben \u00f6sszev\u00e1logatott zs\u0171rije el\u0151tt bizony\u00edtotta, hogy az \u00fczleti teljes\u00edtm\u00e9nye, a szem\u00e9lyes kompetenci\u00e1i \u00e9s a sz\u00edve alapj\u00e1n is kiemelkedett a teljes mez\u0151nyb\u0151l! A d\u00edj\u00e1tad\u00f3 show keretein bel\u00fcl k\u00f6zel\u00a0700 c\u00e9gvezet\u0151 el\u0151tt\u00a0emelhette magasba a tr\u00f3fe\u00e1t. Ir\u00e1nyt\u0171k\u00e9nt mutat utat v\u00e1llalkoz\u00f3k ezreinek.<\/em>&#8221; &#8211; fogalmaz a Bizalmi K\u00f6r &#8211; Vezet\u0151i Klub.<\/p>\n\n\n\n<p>A zs\u0171ritagok, Endrei-Kiss Judit (RTL, Magyarorsz\u00e1g) szerint \u201eolyan c\u00e9get \u00e9p\u00edtett, ahol az emberek im\u00e1dnak dolgozni\u201d, m\u00edg Oszk\u00f3 P\u00e9ter (O3 Partners) kiemelte: Zolt\u00e1n hossz\u00fa t\u00e1v\u00fa, szisztematikus strat\u00e9gia ment\u00e9n \u00e9p\u00edtkezett m\u00e9g a gyorsan v\u00e1ltoz\u00f3 k\u00f6rnyezetben is.<\/p>\n\n\n\n<p>Dr. Zolnay Judit (Zolnay Consulting) a kiv\u00e9teles strat\u00e9giai \u00e9rz\u00e9ket m\u00e9ltatta, Szauer Tam\u00e1s (HVG) szerint Zolt\u00e1n az embers\u00e9g\u00e9vel \u00e9s szakmai al\u00e1zat\u00e1val emelkedett ki a teljes mez\u0151nyb\u0151l, \u00d6rd\u00f6g N\u00f3ra (m\u0171sorvezet\u0151) pedig \u00fagy fogalmazott: \u201e<em>ha feltenn\u00e9m a k\u00e9rd\u00e9st, kin\u00e9l dolgozn\u00e9k sz\u00edvesen, egy\u00e9rtelm\u0171en \u0151t mondtam volna.<\/em>\u201d<\/p>\n\n\n\n<p>M\u00e1r ez a rangos d\u00edj \u00e9s a zs\u0171ri d\u00edcs\u00e9rete is hatalmas megtiszteltet\u00e9s, \u00e1m a Ghiblit egy m\u00e1sik elismer\u00e9ssel is megaj\u00e1nd\u00e9kozt\u00e1k.<\/p>\n\n\n\n<h3 class=\"wp-block-heading\">Az \u00c9v Csal\u00e1dbar\u00e1t V\u00e1llalata imm\u00e1r harmadik \u00e9ve<\/h3>\n\n\n\n<p>Ritka teljes\u00edtm\u00e9ny hazai v\u00e1llalatok k\u00f6z\u00f6tt, a Ghiblinek m\u00e9gis siker\u00fclt: imm\u00e1r sorozatban harmadik alkalommal nyert\u00fck el az \u201e<a href=\"https:\/\/www.haromkiralyfi.hu\/csaladbarat-vallalat-2025\" target=\"_blank\" rel=\"noreferrer noopener\">\u00c9v Csal\u00e1dbar\u00e1t V\u00e1llalata<\/a>\u201d d\u00edjat.<\/p>\n\n\n\n<p>Ez a d\u00edj a H\u00e1rom Kir\u00e1lyfi, H\u00e1rom Kir\u00e1lyl\u00e1ny Alap\u00edtv\u00e1ny Magyarorsz\u00e1g egyik legfontosabb, csal\u00e1dbar\u00e1t gondolkod\u00e1st \u00e9s felel\u0151s v\u00e1llalatvezet\u00e9st t\u00e1mogat\u00f3 szervezet\u00e9nek legrangosabb szakmai elismer\u00e9se.<\/p>\n\n\n\n<p><\/p>\n\n\n\n<figure class=\"wp-block-image size-full\"><img decoding=\"async\" src=\"https:\/\/ghibli.hu\/wp-content\/uploads\/2025\/12\/szabo-zoltan-leader-ghibli-of-the-year.jpg\" alt=\"Szab\u00f3 Zolt\u00e1n - Leader of the Year - Ghibli Logisztikai Kft.\" class=\"wp-image-7920\" title=\"\"><figcaption class=\"wp-element-caption\">Fot\u00f3: Draskovics \u00c1d\u00e1m\/adamdraskovics.com<\/figcaption><\/figure>\n\n\n\n<p><\/p>\n\n\n\n<p>Minden \u00e9vben olyan c\u00e9geket jutalmaznak, amelyek bizony\u00edthat\u00f3an sokat tesznek a munkav\u00e1llal\u00f3k j\u00f3ll\u00e9t\u00e9\u00e9rt, a munka-mag\u00e1n\u00e9let egyens\u00faly\u00e1\u00e9rt \u00e9s a t\u00e1mogat\u00f3 v\u00e1llalati kult\u00far\u00e1\u00e9rt. Az idei p\u00e1ly\u00e1zat k\u00f6z\u00e9ppontj\u00e1ban a munkahelyi ment\u00e1lis j\u00f3ll\u00e9t \u00e1llt, azaz hogy a c\u00e9gek milyen t\u00e1mogat\u00e1st ny\u00fajtanak az alkalmazottaknak a mindennapi terhel\u00e9sek, stresszhelyzetek \u00e9s \u00e9lethelyzeti kih\u00edv\u00e1sok kezel\u00e9s\u00e9ben.<\/p>\n\n\n\n<p>A zs\u0171ri szerint a Ghibli olyan v\u00e1llalat, ahol val\u00f3di bizalom, t\u00f6r\u0151d\u00e9s \u00e9s rugalmass\u00e1g hat\u00e1rozza meg a m\u0171k\u00f6d\u00e9st. Nemcsak programok, hanem szeml\u00e9let szintj\u00e9n is. Ezt er\u0151s\u00edtette meg az alap\u00edtv\u00e1ny eln\u00f6ke, Skrabski Fruzsina is:<\/p>\n\n\n\n<p>\u201e<em>Az a c\u00e9g, amelyik csal\u00e1dbar\u00e1t, ott b\u00edzhatnak egym\u00e1sban az emberek, mindenki j\u00f3ll\u00e9te szempont, m\u00e9g az alkalmazottak csal\u00e1dtagjainak j\u00f3ll\u00e9te is. Az ebbe fektetett energia megh\u00e1l\u00e1lja mag\u00e1t \u00e9s \u00edgy sokkal eredm\u00e9nyesebb \u00e9s hat\u00e9konyabban tudnak dolgozni az emberek.<\/em>\u201d<\/p>\n\n\n\n<p>A c\u00edm m\u00f6g\u00f6tt \u00e1ll\u00f3 eredm\u00e9nyek nemcsak d\u00edjak, hanem egy olyan v\u00e1llalati kult\u00fara bizony\u00edt\u00e9kai, ahol 337 munkat\u00e1rs biztons\u00e1gos, kisz\u00e1m\u00edthat\u00f3 \u00e9s emberk\u00f6zpont\u00fa k\u00f6rnyezetben dolgozhat Szab\u00f3 Zolt\u00e1n vezet\u0151i szeml\u00e9let\u00e9nek szellem\u00e9ben, aki szerint:<\/p>\n\n\n\n<p>\u201e<em>A profit nem c\u00e9l, hanem a j\u00f3 szolg\u00e1ltat\u00e1s mell\u00e9khat\u00e1sa.<\/em>\u201d<\/p>\n\n\n\n<p>C\u00e9g\u00fcnknek ez a k\u00e9t n\u00edv\u00f3s elismer\u00e9s nem csup\u00e1n b\u00fcszkes\u00e9gre ad okot, hanem felel\u0151ss\u00e9get is jelent. Felel\u0151s\u00e9ggel tartozunk, hogy olyan munkahelyet teremts\u00fcnk, ahol az emberek val\u00f3ban j\u00f3l \u00e9rzik magukat, \u00e9s olyan szolg\u00e1ltat\u00e1st ny\u00fajtsunk, amelyre partnereink b\u00e1rmikor bizalommal t\u00e1maszkodhatnak.<\/p>\n\n\n\n<p>\u00cdg\u00e9rj\u00fck, hogy tov\u00e1bbra is ezen az \u00faton haladunk tov\u00e1bb. Emberk\u00f6zpont\u00faan, \u00e9rt\u00e9kalapon, \u00e9s k\u00f6vetkezetesen \u00e9p\u00edtve a j\u00f6v\u0151t. Mert a d\u00edjak nem a c\u00e9lt jelentik, hanem azt a m\u00e9rf\u00f6ldk\u00f6vet, amely meger\u0151s\u00edt minket abban, hogy j\u00f3 ir\u00e1nyba tartunk.<\/p>\n","protected":false},"excerpt":{"rendered":"<p>C\u00e9g\u00fcnk val\u00f3di sikere az embers\u00e9gess\u00e9g. Hiszen a Ghibli ereje nemcsak a logisztikai teljes\u00edtm\u00e9nyben, hanem a m\u00f6g\u00f6tte \u00e1ll\u00f3, p\u00e9ldamutat\u00f3 emberi \u00e9rt\u00e9kekben rejlik. Ezt mi sem bizony\u00edtja jobban, minthogy id\u00e9n, 2025-ben k\u00e9t jelent\u0151s elismer\u00e9sben is r\u00e9szes\u00fclt\u00fcnk. Szab\u00f3 Zolt\u00e1n \u00fcgyvezet\u0151t \u201eLeader of the Year 2025\u201d d\u00edjjal, a teljes Ghibli v\u00e1llalatot pedig \u201eAz \u00c9v Csal\u00e1dbar\u00e1t V\u00e1llalata\u201d c\u00edmmel jutalmazt\u00e1k. Tal\u00e1n&#8230;<\/p>\n","protected":false},"author":2,"featured_media":7996,"comment_status":"closed","ping_status":"closed","sticky":false,"template":"","format":"standard","meta":{"_acf_changed":false,"footnotes":""},"categories":[40],"tags":[127,104,124,128,129],"class_list":["post-7917","post","type-post","status-publish","format-standard","has-post-thumbnail","hentry","category-blog","tag-csaladbarat-vallalat","tag-ghibli","tag-ghibli-logisztika","tag-leader-of-the-year","tag-szabo-zoltan"],"acf":[],"_links":{"self":[{"href":"https:\/\/ghibli.hu\/en\/wp-json\/wp\/v2\/posts\/7917","targetHints":{"allow":["GET"]}}],"collection":[{"href":"https:\/\/ghibli.hu\/en\/wp-json\/wp\/v2\/posts"}],"about":[{"href":"https:\/\/ghibli.hu\/en\/wp-json\/wp\/v2\/types\/post"}],"author":[{"embeddable":true,"href":"https:\/\/ghibli.hu\/en\/wp-json\/wp\/v2\/users\/2"}],"replies":[{"embeddable":true,"href":"https:\/\/ghibli.hu\/en\/wp-json\/wp\/v2\/comments?post=7917"}],"version-history":[{"count":0,"href":"https:\/\/ghibli.hu\/en\/wp-json\/wp\/v2\/posts\/7917\/revisions"}],"wp:featuredmedia":[{"embeddable":true,"href":"https:\/\/ghibli.hu\/en\/wp-json\/wp\/v2\/media\/7996"}],"wp:attachment":[{"href":"https:\/\/ghibli.hu\/en\/wp-json\/wp\/v2\/media?parent=7917"}],"wp:term":[{"taxonomy":"category","embeddable":true,"href":"https:\/\/ghibli.hu\/en\/wp-json\/wp\/v2\/categories?post=7917"},{"taxonomy":"post_tag","embeddable":true,"href":"https:\/\/ghibli.hu\/en\/wp-json\/wp\/v2\/tags?post=7917"}],"curies":[{"name":"wp","href":"https:\/\/api.w.org\/{rel}","templated":true}]}}