{"id":8002,"date":"2026-01-15T19:09:08","date_gmt":"2026-01-15T18:09:08","guid":{"rendered":"https:\/\/ghibli.hu\/?p=7975"},"modified":"2026-02-02T11:31:32","modified_gmt":"2026-02-02T10:31:32","slug":"cbam-karbonvam","status":"publish","type":"post","link":"https:\/\/ghibli.hu\/en\/blog\/cbam-karbonvam\/","title":{"rendered":"Mit jelent a CBAM karbonv\u00e1m, \u00e9s mi\u00e9rt fontos az import\u00e1l\u00f3 v\u00e1llalkoz\u00e1soknak?"},"content":{"rendered":"\r\n<p>Az \u00e9ghajlatv\u00e1ltoz\u00e1s glob\u00e1lis kih\u00edv\u00e1saira az Eur\u00f3pai Uni\u00f3 az elm\u00falt \u00e9vekben egyre szigor\u00fabb kl\u00edmapolitikai c\u00e9lokat t\u0171z\u00f6tt ki, mik\u00f6zben a vil\u00e1g sz\u00e1mos pontj\u00e1n tov\u00e1bbra is enyh\u00e9bb k\u00f6rnyezetv\u00e9delmi szab\u00e1lyoz\u00e1s \u00e9rv\u00e9nyes\u00fcl. Ez az elt\u00e9r\u00e9s olyan jelens\u00e9ghez vezethet, amely hossz\u00fa t\u00e1von al\u00e1\u00e1ssa a kibocs\u00e1t\u00e1scs\u00f6kkent\u00e9si t\u00f6rekv\u00e9seket. Ezen probl\u00e9ma kezel\u00e9s\u00e9re j\u00f6tt l\u00e9tre a CBAM karbonv\u00e1m, melynek c\u00e9lja, hogy a k\u00f6rnyezetv\u00e9delmi szempontok ne csak az uni\u00f3s termel\u00e9sben, hanem a glob\u00e1lis kereskedelemben is \u00e9rv\u00e9nyes\u00fcljenek.<\/p>\r\n\r\n\r\n\r\n<h2 class=\"wp-block-heading\">Mi az a CBAM, \u00e9s mi\u00e9rt vezette be az Eur\u00f3pai Uni\u00f3?<\/h2>\r\n\r\n\r\n\r\n<p>A CBAM karbonv\u00e1m (Carbon Border Adjustment Mechanism) az Eur\u00f3pai Uni\u00f3 egyik \u00faj kl\u00edmapolitikai eszk\u00f6ze, amelynek c\u00e9lja a sz\u00e9n-dioxid-sziv\u00e1rg\u00e1s megakad\u00e1lyoz\u00e1sa. Ez akkor fordul el\u0151, amikor a szigor\u00fa uni\u00f3s k\u00f6rnyezetv\u00e9delmi szab\u00e1lyok miatt a gy\u00e1rt\u00e1s olyan orsz\u00e1gokba tev\u0151dik \u00e1t, ahol laz\u00e1bb el\u0151\u00edr\u00e1sok \u00e9rv\u00e9nyesek, vagy amikor az uni\u00f3s term\u00e9keket nagyobb kibocs\u00e1t\u00e1ssal k\u00e9sz\u00fclt import\u00e1ruk v\u00e1ltj\u00e1k fel.<\/p>\r\n\r\n\r\n\r\n<p>A CBAM karbonv\u00e1m l\u00e9nyege, hogy az Eur\u00f3pai Uni\u00f3n k\u00edv\u00fcl gy\u00e1rtott term\u00e9kek eset\u00e9ben is figyelembe veszi a gy\u00e1rt\u00e1s sor\u00e1n keletkezett sz\u00e9n-dioxid-kibocs\u00e1t\u00e1st. \u00cdgy az import\u00e1lt \u00e1ruk k\u00f6rnyezeti terhei fokozatosan azonos szintre ker\u00fclnek az EU-n bel\u00fcl el\u0151\u00e1ll\u00edtott term\u00e9kek\u00e9vel.<\/p>\r\n\r\n\r\n\r\n<p>A szab\u00e1lyoz\u00e1s kezdetben hat, kifejezetten sz\u00e9n-dioxid-intenz\u00edv term\u00e9kk\u00f6rt \u00e9rint:<\/p>\r\n\r\n\r\n\r\n<ul class=\"wp-block-list\">\r\n<li>a vas- \u00e9s ac\u00e9lterm\u00e9keket,<\/li>\r\n\r\n\r\n\r\n<li>az alum\u00edniumot,<\/li>\r\n\r\n\r\n\r\n<li>a cementet,<\/li>\r\n\r\n\r\n\r\n<li>a m\u0171tr\u00e1gy\u00e1kat,<\/li>\r\n\r\n\r\n\r\n<li>a villamos energi\u00e1t \u00e9s a hidrog\u00e9nt.<\/li>\r\n<\/ul>\r\n\r\n\r\n\r\n<p>Ez a rendszer nem tilt\u00e1st jelent, sokkal ink\u00e1bb egy \u00faj, k\u00f6rnyezeti szempontokat is \u00e9rv\u00e9nyes\u00edt\u0151 importfelt\u00e9telt, amelyhez az \u00e9rintett v\u00e1llalkoz\u00e1soknak id\u0151ben alkalmazkodniuk kell.<\/p>\r\n\r\n\r\n\r\n<p>&nbsp;<\/p>\r\n\r\n\r\n\r\n<figure class=\"wp-block-image size-full\"><img decoding=\"async\" width=\"1335\" height=\"805\" class=\"wp-image-7805\" src=\"https:\/\/ghibli.hu\/wp-content\/uploads\/2025\/09\/debrecen-raktar-logisztika.jpg\" alt=\"Ghibli Logisztikai K\u00f6zpont\" title=\"\" srcset=\"https:\/\/ghibli.hu\/wp-content\/uploads\/2025\/09\/debrecen-raktar-logisztika.jpg 1335w, https:\/\/ghibli.hu\/wp-content\/uploads\/2025\/09\/debrecen-raktar-logisztika-300x181.jpg 300w, https:\/\/ghibli.hu\/wp-content\/uploads\/2025\/09\/debrecen-raktar-logisztika-1024x617.jpg 1024w\" sizes=\"(max-width: 1335px) 100vw, 1335px\" \/><figcaption><\/figcaption><\/figure>\r\n\r\n\r\n\r\n<p>&nbsp;<\/p>\r\n\r\n\r\n\r\n<h3 class=\"wp-block-heading\">Kit \u00e9rint a CBAM karbonv\u00e1m \u00e9s milyen k\u00f6telezetts\u00e9gekkel j\u00e1r?<\/h3>\r\n\r\n\r\n\r\n<p>A CBAM karbonv\u00e1m azokat a v\u00e1llalkoz\u00e1sokat \u00e9rinti, amelyek az Eur\u00f3pai Uni\u00f3n k\u00edv\u00fclr\u0151l CBAM-k\u00f6teles term\u00e9keket import\u00e1lnak \u00e9s azokat szabad forgalomba bocs\u00e1tj\u00e1k az EU-ban. A CBAM rendelet (2023\/956\/EU) I. sz\u00e1m\u00fa mell\u00e9klete alapj\u00e1n a k\u00f6telezetts\u00e9gek teljes\u00edt\u00e9s\u00e9\u00e9rt f\u0151szab\u00e1ly szerint az uni\u00f3s import\u0151r felel, de ha az import\u0151r nem rendelkezik uni\u00f3s leteleped\u00e9ssel, akkor a feladat a k\u00f6zvetett v\u00e1mjogi k\u00e9pvisel\u0151re h\u00e1rul.<\/p>\r\n\r\n\r\n\r\n<p>A szab\u00e1lyoz\u00e1s 2026. janu\u00e1r 1-j\u00e9t\u0151l l\u00e9pett \u00e9rv\u00e9nybe. Ett\u0151l az id\u0151pontt\u00f3l a CBAM-k\u00f6teles \u00e1ruk importja CBAM-enged\u00e9lyhez k\u00f6t\u00f6tt, amelynek hi\u00e1ny\u00e1ban az \u00e1ruk nem bocs\u00e1that\u00f3k szabad forgalomba.<\/p>\r\n\r\n\r\n\r\n<p>Mentess\u00e9g alkalmazhat\u00f3, ha az import\u0151r \u00e9ves szinten 50 tonn\u00e1n\u00e1l kevesebb CBAM-k\u00f6teles \u00e1rut hoz be az EU-ba. A k\u00fcsz\u00f6b\u00e9rt\u00e9kbe nem sz\u00e1m\u00edt bele a villamos energia \u00e9s a hidrog\u00e9n, \u00e9s azt import\u0151r\u00f6nk\u00e9nt kell vizsg\u00e1lni, f\u00fcggetlen\u00fcl a v\u00e1mjogi k\u00e9pvisel\u0151k sz\u00e1m\u00e1t\u00f3l.<\/p>\r\n\r\n\r\n\r\n<h3 class=\"wp-block-heading\">Mi t\u00f6rt\u00e9nik CBAM-enged\u00e9ly n\u00e9lk\u00fcl?<\/h3>\r\n\r\n\r\n\r\n<p>Ha egy CBAM-k\u00f6teles \u00e1ru CBAM-enged\u00e9ly vagy beny\u00fajtott enged\u00e9lyk\u00e9relem n\u00e9lk\u00fcl \u00e9rkezik az EU-ba, a v\u00e1mhat\u00f3s\u00e1g nem v\u00e9gzi el a szabad forgalomba bocs\u00e1t\u00e1st. Ez azt jelenti, hogy az \u00e1ru nem ker\u00fclhet piacra, a sz\u00e1ll\u00edtm\u00e1ny feltart\u00f3ztat\u00e1sra ker\u00fcl, ami k\u00e9sedelmet \u00e9s t\u00f6bbletk\u00f6lts\u00e9geket okoz az import\u0151rnek.<\/p>\r\n\r\n\r\n\r\n<p>\u00c1tmeneti megold\u00e1sk\u00e9nt az \u00e1ru egy meg\u0151rz\u00e9si l\u00e9tes\u00edtm\u00e9nyben vagy k\u00f6zv\u00e1mrakt\u00e1rban t\u00e1rolhat\u00f3, am\u00edg az enged\u00e9lyk\u00e9relem beny\u00fajt\u00e1sra nem ker\u00fcl. Ez azonban csak id\u0151leges seg\u00edts\u00e9g. Az enged\u00e9ly megszerz\u00e9se \u00f6sszetett \u00e9s id\u0151ig\u00e9nyes folyamat. Magyarorsz\u00e1gon a k\u00e9relmeket a Nemzeti Kl\u00edmav\u00e9delmi Hat\u00f3s\u00e1g b\u00edr\u00e1lja el, alapesetben 120 napos hat\u00e1rid\u0151vel.<\/p>\r\n\r\n\r\n\r\n<p>A CBAM karbonv\u00e1m miatt ez\u00e9rt kiemelten fontos az el\u0151zetes felk\u00e9sz\u00fcl\u00e9s. Az enged\u00e9ly hi\u00e1nya ugyanis nem puszt\u00e1n adminisztrat\u00edv k\u00e9rd\u00e9s. Az \u00e9rintett v\u00e1llalkoz\u00e1sok akkor ker\u00fclhetik el az ell\u00e1t\u00e1si l\u00e1nc fennakad\u00e1sait \u00e9s a zavartalan m\u0171k\u00f6d\u00e9st, ha id\u0151ben felm\u00e9rik k\u00f6telezetts\u00e9geiket \u00e9s megkezdik az enged\u00e9lyez\u00e9si folyamatot.<\/p>\r\n\r\n\r\n\r\n<p>\u00c9rdemes \u00e1ttekinteni, hogy v\u00e1llalkoz\u00e1sa az Eur\u00f3pai Uni\u00f3n k\u00edv\u00fclr\u0151l import\u00e1l-e CBAM-k\u00f6teles term\u00e9keket, \u00e9s azokat az EU-ban szabad forgalomba bocs\u00e1tja-e import\u0151rk\u00e9nt. Emellett azt is fontos megvizsg\u00e1lni, hogy az \u00e9vente behozott CBAM-\u00e1ruk mennyis\u00e9ge meghaladja-e \u2013 vagy v\u00e1rhat\u00f3an meg fogja haladni-e \u2013 az 50 tonn\u00e1t.<\/p>\r\n\r\n\r\n\r\n<p>Amennyiben ezek a felt\u00e9telek fenn\u00e1llnak, halad\u00e9ktalanul sz\u00fcks\u00e9ges megkezdeni a CBAM- enged\u00e9ly beszerz\u00e9s\u00e9t. Ha k\u00e9rd\u00e9se mer\u00fclne fel, vagy t\u00e1mogat\u00e1sra van sz\u00fcks\u00e9ge, szak\u00e9rt\u0151ink teljes k\u00f6r\u0171 seg\u00edts\u00e9get ny\u00fajtanak a folyamat sor\u00e1n.<\/p>\r\n","protected":false},"excerpt":{"rendered":"<p>Az \u00e9ghajlatv\u00e1ltoz\u00e1s glob\u00e1lis kih\u00edv\u00e1saira az Eur\u00f3pai Uni\u00f3 az elm\u00falt \u00e9vekben egyre szigor\u00fabb kl\u00edmapolitikai c\u00e9lokat t\u0171z\u00f6tt ki, mik\u00f6zben a vil\u00e1g sz\u00e1mos pontj\u00e1n tov\u00e1bbra is enyh\u00e9bb k\u00f6rnyezetv\u00e9delmi szab\u00e1lyoz\u00e1s \u00e9rv\u00e9nyes\u00fcl. Ez az elt\u00e9r\u00e9s olyan jelens\u00e9ghez vezethet, amely hossz\u00fa t\u00e1von al\u00e1\u00e1ssa a kibocs\u00e1t\u00e1scs\u00f6kkent\u00e9si t\u00f6rekv\u00e9seket. Ezen probl\u00e9ma kezel\u00e9s\u00e9re j\u00f6tt l\u00e9tre a CBAM karbonv\u00e1m, melynek c\u00e9lja, hogy a k\u00f6rnyezetv\u00e9delmi szempontok ne&#8230;<\/p>\n","protected":false},"author":2,"featured_media":8003,"comment_status":"closed","ping_status":"closed","sticky":false,"template":"","format":"standard","meta":{"_acf_changed":false,"footnotes":""},"categories":[40],"tags":[46,89,131,76],"class_list":["post-8002","post","type-post","status-publish","format-standard","has-post-thumbnail","hentry","category-blog","tag-aruszallitas","tag-cbam","tag-karbonvam","tag-nemzetkozi-szallitmanyozas"],"acf":[],"_links":{"self":[{"href":"https:\/\/ghibli.hu\/en\/wp-json\/wp\/v2\/posts\/8002","targetHints":{"allow":["GET"]}}],"collection":[{"href":"https:\/\/ghibli.hu\/en\/wp-json\/wp\/v2\/posts"}],"about":[{"href":"https:\/\/ghibli.hu\/en\/wp-json\/wp\/v2\/types\/post"}],"author":[{"embeddable":true,"href":"https:\/\/ghibli.hu\/en\/wp-json\/wp\/v2\/users\/2"}],"replies":[{"embeddable":true,"href":"https:\/\/ghibli.hu\/en\/wp-json\/wp\/v2\/comments?post=8002"}],"version-history":[{"count":0,"href":"https:\/\/ghibli.hu\/en\/wp-json\/wp\/v2\/posts\/8002\/revisions"}],"wp:featuredmedia":[{"embeddable":true,"href":"https:\/\/ghibli.hu\/en\/wp-json\/wp\/v2\/media\/8003"}],"wp:attachment":[{"href":"https:\/\/ghibli.hu\/en\/wp-json\/wp\/v2\/media?parent=8002"}],"wp:term":[{"taxonomy":"category","embeddable":true,"href":"https:\/\/ghibli.hu\/en\/wp-json\/wp\/v2\/categories?post=8002"},{"taxonomy":"post_tag","embeddable":true,"href":"https:\/\/ghibli.hu\/en\/wp-json\/wp\/v2\/tags?post=8002"}],"curies":[{"name":"wp","href":"https:\/\/api.w.org\/{rel}","templated":true}]}}