{"id":8258,"date":"2026-02-02T13:20:38","date_gmt":"2026-02-02T12:20:38","guid":{"rendered":"https:\/\/ghibli.hu\/?p=8258"},"modified":"2026-02-17T13:42:55","modified_gmt":"2026-02-17T12:42:55","slug":"versenykepes-logisztika","status":"publish","type":"post","link":"https:\/\/ghibli.hu\/en\/blog\/versenykepes-logisztika\/","title":{"rendered":"3 strat\u00e9giai szempont, amit\u0151l versenyk\u00e9pes marad a logisztika 2026-ban"},"content":{"rendered":"<section class=\"l-section wpb_row height_large\"><div class=\"l-section-h i-cf\"><div class=\"g-cols vc_row via_grid cols_1 laptops-cols_inherit tablets-cols_inherit mobiles-cols_1 valign_top type_default stacking_default\"><div class=\"wpb_column vc_column_container\"><div class=\"vc_column-inner\"><div class=\"wpb_text_column\"><div class=\"wpb_wrapper\"><p>A versenyk\u00e9pes logisztika 2026-ban m\u00e1r t\u00falmutat egy h\u00e1tt\u00e9rben m\u0171k\u00f6d\u0151 folyamatn\u00e1l. Jellemz\u0151en meghat\u00e1rozza a v\u00e1llalatok hat\u00e9konys\u00e1g\u00e1t, k\u00f6lts\u00e9geit \u00e9s versenyk\u00e9pess\u00e9g\u00e9t is, hiszen olyan k\u00f6rnyezetben m\u0171k\u00f6dik, ahol a digitaliz\u00e1ci\u00f3, a fenntarthat\u00f3s\u00e1g \u00e9s a gyors alkalmazkod\u00e1s nem el\u0151nyt, hanem alapelv\u00e1r\u00e1st jelent. \u00c9ppen ez\u00e9rt most \u00e9s a j\u00f6v\u0151ben is azon logisztikai v\u00e1llalatok maradhatnak igaz\u00e1n versenyben, akik id\u0151ben felismerik mindezt, \u00e9s strat\u00e9giai szeml\u00e9lettel alak\u00edtj\u00e1k m\u0171k\u00f6d\u00e9s\u00fcket.<\/p>\n<p>Ez a hossz\u00fa t\u00e1v\u00fa versenyk\u00e9pess\u00e9g nem egyetlen t\u00e9nyez\u0151n m\u00falik, hanem h\u00e1rom olyan strat\u00e9giai szempont hat\u00e1rozza meg, amelyek egy\u00fctt alak\u00edtj\u00e1k a m\u0171k\u00f6d\u00e9s hat\u00e9konys\u00e1g\u00e1t, stabilit\u00e1s\u00e1t \u00e9s j\u00f6v\u0151\u00e1ll\u00f3s\u00e1g\u00e1t.<\/p>\n<p><!-- \/wp:post-content -->\u00a0<\/p>\n<p><!-- wp:heading --><\/p>\n<h2 class=\"wp-block-heading\">Digitaliz\u00e1ci\u00f3 \u00e9s \u00e1tl\u00e1that\u00f3 m\u0171k\u00f6d\u00e9s<\/h2>\n<p><!-- \/wp:heading -->A logisztika 2026-ban m\u00e1r elk\u00e9pzelhetetlen val\u00f3s idej\u0171 adatok \u00e9s digit\u00e1lis folyamatok n\u00e9lk\u00fcl. Egyre t\u00f6bb logisztikai c\u00e9g haszn\u00e1l IoT-eszk\u00f6z\u00f6ket, val\u00f3s idej\u0171 nyomon k\u00f6vet\u00e9st \u00e9s integr\u00e1lt adatplatformokat, hogy minden sz\u00e1ll\u00edtm\u00e1ny helyzete, \u00e1llapota \u00e9s \u00fatvonala folyamatosan nyomon k\u00f6vethet\u0151 legyen. Ez nemcsak a hat\u00e9konys\u00e1got n\u00f6veli, hanem cs\u00f6kkenti a kock\u00e1zatokat is \u00e9s er\u0151s\u00edti az \u00fcgyf\u00e9lbizalmat is.<\/p>\n<p><img decoding=\"async\" class=\"aligncenter wp-image-8260\" src=\"https:\/\/ghibli.hu\/wp-content\/uploads\/2026\/02\/ghibli-logisztika-flotta.jpg\" alt=\"Ghibli Logisztika - Flotta\" width=\"960\" height=\"640\" srcset=\"https:\/\/ghibli.hu\/wp-content\/uploads\/2026\/02\/ghibli-logisztika-flotta.jpg 960w, https:\/\/ghibli.hu\/wp-content\/uploads\/2026\/02\/ghibli-logisztika-flotta-300x200.jpg 300w\" sizes=\"(max-width: 960px) 100vw, 960px\" title=\"\"><\/p>\n<p>A val\u00f3s idej\u0171 adatok lehet\u0151v\u00e9 teszik a gyorsabb reag\u00e1l\u00e1st is. P\u00e9ld\u00e1ul, ha egy sz\u00e1ll\u00edtm\u00e1ny k\u00e9sik, azonnal \u00e1ttervezhet\u0151k az er\u0151forr\u00e1sok, vagy m\u00f3dos\u00edthat\u00f3 az \u00fatvonal. Emellett a digitaliz\u00e1lt folyamatok t\u00e1mogatj\u00e1k az el\u0151rejelz\u0151 elemz\u00e9st \u00e9s az automatiz\u00e1lt d\u00f6nt\u00e9shozatalt, \u00edgy olyan helyzetekben is gyors \u00e9s megalapozott v\u00e1laszt adhatnak, amikor kor\u00e1bban csak ut\u00f3lag lehetett reag\u00e1lni.<\/p>\n<p>A digitaliz\u00e1ci\u00f3 teh\u00e1t az adatszolg\u00e1ltat\u00e1son t\u00fal a logisztikai \u00fczemeltet\u00e9s egyik alappill\u00e9re, amely megalapozza a tervez\u00e9st, n\u00f6veli az \u00e1tl\u00e1that\u00f3s\u00e1got \u00e9s er\u0151s\u00edti a versenyk\u00e9pess\u00e9get.<\/p>\n<h2 class=\"wp-block-heading\">Fenntarthat\u00f3s\u00e1g, mint m\u0171k\u00f6d\u00e9si k\u00e9rd\u00e9s<\/h2>\n<p>A logisztika napjainkban m\u00e1r a fenntarthat\u00f3s\u00e1gr\u00f3l is sz\u00f3l, nemcsak a k\u00f6lts\u00e9g- \u00e9s id\u0151hat\u00e9konys\u00e1gr\u00f3l. A glob\u00e1lis logisztikai szektor a teljes \u00fcvegh\u00e1zhat\u00e1s\u00fa g\u00e1zkibocs\u00e1t\u00e1s kb. 8\u201310%-\u00e1\u00e9rt felel, \u00edgy az ell\u00e1t\u00e1si l\u00e1nc z\u00f6ld\u00edt\u00e9se rendk\u00edv\u00fcli szerepet kap a k\u00f6rnyezeti terhek cs\u00f6kkent\u00e9s\u00e9ben.<\/p>\n<p>Az olyan fenntarthat\u00f3 gyakorlatok bevezet\u00e9se, mint az elektromos vagy alternat\u00edv \u00fczem\u0171 j\u00e1rm\u0171vek alkalmaz\u00e1sa, a kibocs\u00e1t\u00e1st ak\u00e1r 50%-kal cs\u00f6kkentheti, m\u00edg a vas\u00fati sz\u00e1ll\u00edt\u00e1s v\u00e1laszt\u00e1sa az \u00fathaszn\u00e1lathoz k\u00e9pest ak\u00e1r 80%-os megtakar\u00edt\u00e1st is jelenthet.<\/p>\n<p>Emellett a v\u00e1llalatok 60\u201370%-a m\u00e1r figyelembe veszi a fenntarthat\u00f3s\u00e1gi mutat\u00f3kat a strat\u00e9giai d\u00f6nt\u00e9sekn\u00e9l, \u00e9s sokan konkr\u00e9t kibocs\u00e1t\u00e1s cs\u00f6kkent\u00e9si c\u00e9lokat t\u0171ztek ki 2030-ig. Magyarorsz\u00e1gon a v\u00e1llalatok t\u00f6bbs\u00e9ge ma m\u00e1r az ESG-elveket is be\u00e9p\u00edti a d\u00f6nt\u00e9shozatalba, \u00edgy a fenntarthat\u00f3s\u00e1g mellett a t\u00e1rsadalmi \u00e9s ir\u00e1ny\u00edt\u00e1si szempontok is meghat\u00e1roz\u00f3v\u00e1 v\u00e1ltak.<\/p>\n<h2 class=\"wp-block-heading\">Munkaer\u0151 \u00e9s szervezeti stabilit\u00e1s<\/h2>\n<p>A munkaer\u0151 k\u00e9rd\u00e9se tov\u00e1bbra is az egyik legnagyobb kih\u00edv\u00e1s a logisztikai szektorban. A kisz\u00e1m\u00edthat\u00f3 m\u0171k\u00f6d\u00e9shez a megfelel\u0151 infrastrukt\u00fara mellett j\u00f3l fel\u00e9p\u00edtett folyamatokra, egy\u00e9rtelm\u0171 felel\u0151ss\u00e9gi k\u00f6r\u00f6kre \u00e9s stabil szervezeti h\u00e1tt\u00e9rre is sz\u00fcks\u00e9g van.<\/p>\n<p>B\u00e1r a digitaliz\u00e1ci\u00f3 sok ter\u00fcleten seg\u00edti a napi m\u0171k\u00f6d\u00e9st, a technol\u00f3gia nem helyettes\u00edti a szak\u00e9rtelmet \u00e9s a tapasztalatot. A d\u00f6nt\u00e9sek min\u0151s\u00e9ge, a probl\u00e9m\u00e1k gyors kezel\u00e9se \u00e9s az \u00fcgyfelekkel val\u00f3 egy\u00fcttm\u0171k\u00f6d\u00e9s tov\u00e1bbra is az embereken m\u00falik, ez\u00e9rt az emberi t\u00e9nyez\u0151 meghat\u00e1roz\u00f3 szerepet j\u00e1tszik abban, hogyan alakul a logisztika 2026-ban.<\/p>\n<p>A k\u00f6vetkez\u0151 \u00e9vekben az lesz a k\u00e9rd\u00e9s, hogy mely logisztikai v\u00e1llalat k\u00e9pes val\u00f3di stabilit\u00e1st teremteni egy folyamatosan v\u00e1ltoz\u00f3 k\u00f6rnyezetben. A kisz\u00e1m\u00edthat\u00f3s\u00e1g, a rugalmass\u00e1g \u00e9s a felel\u0151s m\u0171k\u00f6d\u00e9s egy\u00fctt adj\u00e1k azt a bizalmi alapot, amelyre hossz\u00fa t\u00e1von lehet \u00e9p\u00edteni. Ebben a szeml\u00e9letben v\u00e1lik a logisztika 2026-ban nemcsak kiszolg\u00e1l\u00f3 folyamatt\u00e1, hanem olyan strat\u00e9giai t\u00e9nyez\u0151v\u00e9, amely csendben, m\u00e9gis meghat\u00e1roz\u00f3 m\u00f3don form\u00e1lja a v\u00e1llalatok j\u00f6v\u0151j\u00e9t.<\/p>\n<\/div><\/div><\/div><\/div><\/div><\/div><\/section>","protected":false},"excerpt":{"rendered":"A versenyk\u00e9pes logisztika 2026-ban m\u00e1r t\u00falmutat egy h\u00e1tt\u00e9rben m\u0171k\u00f6d\u0151 folyamatn\u00e1l. Jellemz\u0151en meghat\u00e1rozza a v\u00e1llalatok hat\u00e9konys\u00e1g\u00e1t, k\u00f6lts\u00e9geit \u00e9s versenyk\u00e9pess\u00e9g\u00e9t is, hiszen olyan k\u00f6rnyezetben m\u0171k\u00f6dik, ahol a digitaliz\u00e1ci\u00f3, a fenntarthat\u00f3s\u00e1g \u00e9s a gyors alkalmazkod\u00e1s nem el\u0151nyt, hanem alapelv\u00e1r\u00e1st jelent. \u00c9ppen ez\u00e9rt most \u00e9s a j\u00f6v\u0151ben is azon logisztikai v\u00e1llalatok maradhatnak igaz\u00e1n versenyben, akik id\u0151ben felismerik mindezt, \u00e9s...","protected":false},"author":4,"featured_media":8259,"comment_status":"closed","ping_status":"closed","sticky":false,"template":"","format":"standard","meta":{"_acf_changed":false,"footnotes":""},"categories":[40],"tags":[46,104,124,93,76,134],"class_list":["post-8258","post","type-post","status-publish","format-standard","has-post-thumbnail","hentry","category-blog","tag-aruszallitas","tag-ghibli","tag-ghibli-logisztika","tag-logisztika","tag-nemzetkozi-szallitmanyozas","tag-versenykepes-logisztika"],"acf":[],"_links":{"self":[{"href":"https:\/\/ghibli.hu\/en\/wp-json\/wp\/v2\/posts\/8258","targetHints":{"allow":["GET"]}}],"collection":[{"href":"https:\/\/ghibli.hu\/en\/wp-json\/wp\/v2\/posts"}],"about":[{"href":"https:\/\/ghibli.hu\/en\/wp-json\/wp\/v2\/types\/post"}],"author":[{"embeddable":true,"href":"https:\/\/ghibli.hu\/en\/wp-json\/wp\/v2\/users\/4"}],"replies":[{"embeddable":true,"href":"https:\/\/ghibli.hu\/en\/wp-json\/wp\/v2\/comments?post=8258"}],"version-history":[{"count":1,"href":"https:\/\/ghibli.hu\/en\/wp-json\/wp\/v2\/posts\/8258\/revisions"}],"predecessor-version":[{"id":8317,"href":"https:\/\/ghibli.hu\/en\/wp-json\/wp\/v2\/posts\/8258\/revisions\/8317"}],"wp:featuredmedia":[{"embeddable":true,"href":"https:\/\/ghibli.hu\/en\/wp-json\/wp\/v2\/media\/8259"}],"wp:attachment":[{"href":"https:\/\/ghibli.hu\/en\/wp-json\/wp\/v2\/media?parent=8258"}],"wp:term":[{"taxonomy":"category","embeddable":true,"href":"https:\/\/ghibli.hu\/en\/wp-json\/wp\/v2\/categories?post=8258"},{"taxonomy":"post_tag","embeddable":true,"href":"https:\/\/ghibli.hu\/en\/wp-json\/wp\/v2\/tags?post=8258"}],"curies":[{"name":"wp","href":"https:\/\/api.w.org\/{rel}","templated":true}]}}