{"id":8315,"date":"2026-02-17T13:41:12","date_gmt":"2026-02-17T12:41:12","guid":{"rendered":"https:\/\/ghibli.hu\/?p=8315"},"modified":"2026-02-17T13:43:03","modified_gmt":"2026-02-17T12:43:03","slug":"szezonalis-termekek-raktarozasa","status":"publish","type":"post","link":"https:\/\/ghibli.hu\/en\/blog\/szezonalis-termekek-raktarozasa\/","title":{"rendered":"A szezon\u00e1lis term\u00e9kek rakt\u00e1roz\u00e1sa &#8211; kih\u00edv\u00e1sok \u00e9s hat\u00e9kony megold\u00e1sok"},"content":{"rendered":"<section class=\"l-section wpb_row height_large\"><div class=\"l-section-h i-cf\"><div class=\"g-cols vc_row via_grid cols_1 laptops-cols_inherit tablets-cols_inherit mobiles-cols_1 valign_top type_default stacking_default\"><div class=\"wpb_column vc_column_container\"><div class=\"vc_column-inner\"><div class=\"wpb_text_column\"><div class=\"wpb_wrapper\"><p><strong>A szezon\u00e1lis term\u00e9kek rakt\u00e1roz\u00e1sa nem egyszer\u0171en egy t\u00e1rol\u00e1si feladat. Ann\u00e1l sokkal t\u00f6bb. Komoly logisztikai kih\u00edv\u00e1st jelent, melyhez el\u0151rel\u00e1t\u00f3 tervez\u00e9s \u00e9s rugalmas megold\u00e1sok sz\u00fcks\u00e9gesek. Hiszen egy-egy kiemeltebb id\u0151szak egyetlen pillanat alatt k\u00e9pes felforgatni a rakt\u00e1rak m\u0171k\u00f6d\u00e9s\u00e9t. Megfelel\u0151 strat\u00e9gi\u00e1val azonban a szezon\u00e1lis cs\u00facsid\u0151szakok nem probl\u00e9m\u00e1t, hanem val\u00f3di \u00fczleti lehet\u0151s\u00e9get jelenthetnek.<\/strong><\/p>\n<p>Szinte minden \u00e1gazatban vannak olyan peri\u00f3dusok, amikor az \u00e1rumennyis\u00e9g hirtelen megugrik, majd vissza\u00e1ll a megszokott szintre. A szezon\u00e1lis \u00e1rucikkek alatt azokat a term\u00e9keket \u00e9rtj\u00fck, amelyek ir\u00e1nt az \u00e9v bizonyos szakaszaiban kiemelked\u0151en megn\u0151 a kereslet. Tipikusan ilyenek p\u00e9ld\u00e1ul:<\/p>\n<ul>\n<li>\u00fcnnepi \u00e9s aj\u00e1nd\u00e9k jelleg\u0171 term\u00e9kek (kar\u00e1csonyi dekor\u00e1ci\u00f3k, h\u00fasv\u00e9ti \u00e1ruk),<\/li>\n<li>divatcikkek \u00e9s szezon\u00e1lis kollekci\u00f3k,<\/li>\n<li>iskolakezd\u00e9si term\u00e9kek, tanszerek,<\/li>\n<li>kerti \u00e9s bark\u00e1cseszk\u00f6z\u00f6k,<\/li>\n<li>sport- \u00e9s szabadid\u0151s felszerel\u00e9sek,<\/li>\n<li>\u00e9lelmiszeripari \u00e9s italterm\u00e9kek, amelyek id\u0151szakosan keresettek.<\/li>\n<\/ul>\n<p>Ezekn\u00e9l az \u00e1rukn\u00e1l a rakt\u00e1roz\u00e1si ig\u00e9nyek gyakran kisz\u00e1m\u00edthatatlanul v\u00e1ltoznak, mert r\u00f6vid id\u0151 alatt kell nagy mennyis\u00e9get bet\u00e1rolni, majd gyorsan \u00e9s pontosan kiszolg\u00e1lni a megrendel\u00e9seket, ami kih\u00edv\u00e1sokhoz vezethet.<\/p>\n<p><!-- \/wp:post-content --><\/p>\n<p>&nbsp;<\/p>\n<p><!-- wp:heading --><\/p>\n<h2 class=\"wp-block-heading\">A szezon\u00e1lis term\u00e9kek rakt\u00e1roz\u00e1s\u00e1nak f\u0151 kih\u00edv\u00e1sai<\/h2>\n<p>A cs\u00facsid\u0151szakok sz\u00e1mos olyan kih\u00edv\u00e1st hoznak magukkal, amelyeket hagyom\u00e1nyos rakt\u00e1ri m\u0171k\u00f6d\u00e9ssel neh\u00e9z kezelni. Gyakran jelentkezik kapacit\u00e1shi\u00e1ny, mivel r\u00f6vid id\u0151 alatt nagy mennyis\u00e9g\u0171 \u00e1ru \u00e9rkezik, ami k\u00f6nnyen helyhi\u00e1nyhoz \u00e9s zs\u00fafolts\u00e1ghoz vezet. Ezzel p\u00e1rhuzamosan fenn\u00e1ll a t\u00falzott k\u00e9szletfelhalmoz\u00e1s vesz\u00e9lye is, ami felesleges k\u00f6lts\u00e9geket \u00e9s nehezen kezelhet\u0151 rakt\u00e1rk\u00e9szletet eredm\u00e9nyezhet.<\/p>\n<p>Mindemellett a szezon\u00e1lis term\u00e9kek rakt\u00e1roz\u00e1sa miatt a megn\u00f6vekedett forgalom \u00e1tmeneti munkaer\u0151ig\u00e9nyt teremt, amit nem egyszer\u0171 gyorsan \u00e9s hat\u00e9konyan biztos\u00edtani. K\u00f6zben az \u00fcgyfelek r\u00e9sz\u00e9r\u0151l egyre er\u0151sebb a gyors kisz\u00e1ll\u00edt\u00e1si elv\u00e1r\u00e1s, ami pontos szervez\u00e9st \u00e9s j\u00f3l m\u0171k\u00f6d\u0151 folyamatokat k\u00f6vetel meg. A szezon v\u00e9g\u00e9n pedig \u00fajabb probl\u00e9ma jelentkezik. Az eladatlan k\u00e9szleteket kezelni, vissz\u00e1ruzni vagy hosszabb t\u00e1von t\u00e1rolni kell.<\/p>\n<p>Ez\u00e9rt is fontos, hogy hat\u00e9kony megold\u00e1sra tegy\u00fcnk szert, ami nemcsak egyszer\u0171 t\u00e1rol\u00e1st, hanem komplex logisztikai tervez\u00e9st jelent.<\/p>\n<p><img decoding=\"async\" class=\"alignnone wp-image-7804 size-large\" src=\"https:\/\/ghibli.hu\/wp-content\/uploads\/2025\/09\/debrecen-raktarberles-1024x683.jpg\" alt=\"Debrecen rakt\u00e1rb\u00e9rl\u00e9s\" width=\"1024\" height=\"683\" srcset=\"https:\/\/ghibli.hu\/wp-content\/uploads\/2025\/09\/debrecen-raktarberles-1024x683.jpg 1024w, https:\/\/ghibli.hu\/wp-content\/uploads\/2025\/09\/debrecen-raktarberles-300x200.jpg 300w, https:\/\/ghibli.hu\/wp-content\/uploads\/2025\/09\/debrecen-raktarberles.jpg 1500w\" sizes=\"(max-width: 1024px) 100vw, 1024px\" title=\"\"><\/p>\n<h2>Gyakorlati megold\u00e1sok a szezon\u00e1lis id\u0151szakokra<\/h2>\n<p>A szezon\u00e1lis term\u00e9kek rakt\u00e1roz\u00e1sa sor\u00e1n az egyik legfontosabb megold\u00e1s a rugalmas kapacit\u00e1sb\u0151v\u00edt\u00e9s. Ez lehet ideiglenes rakt\u00e1rter\u00fcletek bevon\u00e1sa vagy k\u00fcls\u0151 rakt\u00e1rszolg\u00e1ltat\u00e1s ig\u00e9nybev\u00e9tele, amely lehet\u0151v\u00e9 teszi a gyors alkalmazkod\u00e1st a megn\u00f6vekedett \u00e1rumennyis\u00e9ghez.<\/p>\n<p>Fontos tov\u00e1bb\u00e1 az el\u0151re tervezett k\u00e9szletmenedzsment is. A pontos \u00e9rt\u00e9kes\u00edt\u00e9si el\u0151rejelz\u00e9sek \u00e9s az \u00fctemezett besz\u00e1ll\u00edt\u00e1sok seg\u00edtenek elker\u00fclni a t\u00falzott felhalmoz\u00e1st \u00e9s a helyhi\u00e1nyt. Az ideiglenes t\u00e1rol\u00e1si megold\u00e1sok \u2013 p\u00e9ld\u00e1ul szezon\u00e1lis b\u00e9rt\u00e1rol\u00e1s \u2013 rugalmas alternat\u00edv\u00e1t k\u00edn\u00e1lnak an\u00e9lk\u00fcl, hogy hossz\u00fa t\u00e1v\u00fa k\u00f6telezetts\u00e9get jelenten\u00e9nek.<\/p>\n<p>A gyors \u00e1rumozgat\u00e1si folyamatok, a modern nyomon k\u00f6vet\u00e9si rendszerek \u00e9s az \u00e1tl\u00e1that\u00f3 k\u00e9szletkezel\u00e9s pedig biztos\u00edtj\u00e1k, hogy a megn\u00f6vekedett rendel\u00e9ssz\u00e1m mellett is pontos \u00e9s hat\u00e9kony maradjon a kiszolg\u00e1l\u00e1s.<\/p>\n<p>Megfelel\u0151 logisztikai h\u00e1tt\u00e9rrel a szezon nem kock\u00e1zat, hanem val\u00f3di \u00fczleti lehet\u0151s\u00e9g, amely n\u00f6veked\u00e9st \u00e9s el\u00e9gedett \u00fcgyfeleket hozhat.<\/p>\n<h2 class=\"wp-block-heading\">Mikor \u00e9rdemes kiszervezni a szezon\u00e1lis rakt\u00e1roz\u00e1st?<\/h2>\n<p>Amikor a megrendel\u00e9sek hirtelen megugranak, \u00e9s a megl\u00e9v\u0151 kapacit\u00e1sok m\u00e1r nem elegend\u0151k, akkor \u00e9rdemes elgondolkodni a rakt\u00e1roz\u00e1s kiszervez\u00e9s\u00e9n. Tipikus ilyen helyzet a kamp\u00e1nyok el\u0151tti felfut\u00e1s, az \u00e1tmeneti rakt\u00e1rhi\u00e1ny, \u00faj exportpiacok megjelen\u00e9se vagy a bonyolult v\u00e1m- \u00e9s sz\u00e1ll\u00edt\u00e1si feladatok. Er\u0151sen ingadoz\u00f3 rendel\u00e9s\u00e1llom\u00e1ny eset\u00e9n a k\u00fcls\u0151 logisztikai partner stabil \u00e9s rugalmas megold\u00e1st k\u00edn\u00e1l.<\/p>\n<p>A szezon\u00e1lis term\u00e9kek rakt\u00e1roz\u00e1sa akkor m\u0171k\u00f6dik igaz\u00e1n hat\u00e9konyan, ha el\u0151rel\u00e1t\u00f3 tervez\u00e9s \u00e9s rugalmas logisztikai h\u00e1tt\u00e9r \u00e1ll m\u00f6g\u00f6tte. Megfelel\u0151 szakmai partnerrel pedig a cs\u00facsid\u0151szakok sem jelentenek kock\u00e1zatot, csak kisz\u00e1m\u00edthat\u00f3 \u00fczleti lehet\u0151s\u00e9get.<\/p>\n<p>Ez\u00e9rt, ha az \u00d6n c\u00e9ge is k\u00fczd a szezon id\u0151szakok kih\u00edv\u00e1saival \u00e9s szeretn\u00e9 egy magasabb szintre emelni a v\u00e1llalat m\u0171k\u00f6d\u00e9s\u00e9t, akkor b\u00e1tran <a href=\"https:\/\/ghibli.hu\/\" target=\"_blank\" rel=\"noopener\">vegye fel vel\u00fcnk a kapcsolatot<\/a>, \u00e9s tal\u00e1ljuk meg egy\u00fctt az ide\u00e1lis megold\u00e1st!<\/p>\n<\/div><\/div><\/div><\/div><\/div><\/div><\/section>","protected":false},"excerpt":{"rendered":"A szezon\u00e1lis term\u00e9kek rakt\u00e1roz\u00e1sa nem egyszer\u0171en egy t\u00e1rol\u00e1si feladat. Ann\u00e1l sokkal t\u00f6bb. Komoly logisztikai kih\u00edv\u00e1st jelent, melyhez el\u0151rel\u00e1t\u00f3 tervez\u00e9s \u00e9s rugalmas megold\u00e1sok sz\u00fcks\u00e9gesek. Hiszen egy-egy kiemeltebb id\u0151szak egyetlen pillanat alatt k\u00e9pes felforgatni a rakt\u00e1rak m\u0171k\u00f6d\u00e9s\u00e9t. Megfelel\u0151 strat\u00e9gi\u00e1val azonban a szezon\u00e1lis cs\u00facsid\u0151szakok nem probl\u00e9m\u00e1t, hanem val\u00f3di \u00fczleti lehet\u0151s\u00e9get jelenthetnek. Szinte minden \u00e1gazatban vannak olyan peri\u00f3dusok, amikor...","protected":false},"author":4,"featured_media":960,"comment_status":"closed","ping_status":"closed","sticky":false,"template":"","format":"standard","meta":{"_acf_changed":false,"footnotes":""},"categories":[40],"tags":[46,104,124,93,76,135],"class_list":["post-8315","post","type-post","status-publish","format-standard","has-post-thumbnail","hentry","category-blog","tag-aruszallitas","tag-ghibli","tag-ghibli-logisztika","tag-logisztika","tag-nemzetkozi-szallitmanyozas","tag-szezonalis-termek"],"acf":[],"_links":{"self":[{"href":"https:\/\/ghibli.hu\/en\/wp-json\/wp\/v2\/posts\/8315","targetHints":{"allow":["GET"]}}],"collection":[{"href":"https:\/\/ghibli.hu\/en\/wp-json\/wp\/v2\/posts"}],"about":[{"href":"https:\/\/ghibli.hu\/en\/wp-json\/wp\/v2\/types\/post"}],"author":[{"embeddable":true,"href":"https:\/\/ghibli.hu\/en\/wp-json\/wp\/v2\/users\/4"}],"replies":[{"embeddable":true,"href":"https:\/\/ghibli.hu\/en\/wp-json\/wp\/v2\/comments?post=8315"}],"version-history":[{"count":1,"href":"https:\/\/ghibli.hu\/en\/wp-json\/wp\/v2\/posts\/8315\/revisions"}],"predecessor-version":[{"id":8316,"href":"https:\/\/ghibli.hu\/en\/wp-json\/wp\/v2\/posts\/8315\/revisions\/8316"}],"wp:featuredmedia":[{"embeddable":true,"href":"https:\/\/ghibli.hu\/en\/wp-json\/wp\/v2\/media\/960"}],"wp:attachment":[{"href":"https:\/\/ghibli.hu\/en\/wp-json\/wp\/v2\/media?parent=8315"}],"wp:term":[{"taxonomy":"category","embeddable":true,"href":"https:\/\/ghibli.hu\/en\/wp-json\/wp\/v2\/categories?post=8315"},{"taxonomy":"post_tag","embeddable":true,"href":"https:\/\/ghibli.hu\/en\/wp-json\/wp\/v2\/tags?post=8315"}],"curies":[{"name":"wp","href":"https:\/\/api.w.org\/{rel}","templated":true}]}}