{"id":8318,"date":"2026-02-18T10:18:27","date_gmt":"2026-02-18T09:18:27","guid":{"rendered":"https:\/\/ghibli.hu\/?p=8318"},"modified":"2026-02-18T10:18:27","modified_gmt":"2026-02-18T09:18:27","slug":"ebes-raktarcsarnok-ghibli","status":"publish","type":"post","link":"https:\/\/ghibli.hu\/en\/blog\/ebes-raktarcsarnok-ghibli\/","title":{"rendered":"Ebesen megnyitott a Ghibli \u00faj logisztikai csom\u00f3pontja"},"content":{"rendered":"<section class=\"l-section wpb_row height_large\"><div class=\"l-section-h i-cf\"><div class=\"g-cols vc_row via_grid cols_1 laptops-cols_inherit tablets-cols_inherit mobiles-cols_1 valign_top type_default stacking_default\"><div class=\"wpb_column vc_column_container\"><div class=\"vc_column-inner\"><div class=\"wpb_text_column\"><div class=\"wpb_wrapper\"><p><strong>\u00dajabb lend\u00fcletet kapott a Debrecen t\u00e9rs\u00e9g\u00e9ben zajl\u00f3 gazdas\u00e1gi b\u0151v\u00fcl\u00e9s: a Ghibli C\u00e9gcsoport Ebesen adta \u00e1t leg\u00fajabb logisztikai k\u00f6zpontj\u00e1t. A beruh\u00e1z\u00e1s t\u00falmutat egy egyszer\u0171 kapacit\u00e1sb\u0151v\u00edt\u00e9sen &#8211; egy\u00e9rtelm\u0171 jelz\u00e9s arr\u00f3l, hogy Kelet-Magyarorsz\u00e1g egyre meghat\u00e1roz\u00f3bb szerepl\u0151v\u00e9 v\u00e1lik az ipari termel\u00e9s \u00e9s a nemzetk\u00f6zi ell\u00e1t\u00e1si l\u00e1ncok t\u00e9rk\u00e9p\u00e9n.<\/strong><\/p>\n<h2>Egy tudatosan v\u00e1lasztott helysz\u00edn<\/h2>\n<p>Ebes az elm\u00falt \u00e9vekben szinte \u00f6sszen\u0151tt Debrecen ipari \u00f6vezet\u00e9vel. A telep\u00fcl\u00e9s elhelyezked\u00e9se kulcsfontoss\u00e1g\u00fa: az M35-\u00f6s aut\u00f3p\u00e1lya k\u00f6zels\u00e9ge, a vas\u00fati kapcsolatok, valamint a Debreceni Nemzetk\u00f6zi Rep\u00fcl\u0151t\u00e9r \u00e9s az \u00faj aut\u00f3ipari beruh\u00e1z\u00e1sok mind olyan t\u00e9nyez\u0151k, amelyek logisztikai szempontb\u00f3l kiemelt jelent\u0151s\u00e9g\u0171v\u00e9 teszik a t\u00e9rs\u00e9get. Ez a f\u00f6ldrajzi poz\u00edci\u00f3 ide\u00e1lis felt\u00e9teleket biztos\u00edt a nemzetk\u00f6zi ell\u00e1t\u00e1si l\u00e1ncok hat\u00e9kony kiszolg\u00e1l\u00e1s\u00e1hoz.<\/p>\n<p>Az \u00faj, mintegy 11.500 n\u00e9gyzetm\u00e9teres, korszer\u0171 csarnok pontosan erre a dinamikusan n\u00f6vekv\u0151 ipari h\u00e1tt\u00e9rre \u00e9p\u00edt. A l\u00e9tes\u00edtm\u00e9ny alkalmas nagy volumen\u0171 rakt\u00e1roz\u00e1sra, \u00e1rukezel\u00e9sre \u00e9s hozz\u00e1adott \u00e9rt\u00e9k\u0171 logisztikai szolg\u00e1ltat\u00e1sok ny\u00fajt\u00e1s\u00e1ra is.<\/p>\n<h2 class=\"wp-block-heading\">Nemzetk\u00f6zi partners\u00e9gben megval\u00f3sult fejleszt\u00e9s<\/h2>\n<p>Az ingatlanfejleszt\u00e9st a belga h\u00e1tter\u0171 Weerts Logistics Parks (WLP) val\u00f3s\u00edtotta meg. A projekt k\u00fcl\u00f6n \u00e9rdekess\u00e9ge, hogy spekulat\u00edv beruh\u00e1z\u00e1sk\u00e9nt indult, vagyis a csarnokot el\u0151zetes b\u00e9rl\u0151 n\u00e9lk\u00fcl \u00e9p\u00edtett\u00e9k fel \u2013 ami er\u0151s bizalmat t\u00fckr\u00f6z a r\u00e9gi\u00f3 gazdas\u00e1gi kil\u00e1t\u00e1sai ir\u00e1nt.<\/p>\n<p>Az \u00faj l\u00e9tes\u00edtm\u00e9ny els\u0151 jelent\u0151s partnere a Ghibli lett, amely tov\u00e1bb b\u0151v\u00edti \u00edgy kelet- magyarorsz\u00e1gi jelenl\u00e9t\u00e9t \u00e9s kapacit\u00e1sait. A v\u00e1llalat debreceni \u00e9s ebesi rakt\u00e1rter\u00fclete egy\u00fctt m\u00e1r meghaladja az 55 ezer n\u00e9gyzetm\u00e9tert.<\/p>\n<h2><img decoding=\"async\" class=\"alignnone wp-image-8319 size-full\" src=\"https:\/\/ghibli.hu\/wp-content\/uploads\/2026\/02\/ebes-raktarcsarnok-logisztika-Ghibli_20260212_-008.jpg\" alt=\"Ebes rakt\u00e1rcsarnok - Ghibli C\u00e9gcsoport\" width=\"1000\" height=\"563\" srcset=\"https:\/\/ghibli.hu\/wp-content\/uploads\/2026\/02\/ebes-raktarcsarnok-logisztika-Ghibli_20260212_-008.jpg 1000w, https:\/\/ghibli.hu\/wp-content\/uploads\/2026\/02\/ebes-raktarcsarnok-logisztika-Ghibli_20260212_-008-300x169.jpg 300w\" sizes=\"(max-width: 1000px) 100vw, 1000px\" title=\"\"><\/h2>\n<h2>A r\u00e9gi\u00f3 gazdas\u00e1gi er\u0151s\u00f6d\u00e9s\u00e9nek \u00fajabb jele<\/h2>\n<p>Az elm\u00falt \u00e9vekben Debrecen \u00e9s t\u00e9rs\u00e9ge az orsz\u00e1g egyik legdinamikusabban fejl\u0151d\u0151 ipari k\u00f6zpontj\u00e1v\u00e1 v\u00e1lt. Az aut\u00f3ipari \u00e9s akkumul\u00e1toripari beruh\u00e1z\u00e1sok, valamint a kapcsol\u00f3d\u00f3 besz\u00e1ll\u00edt\u00f3i h\u00e1l\u00f3zat ki\u00e9p\u00fcl\u00e9se jelent\u0151s logisztikai ig\u00e9nyt gener\u00e1l.<\/p>\n<p>Ebben a k\u00f6rnyezetben az ebesi k\u00f6zpont nem csup\u00e1n egy \u00faj rakt\u00e1r\u00e9p\u00fclet, hanem egy olyan infrastrukt\u00fara-elem, amely a t\u00e9rs\u00e9g versenyk\u00e9pess\u00e9g\u00e9t n\u00f6veli. A modern csarnok lehet\u0151s\u00e9get biztos\u00edt rakt\u00e1roz\u00e1sra, komissi\u00f3z\u00e1sra, csomagol\u00e1sra \u00e9s egy\u00e9b hozz\u00e1adott \u00e9rt\u00e9k\u0171 logisztikai szolg\u00e1ltat\u00e1sokra is.<\/p>\n<h2 class=\"wp-block-heading\">Hossz\u00fa t\u00e1v\u00fa strat\u00e9giai \u00e9p\u00edtkez\u00e9s<\/h2>\n<p>A Ghibli 1996 \u00f3ta m\u0171k\u00f6dik, \u00e9s az elm\u00falt \u00e9vtizedekben fokozatosan \u00e9p\u00edtette ki orsz\u00e1gos \u00e9s nemzetk\u00f6zi jelenl\u00e9t\u00e9t. Az ebesi beruh\u00e1z\u00e1s j\u00f3l illeszkedik abba a strat\u00e9gi\u00e1ba, amely a region\u00e1lis logisztikai csom\u00f3pontok er\u0151s\u00edt\u00e9s\u00e9re \u00e9p\u00edt.<\/p>\n<p><img decoding=\"async\" class=\"alignnone wp-image-8320 size-full\" src=\"https:\/\/ghibli.hu\/wp-content\/uploads\/2026\/02\/ebes-raktarcsarnok-logisztika-Ghibli_20260212_-053.jpg\" alt=\"Ebes rakt\u00e1rcsarnok - Ghibli C\u00e9gcsoport\" width=\"1000\" height=\"667\" srcset=\"https:\/\/ghibli.hu\/wp-content\/uploads\/2026\/02\/ebes-raktarcsarnok-logisztika-Ghibli_20260212_-053.jpg 1000w, https:\/\/ghibli.hu\/wp-content\/uploads\/2026\/02\/ebes-raktarcsarnok-logisztika-Ghibli_20260212_-053-300x200.jpg 300w\" sizes=\"(max-width: 1000px) 100vw, 1000px\" title=\"\"><\/p>\n<p>A fejleszt\u00e9s egy\u00e9rtelm\u0171 \u00fczenete: Kelet-Magyarorsz\u00e1g m\u00e1r nem csup\u00e1n ipari termel\u00e9si b\u00e1zis, hanem egyre ink\u00e1bb \u00f6n\u00e1ll\u00f3 logisztikai k\u00f6zpontt\u00e1 is v\u00e1lik K\u00f6z\u00e9p-Eur\u00f3p\u00e1ban. A Ghibli \u00e9s partnere beruh\u00e1z\u00e1sa pedig azt mutatja, hogy a t\u00e9rs\u00e9g k\u00e9szen \u00e1ll arra, hogy stabil szerepl\u0151v\u00e9 v\u00e1ljon az eur\u00f3pai \u00e1ruforgalomban.<\/p>\n<p>Az \u00faj csarnok \u00e1tad\u00e1sa teh\u00e1t nem csup\u00e1n egy \u00faj \u00e9p\u00fclet felavat\u00e1sa, hanem egy \u00fajabb l\u00e9p\u00e9s a debreceni r\u00e9gi\u00f3 gazdas\u00e1gi t\u00e9rk\u00e9p\u00e9nek \u00e1trajzol\u00e1s\u00e1ban \u00e9s fejleszt\u00e9s\u00e9ben.<\/p>\n<\/div><\/div><\/div><\/div><\/div><\/div><\/section>","protected":false},"excerpt":{"rendered":"\u00dajabb lend\u00fcletet kapott a Debrecen t\u00e9rs\u00e9g\u00e9ben zajl\u00f3 gazdas\u00e1gi b\u0151v\u00fcl\u00e9s: a Ghibli C\u00e9gcsoport Ebesen adta \u00e1t leg\u00fajabb logisztikai k\u00f6zpontj\u00e1t. A beruh\u00e1z\u00e1s t\u00falmutat egy egyszer\u0171 kapacit\u00e1sb\u0151v\u00edt\u00e9sen &#8211; egy\u00e9rtelm\u0171 jelz\u00e9s arr\u00f3l, hogy Kelet-Magyarorsz\u00e1g egyre meghat\u00e1roz\u00f3bb szerepl\u0151v\u00e9 v\u00e1lik az ipari termel\u00e9s \u00e9s a nemzetk\u00f6zi ell\u00e1t\u00e1si l\u00e1ncok t\u00e9rk\u00e9p\u00e9n. Egy tudatosan v\u00e1lasztott helysz\u00edn Ebes az elm\u00falt \u00e9vekben szinte \u00f6sszen\u0151tt Debrecen ipari...","protected":false},"author":4,"featured_media":8321,"comment_status":"closed","ping_status":"closed","sticky":false,"template":"","format":"standard","meta":{"_acf_changed":false,"footnotes":""},"categories":[40],"tags":[46,136,104,124,93,76,137],"class_list":["post-8318","post","type-post","status-publish","format-standard","has-post-thumbnail","hentry","category-blog","tag-aruszallitas","tag-ebes","tag-ghibli","tag-ghibli-logisztika","tag-logisztika","tag-nemzetkozi-szallitmanyozas","tag-raktarcsarnok"],"acf":[],"_links":{"self":[{"href":"https:\/\/ghibli.hu\/en\/wp-json\/wp\/v2\/posts\/8318","targetHints":{"allow":["GET"]}}],"collection":[{"href":"https:\/\/ghibli.hu\/en\/wp-json\/wp\/v2\/posts"}],"about":[{"href":"https:\/\/ghibli.hu\/en\/wp-json\/wp\/v2\/types\/post"}],"author":[{"embeddable":true,"href":"https:\/\/ghibli.hu\/en\/wp-json\/wp\/v2\/users\/4"}],"replies":[{"embeddable":true,"href":"https:\/\/ghibli.hu\/en\/wp-json\/wp\/v2\/comments?post=8318"}],"version-history":[{"count":2,"href":"https:\/\/ghibli.hu\/en\/wp-json\/wp\/v2\/posts\/8318\/revisions"}],"predecessor-version":[{"id":8323,"href":"https:\/\/ghibli.hu\/en\/wp-json\/wp\/v2\/posts\/8318\/revisions\/8323"}],"wp:featuredmedia":[{"embeddable":true,"href":"https:\/\/ghibli.hu\/en\/wp-json\/wp\/v2\/media\/8321"}],"wp:attachment":[{"href":"https:\/\/ghibli.hu\/en\/wp-json\/wp\/v2\/media?parent=8318"}],"wp:term":[{"taxonomy":"category","embeddable":true,"href":"https:\/\/ghibli.hu\/en\/wp-json\/wp\/v2\/categories?post=8318"},{"taxonomy":"post_tag","embeddable":true,"href":"https:\/\/ghibli.hu\/en\/wp-json\/wp\/v2\/tags?post=8318"}],"curies":[{"name":"wp","href":"https:\/\/api.w.org\/{rel}","templated":true}]}}